{"id":37572,"date":"2025-08-10T06:00:14","date_gmt":"2025-08-10T06:00:14","guid":{"rendered":"https:\/\/www.europesays.com\/es\/37572\/"},"modified":"2025-08-10T06:00:14","modified_gmt":"2025-08-10T06:00:14","slug":"la-aemet-activa-avisos-por-calor-en-casi-toda-espana-este-domingo-con-maximas-de-hasta-45-c-sociedad","status":"publish","type":"post","link":"https:\/\/www.europesays.com\/es\/37572\/","title":{"rendered":"La AEMET activa avisos por calor en casi toda Espa\u00f1a este domingo, con m\u00e1ximas de hasta 45\u202f\u00b0C | Sociedad"},"content":{"rendered":"<p class=\"loc\">Madrid<\/p>\n<p>Un total de 44 provincias estar\u00e1n este domingo en aviso por altas temperaturas, seg\u00fan la previsi\u00f3n de la Agencia Estatal de Meteorolog\u00eda (AEMET). De ellas, 22 alcanzar\u00e1n el nivel naranja, mientras que varias zonas de las islas Canarias \u2014Gran Canaria, Lanzarote, Fuerteventura y Tenerife\u2014 permanecer\u00e1n en nivel rojo por calor extremo con temperaturas que podr\u00edan superar con creces los 40 grados.<\/p>\n<p>La segunda ola de calor del verano ha irrumpido con fuerza en Espa\u00f1a, impulsada por una masa de aire c\u00e1lido procedente del norte de \u00c1frica y un bloqueo anticicl\u00f3nico sobre la pen\u00ednsula. Las temperaturas superar\u00e1n los 35\u202f\u00b0C en gran parte del pa\u00eds, incluyendo la Pen\u00ednsula, Canarias y Baleares. En zonas del sur peninsular y del archipi\u00e9lago canario se prev\u00e9n m\u00e1ximas de hasta 45\u202f\u00b0C, especialmente en los valles del Guadalquivir, Guadiana y Tajo.<\/p>\n<p>Los avisos de nivel naranja afectar\u00e1n a zonas como La Palma, La Gomera y El Hierro; la Ribera del Ebro en La Rioja y Navarra; la Sierra de Madrid y \u00e1reas metropolitanas; Lugo y Ourense; Badajoz y C\u00e1ceres; Girona y Lleida; Ciudad Real y Toledo; \u00c1vila, Le\u00f3n, Valladolid y Zamora; Cantabria del Ebro; Huesca y Zaragoza; y C\u00f3rdoba, Ja\u00e9n y Sevilla.<\/p>\n<p>El resto de provincias en aviso por calor incluyen C\u00e1diz, Granada y Huelva; Teruel; zonas de Asturias y los Picos de Europa; Mallorca; Li\u00e9bana; Burgos, Palencia, Salamanca, Segovia y Soria; Albacete, Cuenca y Guadalajara; Barcelona y Tarragona; A Coru\u00f1a y Pontevedra; el Pirineo navarro; \u00c1lava, Guip\u00fazcoa y Vizcaya; e Ib\u00e9rica riojana.<\/p>\n<p>Avisos tambi\u00e9n por polvo en suspensi\u00f3n<\/p>\n<p>Adem\u00e1s, se ha activado aviso por polvo en suspensi\u00f3n en Gran Canaria, Lanzarote y Fuerteventura, y por tormentas en Barcelona. La AEMET prev\u00e9 una jornada de estabilidad atmosf\u00e9rica generalizada, con cielos poco nubosos o despejados, salvo algunas brumas y bancos de niebla matinales en Galicia, Cant\u00e1brico, alto Ebro, Menorca, Ceuta y Melilla. Tambi\u00e9n se espera calima en Canarias.<\/p>\n<p>Por la tarde, se desarrollar\u00e1 nubosidad de evoluci\u00f3n en la mitad norte peninsular, con posibilidad de tormentas localmente fuertes en el interior de Catalu\u00f1a y el norte de Arag\u00f3n, acompa\u00f1adas de granizo y rachas intensas de viento. Estas podr\u00edan extenderse, aunque con menor intensidad, a otras zonas monta\u00f1osas del norte y este.<\/p>\n<p>En cuanto a las temperaturas, las m\u00e1ximas subir\u00e1n en el norte del Mediterr\u00e1neo, oeste de Andaluc\u00eda y Extremadura, y de forma notable en Galicia, Cant\u00e1brico, alto Ebro y Canarias. Las m\u00ednimas tambi\u00e9n ascender\u00e1n, especialmente en Canarias, la meseta norte y el suroeste peninsular. En la mayor parte del pa\u00eds no se bajar\u00e1 de los 20\u202f\u00b0C, y en zonas del Mediterr\u00e1neo y del sur peninsular se superar\u00e1n los 25\u202f\u00b0C. En Canarias, las m\u00ednimas no descender\u00e1n de los 25\u202f\u00b0C, y en algunas \u00e1reas podr\u00edan mantenerse por encima de los 30\u202f\u00b0C.<\/p>\n<p>Respecto al viento, se esperan rachas moderadas de componente norte y este en Canarias, y de levante en el Cant\u00e1brico, Albor\u00e1n, el Estrecho y el norte de Galicia, donde podr\u00edan registrarse intervalos de fuerte intensidad. En el resto del pa\u00eds, predominar\u00e1n los vientos flojos de componente este y sur.<\/p>\n","protected":false},"excerpt":{"rendered":"Madrid Un total de 44 provincias estar\u00e1n este domingo en aviso por altas temperaturas, seg\u00fan la previsi\u00f3n de&hellip;\n","protected":false},"author":2,"featured_media":37573,"comment_status":"","ping_status":"","sticky":false,"template":"","format":"standard","meta":{"footnotes":""},"categories":[5],"tags":[1765,17,18,25,24,13,14,11,19,20,9,10,15,16,23,12,1766,21,22],"class_list":{"0":"post-37572","1":"post","2":"type-post","3":"status-publish","4":"format-standard","5":"has-post-thumbnail","7":"category-titulares","8":"tag-bestof","9":"tag-breaking-news","10":"tag-breakingnews","11":"tag-es","12":"tag-espana","13":"tag-featured-news","14":"tag-featurednews","15":"tag-headlines","16":"tag-latest-news","17":"tag-latestnews","18":"tag-news","19":"tag-noticias","20":"tag-noticias-destacadas","21":"tag-noticiasdestacadas","22":"tag-spain","23":"tag-titulares","24":"tag-topix","25":"tag-ultimas-noticias","26":"tag-ultimasnoticias"},"share_on_mastodon":{"url":"","error":""},"_links":{"self":[{"href":"https:\/\/www.europesays.com\/es\/wp-json\/wp\/v2\/posts\/37572","targetHints":{"allow":["GET"]}}],"collection":[{"href":"https:\/\/www.europesays.com\/es\/wp-json\/wp\/v2\/posts"}],"about":[{"href":"https:\/\/www.europesays.com\/es\/wp-json\/wp\/v2\/types\/post"}],"author":[{"embeddable":true,"href":"https:\/\/www.europesays.com\/es\/wp-json\/wp\/v2\/users\/2"}],"replies":[{"embeddable":true,"href":"https:\/\/www.europesays.com\/es\/wp-json\/wp\/v2\/comments?post=37572"}],"version-history":[{"count":0,"href":"https:\/\/www.europesays.com\/es\/wp-json\/wp\/v2\/posts\/37572\/revisions"}],"wp:featuredmedia":[{"embeddable":true,"href":"https:\/\/www.europesays.com\/es\/wp-json\/wp\/v2\/media\/37573"}],"wp:attachment":[{"href":"https:\/\/www.europesays.com\/es\/wp-json\/wp\/v2\/media?parent=37572"}],"wp:term":[{"taxonomy":"category","embeddable":true,"href":"https:\/\/www.europesays.com\/es\/wp-json\/wp\/v2\/categories?post=37572"},{"taxonomy":"post_tag","embeddable":true,"href":"https:\/\/www.europesays.com\/es\/wp-json\/wp\/v2\/tags?post=37572"}],"curies":[{"name":"wp","href":"https:\/\/api.w.org\/{rel}","templated":true}]}}