{"id":37605,"date":"2025-08-10T06:24:26","date_gmt":"2025-08-10T06:24:26","guid":{"rendered":"https:\/\/www.europesays.com\/es\/37605\/"},"modified":"2025-08-10T06:24:26","modified_gmt":"2025-08-10T06:24:26","slug":"el-rocasa-gran-canaria-se-enfrentara-hoy-al-mecalia-atletico-guardes-en-el-ii-memorial-julio-gilsanz","status":"publish","type":"post","link":"https:\/\/www.europesays.com\/es\/37605\/","title":{"rendered":"El Rocasa Gran Canaria se enfrentar\u00e1 hoy al Mecalia Atl\u00e9tico Guard\u00e9s en el II Memorial Julio Gilsanz"},"content":{"rendered":"<p style=\"text-align:justify;\">El <strong>Rocasa Gran Canaria<\/strong> abrir\u00e1 la pretemporada con su presencia en el II Memorial Julio Gilsanz, que se celebrar\u00e1 en Pontevedra el 8 y 9 de agosto, y que contar\u00e1 con la participaci\u00f3n del equipo anfitri\u00f3n, <strong>Conservas Orbes Zendal Porri\u00f1o,<\/strong> el <strong>Mecalia Atl\u00e9tico Guard\u00e9s<\/strong> y el <strong>ABC Braga <\/strong>de Portugal.<\/p>\n<p style=\"text-align:justify;\">\u00a0<\/p>\n<p style=\"text-align:justify;\">El equipo grancanario se ver\u00e1 las caras con el <strong>Guard\u00e9s<\/strong> hoy, a partir de las 17 hora canaria, en el primer partido de semifinales, mientras que la segunda se disputar\u00e1 acto seguido, a las 19 horas, entre el <strong>BM Porri\u00f1o<\/strong> y el conjunto luso del <strong>Braga. <\/strong>Ambos partidos se jugar\u00e1n en el pabell\u00f3n municipal O Porri\u00f1o.<\/p>\n<p style=\"text-align:justify;\">\u00a0<\/p>\n<p style=\"text-align:justify;\">En funci\u00f3n de los resultados de la jornada de hoy, el <strong>Rocasa Gran Canaria<\/strong> se enfrentar\u00e1 el s\u00e1bado por la tarde al <strong>BM Porri\u00f1o<\/strong>, actual subcampe\u00f3n de la EHF European Cup, o al <strong>ABC Braga<\/strong>.<\/p>\n<p style=\"text-align:justify;\">\u00a0<\/p>\n<p style=\"text-align:justify;\">La plantilla del conjunto teldense, que se complet\u00f3 con la llegada de la sueca <strong>Linnea Sundholm <\/strong>y la rumana <strong>Mar\u00eda Balint <\/strong>el pasado lunes, aterrizar\u00e1 hoy en tierras gallegas para estrenarse en la pretemporada ante uno de los mejores equipos der la Liga Guerreras Iberdrola, un <strong>Guard\u00e9s<\/strong> que fue capaz de coronarse campe\u00f3n de liga en la temporada 2016-2017, tan solo cinco a\u00f1os despu\u00e9s de su ascenso a la m\u00e1xima categor\u00eda, y de proclamarse subcampe\u00f3n de la EHF en el curso 22\/23.<\/p>\n<p style=\"text-align:justify;\">\u00a0<\/p>\n<p style=\"text-align:justify;\"><strong>La importancia de la pretemporada<\/strong><\/p>\n<p style=\"text-align:justify;\">\u00a0<\/p>\n<p style=\"text-align:justify;\">El m\u00e1ximo responsable t\u00e9cnico del equipo grancanario, <strong>Carlos Herrera<\/strong>, se mostr\u00f3 satisfecho \u201ccon la posibilidad de jugar un torneo que nos viene muy bien para probar las cosas que estamos entrenando. Es un test de alto nivel ante equipos muy fuertes y con jugadoras de mucha calidad. Estoy seguro de que va a servirnos, pase lo que pase, para seguir creciendo y llegar en buenas condiciones al estreno liguero\u201d, apunt\u00f3.<\/p>\n<p style=\"text-align:justify;\">\u00a0<\/p>\n<p style=\"text-align:justify;\">Por su parte, la pivote guipuzcuana <strong>Mar\u00eda Zald\u00faa<\/strong> incidi\u00f3 en la \u201cimportancia de jugar torneos de mucha exigencia con los que comprobar c\u00f3mo funciona el equipo con la incorporaci\u00f3n de las caras nuevas. Tenemos muchas ganas de empezar a jugar ya para llegar a tope al primer tramo de temporada oficial, que es lo m\u00e1s importante\u201d.<\/p>\n<p style=\"text-align:justify;\">\u00a0<\/p>\n<p style=\"text-align:justify;\">El <strong>Rocasa Gran Canaria<\/strong> alzar\u00e1 el tel\u00f3n de la Liga Guerreras Iberdrola en la pista del <strong>KH-7 Balonmano Granollers<\/strong> el pr\u00f3ximo 30 de agosto.<\/p>\n<p style=\"text-align:justify;\">\u00a0<\/p>\n<p style=\"text-align:justify;\">Antes, del 14 al 16 se disputar\u00e1 el Torneo Internacional Gran Canaria Isla Europea del Deporte con el <strong>Zonzamas<\/strong>, el <strong>BM Porri\u00f1o <\/strong>y el <strong>Boden Handboll<\/strong> de Suecia.<\/p>\n","protected":false},"excerpt":{"rendered":"El Rocasa Gran Canaria abrir\u00e1 la pretemporada con su presencia en el II Memorial Julio Gilsanz, que se&hellip;\n","protected":false},"author":2,"featured_media":37606,"comment_status":"","ping_status":"","sticky":false,"template":"","format":"standard","meta":{"footnotes":""},"categories":[278],"tags":[376,168,25,24,375,12595,23,167],"class_list":{"0":"post-37605","1":"post","2":"type-post","3":"status-publish","4":"format-standard","5":"has-post-thumbnail","7":"category-balonmano","8":"tag-balonmano","9":"tag-deportes","10":"tag-es","11":"tag-espana","12":"tag-handball","13":"tag-informacion-del-noroeste-de-gran-canaria","14":"tag-spain","15":"tag-sports"},"share_on_mastodon":{"url":"","error":""},"_links":{"self":[{"href":"https:\/\/www.europesays.com\/es\/wp-json\/wp\/v2\/posts\/37605","targetHints":{"allow":["GET"]}}],"collection":[{"href":"https:\/\/www.europesays.com\/es\/wp-json\/wp\/v2\/posts"}],"about":[{"href":"https:\/\/www.europesays.com\/es\/wp-json\/wp\/v2\/types\/post"}],"author":[{"embeddable":true,"href":"https:\/\/www.europesays.com\/es\/wp-json\/wp\/v2\/users\/2"}],"replies":[{"embeddable":true,"href":"https:\/\/www.europesays.com\/es\/wp-json\/wp\/v2\/comments?post=37605"}],"version-history":[{"count":0,"href":"https:\/\/www.europesays.com\/es\/wp-json\/wp\/v2\/posts\/37605\/revisions"}],"wp:featuredmedia":[{"embeddable":true,"href":"https:\/\/www.europesays.com\/es\/wp-json\/wp\/v2\/media\/37606"}],"wp:attachment":[{"href":"https:\/\/www.europesays.com\/es\/wp-json\/wp\/v2\/media?parent=37605"}],"wp:term":[{"taxonomy":"category","embeddable":true,"href":"https:\/\/www.europesays.com\/es\/wp-json\/wp\/v2\/categories?post=37605"},{"taxonomy":"post_tag","embeddable":true,"href":"https:\/\/www.europesays.com\/es\/wp-json\/wp\/v2\/tags?post=37605"}],"curies":[{"name":"wp","href":"https:\/\/api.w.org\/{rel}","templated":true}]}}