{"id":376528,"date":"2026-02-03T08:20:13","date_gmt":"2026-02-03T08:20:13","guid":{"rendered":"https:\/\/www.europesays.com\/es\/376528\/"},"modified":"2026-02-03T08:20:13","modified_gmt":"2026-02-03T08:20:13","slug":"mira-donde-estoy-aita-ha-sido-una-emocion-tremenda","status":"publish","type":"post","link":"https:\/\/www.europesays.com\/es\/376528\/","title":{"rendered":"Mira d\u00f3nde estoy aita, ha sido una emoci\u00f3n tremenda"},"content":{"rendered":"<p class=\"paragraph\">La <b>historia de Lucas Melero<\/b> continu\u00f3 durante la <b>final del Open de\u00a0Australia<\/b>. El pamplon\u00e9s que hab\u00eda viajado a Melbourne desde S\u00eddney fue <a href=\"https:\/\/www.diariodenavarra.es\/noticias\/navarra\/2026\/02\/01\/navarro-invitado-final-open-australia-carlos-alcaraz-808570-15.html\" title=\"Un navarro, invitado a la final del Open de Australia por el mismo Carlos Alcaraz\" rel=\"nofollow noopener\" target=\"_blank\">invitado, junto a sus amigos, por Carlos Alcaraz a la final del torneo<\/a>. Ellos continuaron con la tarea que se hab\u00edan encomendado: <b>animar lo m\u00e1s posible al tenista espa\u00f1ol<\/b>. Fueron ubicados en las <b>tribunas superiores<\/b> desde las cuales pod\u00edan ver c\u00f3mo Alcaraz <b>les hac\u00eda gestos con su raqueta<\/b> y celebraba con ellos a lo largo del partido. Animaron y gritaron todo el partido, mientras el tenista compet\u00eda, y al final del partido, con la victoria de Alcaraz en el Grand Slam se abrazaron y celebraron acordes a la emoci\u00f3n vivida. Se <b>encontraron con Rafael Nadal<\/b> y celebraron despu\u00e9s con el nuevo campe\u00f3n del Abierto de Australia.<\/p>\n<p>Te puede interesar<img decoding=\"async\" loading=\"lazy\" alt=\"En la imagen superior Alcaraz se acerca a la grada donde estaban Lucas Melero y sus amigos y les saluda, adem\u00e1s de volver a invitarles para ver la final del Open de Australia\" width=\"396\" height=\"252\" src=\"https:\/\/www.europesays.com\/es\/wp-content\/uploads\/2026\/02\/1770106813_284_697e609dc95b5.jpeg\"\/><\/p>\n<p class=\"paragraph\"><b>Rafael Nadal<\/b> estaba en la misma secci\u00f3n que ellos, pero en primera fila. Una vez terminado el juego, Nadal subi\u00f3 para salir del estadio. Con la ayuda de una persona de seguridad se lograron acercar al extenista espa\u00f1ol y este, al pasar y detallarlos, les saludo, les felicito y <b>se sac\u00f3 una selfie con ellos<\/b>.<\/p>\n<p class=\"paragraph\">Despu\u00e9s, con la <b>emoci\u00f3n del resultado<\/b>, fueron a las filas m\u00e1s cercanas, alrededor de la quinta fila, lo m\u00e1s cercano que pudieron, y empezaron a <b>cantar<\/b>. <b>Carlos<\/b>, quien segu\u00eda en la cancha, <b>se gir\u00f3 y empez\u00f3 a cantar a coro con ellos<\/b>, al campe\u00f3n se le sum\u00f3 su hermano, y al poco tiempo su equipo entero estaba entonando los cantos de estos seis amigos vestidos de blanco con pa\u00f1uelico rojo. Alrededor de ellos les segu\u00edan tomando fotos, seg\u00fan cuenta cuenta, para quien todo fue \u00abimpresionante porque desde que hemos llegado al recinto, todo el mundo nos ped\u00eda foto\u00bb.<\/p>\n<p class=\"paragraph\">Este domingo 1 de febrero ha sido un d\u00eda que cuentan que <b>se les ha hecho eterno<\/b>, de los <b>nervios <\/b>no pudieron ni hacer una siesta. Quer\u00edan que Alcaraz ganara como sea. <b>Llegaron con casi tres horas de antelaci\u00f3n<\/b> para grabar para <b>EuroSport <\/b>y les toc\u00f3 \u201chacer tiempo\u201d hasta que abrieron las puertas del estadio. \u201cUna vez que hemos entrado, yo <b>estaba temblando<\/b>, ten\u00eda un nudo en el est\u00f3mago de los nervios, de la emoci\u00f3n. Estaba llamando a mi padre y hablando con \u00e9l diciendo: &#8216;mira donde estoy Aita&#8217;. Luego han sacado la copa\u201d, recuerda Melero: \u201cest\u00e1bamos alucinando\u201d.<\/p>\n<p>Te puede interesar<img decoding=\"async\" loading=\"lazy\" alt=\"Carlos Alcaraz posa con el trofeo del Abierto de Australia tras vencer en la final a Novak Djokovic\" width=\"396\" height=\"252\" src=\"https:\/\/www.europesays.com\/es\/wp-content\/uploads\/2026\/02\/697f4cb676c97.jpeg\"\/><\/p>\n<p class=\"paragraph\">\u201c<b>Cuando Carlos te hac\u00eda un gesto, se te pon\u00edan los pelos de punta<\/b> y se te quedaba un cuerpo como una emoci\u00f3n tremenda, han sido unas horas muy bonitas, muy tensas y muy emocionantes\u201d narra Melero. Llegaron despu\u00e9s a su apartamento con la consciencia de que esta historia est\u00e1 llegando a su fin. Les quedan un par de entrevistas este lunes por la ma\u00f1ana y por la tarde regresan a S\u00eddney. Lo que les sigue, para Lucas, es \u201cvolver a nuestra realidad, que es estar en S\u00eddney y trabajar de lo que podamos\u201d.<\/p>\n","protected":false},"excerpt":{"rendered":"La historia de Lucas Melero continu\u00f3 durante la final del Open de\u00a0Australia. El pamplon\u00e9s que hab\u00eda viajado a&hellip;\n","protected":false},"author":2,"featured_media":376529,"comment_status":"","ping_status":"","sticky":false,"template":"","format":"standard","meta":{"footnotes":""},"categories":[274],"tags":[4699,168,25,24,1058,7357,73190,5829,23,167,327,326],"class_list":["post-376528","post","type-post","status-publish","format-standard","has-post-thumbnail","category-tenis","tag-australia","tag-deportes","tag-es","tag-espana","tag-final","tag-lucas","tag-melero","tag-open","tag-spain","tag-sports","tag-tenis","tag-tennis"],"share_on_mastodon":{"url":"https:\/\/pubeurope.com\/@es\/116005727457813521","error":""},"_links":{"self":[{"href":"https:\/\/www.europesays.com\/es\/wp-json\/wp\/v2\/posts\/376528","targetHints":{"allow":["GET"]}}],"collection":[{"href":"https:\/\/www.europesays.com\/es\/wp-json\/wp\/v2\/posts"}],"about":[{"href":"https:\/\/www.europesays.com\/es\/wp-json\/wp\/v2\/types\/post"}],"author":[{"embeddable":true,"href":"https:\/\/www.europesays.com\/es\/wp-json\/wp\/v2\/users\/2"}],"replies":[{"embeddable":true,"href":"https:\/\/www.europesays.com\/es\/wp-json\/wp\/v2\/comments?post=376528"}],"version-history":[{"count":0,"href":"https:\/\/www.europesays.com\/es\/wp-json\/wp\/v2\/posts\/376528\/revisions"}],"wp:featuredmedia":[{"embeddable":true,"href":"https:\/\/www.europesays.com\/es\/wp-json\/wp\/v2\/media\/376529"}],"wp:attachment":[{"href":"https:\/\/www.europesays.com\/es\/wp-json\/wp\/v2\/media?parent=376528"}],"wp:term":[{"taxonomy":"category","embeddable":true,"href":"https:\/\/www.europesays.com\/es\/wp-json\/wp\/v2\/categories?post=376528"},{"taxonomy":"post_tag","embeddable":true,"href":"https:\/\/www.europesays.com\/es\/wp-json\/wp\/v2\/tags?post=376528"}],"curies":[{"name":"wp","href":"https:\/\/api.w.org\/{rel}","templated":true}]}}