{"id":37721,"date":"2025-08-10T07:43:07","date_gmt":"2025-08-10T07:43:07","guid":{"rendered":"https:\/\/www.europesays.com\/es\/37721\/"},"modified":"2025-08-10T07:43:07","modified_gmt":"2025-08-10T07:43:07","slug":"luz-y-memoria-un-maridaje-para-devolver-la-vida-al-arte-en-el-museo-del-prado","status":"publish","type":"post","link":"https:\/\/www.europesays.com\/es\/37721\/","title":{"rendered":"Luz y memoria, un maridaje para devolver la vida al arte en el Museo del Prado"},"content":{"rendered":"<p class=\"c-paragraph\">En el coraz\u00f3n del <a href=\"https:\/\/www.20minutos.es\/tags\/lugares\/museo-del-prado.html\" title=\"Museo del Prado\" rel=\"nofollow noopener\" target=\"_blank\">Museo del Prado<\/a>, donde el tiempo parece suspendido en cada trazo de \u00f3leo y cada partitura de luz, hay una actividad que no se detiene: la restauraci\u00f3n. Lo que para el visitante es contemplaci\u00f3n, p<b>ara los restauradores es desaf\u00edo, t\u00e9cnica y precisi\u00f3n.<\/b> Y desde hace m\u00e1s de una d\u00e9cada, una alianza discreta pero determinante ha dado ox\u00edgeno a ese trabajo esencial: la colaboraci\u00f3n entre la Fundaci\u00f3n Iberdrola Espa\u00f1a y el Taller de Restauraci\u00f3n del Prado.<\/p>\n<p class=\"c-paragraph\">Esta sinergia, iniciada en noviembre de 2010, ha permitido la recuperaci\u00f3n de<b> m\u00e1s de 2.000 obras maestras del museo<\/b>, apoyando intervenciones complejas, becando a nuevos profesionales y dando visibilidad al proceso t\u00e9cnico y est\u00e9tico que sostiene la memoria visual de Espa\u00f1a.<\/p>\n<p class=\"c-paragraph\">Lo que comenz\u00f3 como un acuerdo de mecenazgo se consolid\u00f3 en 2013 con la incorporaci\u00f3n de Iberdrola como benefactor del Prado. Desde entonces, su compromiso ha trascendido lo financiero:<b> ha supuesto un impulso a la investigaci\u00f3n, la conservaci\u00f3n preventiva y la divulgaci\u00f3n del trabajo restaurador,<\/b> a menudo invisibilizado tras las salas.<\/p>\n<p class=\"c-paragraph\">Uno de los pilares de esta colaboraci\u00f3n es el programa de becas anuales. Desde 2011, <b>36 j\u00f3venes profesionales han podido formarse <\/b>en restauraci\u00f3n de pintura, marcos y documentaci\u00f3n t\u00e9cnica, en uno de los talleres m\u00e1s prestigiosos del mundo. Un semillero de especialistas que no solo conservan obras, sino tambi\u00e9n m\u00e9todos y saberes que enriquecen la historia del arte.<\/p>\n<p>Obras que renace<\/p>\n<p class=\"c-paragraph\">El alcance del patrocinio se refleja en obras que han vuelto a brillar tras complejos procesos de restauraci\u00f3n. Este a\u00f1o, por ejemplo, el imponente Retrato ecuestre de <b>Isabel de Borb\u00f3n de Vel\u00e1zquez recuper\u00f3 profundidad<\/b> y nitidez gracias a la intervenci\u00f3n de Mar\u00eda \u00c1lvarez Garcill\u00e1n, quien logr\u00f3 integrar visualmente las bandas laterales a\u00f1adidas en el siglo XVII.<\/p>\n<p class=\"c-paragraph\">Dos a\u00f1os antes, en 2023, David vencedor de Goliat de Caravaggio recobr\u00f3 el <b>dramatismo original de su tenebrismo.<\/b> La limpieza de barnices oxidados y la reintegraci\u00f3n crom\u00e1tica devolvieron al espectador la tensi\u00f3n emocional que hab\u00eda quedado sepultada bajo siglos de intervenciones. En 2022, fue el turno de Hip\u00f3menes y Atalanta de Guido Reni, cuyo reentelado y limpieza revelaron la sutileza de las carnaciones y el brillo dorado del mar, ocultos tras repintes y barnices opacos.<\/p>\n<p class=\"c-paragraph\">Otras piezas emblem\u00e1ticas tambi\u00e9n se han beneficiado de esta colaboraci\u00f3n: La condesa de Chinch\u00f3n de Goya, El triunfo de la Muerte de Brueghel el Viejo, el Tesoro del Delf\u00edn, o incluso joyas arqueol\u00f3gicas como la Cabeza de bronce de Demetrio Poliorcetes. Cada una de estas intervenciones ha significado<b> no solo la conservaci\u00f3n material de las obras<\/b>, sino tambi\u00e9n su reapropiaci\u00f3n por parte del p\u00fablico, ahora con una lectura m\u00e1s fiel a la intenci\u00f3n original del artista.<\/p>\n<p class=\"c-paragraph\">El Taller de Restauraci\u00f3n del Prado, gracias a este apoyo sostenido, se ha reafirmado como un centro de referencia internacional. Las intervenciones patrocinadas <b>no son meros gestos de conservaci\u00f3n, sino verdaderas investigaciones <\/b>visuales que permiten descubrir repintes, composiciones ocultas y materiales originales.<\/p>\n<p class=\"c-paragraph\">Ejemplo de ello fue la exposici\u00f3n In lapide depictum, dedicada a la pintura sobre piedra, una t\u00e9cnica renacentista que la restauraci\u00f3n ha ayudado a redescubrir y contextualizar,<b> poniendo en di\u00e1logo obras de Tiziano<\/b> o los Bassano con fragmentos geol\u00f3gicos y piezas de la colecci\u00f3n de Ciencias Naturales<\/p>\n<p>Mecenazgo como compromiso cultural<\/p>\n<p class=\"c-paragraph\">En una \u00e9poca donde lo urgente tiende a arrinconar lo esencial, la alianza entre Iberdrola y el Museo del Prado demuestra que el mecenazgo bien dirigido<b> puede tener un impacto transformador.<\/b> No se trata solo de mantener las obras en pie, sino de hacerlas hablar de nuevo, de conectar el pasado con el presente a trav\u00e9s de la ciencia y la sensibilidad.<\/p>\n<p class=\"c-paragraph\">En palabras no escritas pero evidentes, esta colaboraci\u00f3n ilumina \u2014literalmente\u2014 el arte<b>: lo preserva, lo revitaliza y lo devuelve a la ciudadan\u00eda<\/b> como bien com\u00fan. Porque detr\u00e1s de cada restauraci\u00f3n no hay solo una obra que se salva: hay un relato que se reactiva, una mirada que se recupera y un patrimonio que se proyecta hacia el futuro.<\/p>\n","protected":false},"excerpt":{"rendered":"En el coraz\u00f3n del Museo del Prado, donde el tiempo parece suspendido en cada trazo de \u00f3leo y&hellip;\n","protected":false},"author":2,"featured_media":37722,"comment_status":"","ping_status":"","sticky":false,"template":"","format":"standard","meta":{"footnotes":""},"categories":[173],"tags":[229,233,231,230,232,15259,234,146,147,25,24,1875,18693,911,23,2606],"class_list":{"0":"post-37721","1":"post","2":"type-post","3":"status-publish","4":"format-standard","5":"has-post-thumbnail","7":"category-arte-y-diseno","8":"tag-arte","9":"tag-arte-y-diseno","10":"tag-arts","11":"tag-arts-and-design","12":"tag-design","13":"tag-devolver","14":"tag-diseno","15":"tag-entertainment","16":"tag-entretenimiento","17":"tag-es","18":"tag-espana","19":"tag-luz","20":"tag-maridaje","21":"tag-memoria","22":"tag-spain","23":"tag-vida"},"share_on_mastodon":{"url":"","error":""},"_links":{"self":[{"href":"https:\/\/www.europesays.com\/es\/wp-json\/wp\/v2\/posts\/37721","targetHints":{"allow":["GET"]}}],"collection":[{"href":"https:\/\/www.europesays.com\/es\/wp-json\/wp\/v2\/posts"}],"about":[{"href":"https:\/\/www.europesays.com\/es\/wp-json\/wp\/v2\/types\/post"}],"author":[{"embeddable":true,"href":"https:\/\/www.europesays.com\/es\/wp-json\/wp\/v2\/users\/2"}],"replies":[{"embeddable":true,"href":"https:\/\/www.europesays.com\/es\/wp-json\/wp\/v2\/comments?post=37721"}],"version-history":[{"count":0,"href":"https:\/\/www.europesays.com\/es\/wp-json\/wp\/v2\/posts\/37721\/revisions"}],"wp:featuredmedia":[{"embeddable":true,"href":"https:\/\/www.europesays.com\/es\/wp-json\/wp\/v2\/media\/37722"}],"wp:attachment":[{"href":"https:\/\/www.europesays.com\/es\/wp-json\/wp\/v2\/media?parent=37721"}],"wp:term":[{"taxonomy":"category","embeddable":true,"href":"https:\/\/www.europesays.com\/es\/wp-json\/wp\/v2\/categories?post=37721"},{"taxonomy":"post_tag","embeddable":true,"href":"https:\/\/www.europesays.com\/es\/wp-json\/wp\/v2\/tags?post=37721"}],"curies":[{"name":"wp","href":"https:\/\/api.w.org\/{rel}","templated":true}]}}