{"id":377278,"date":"2026-02-03T18:18:10","date_gmt":"2026-02-03T18:18:10","guid":{"rendered":"https:\/\/www.europesays.com\/es\/377278\/"},"modified":"2026-02-03T18:18:10","modified_gmt":"2026-02-03T18:18:10","slug":"con-14-anos-me-dejo-ganar","status":"publish","type":"post","link":"https:\/\/www.europesays.com\/es\/377278\/","title":{"rendered":"Con 14 a\u00f1os me dej\u00f3 ganar"},"content":{"rendered":"<p class=\"ft-text\"><strong>Carlos Alcaraz <\/strong>volvi\u00f3 a romper todos los r\u00e9cords de precocidad posibles en el mundo del tenis conquistando el career Grand Slam como nunca nadie lo hab\u00eda hecho antes. Con apenas<strong> 22 a\u00f1os <\/strong>el <strong>murciano <\/strong>ya ha sabido vencer en cada uno de los cuatro grandes territorios del tenis mundial, alz\u00e1ndose con siete t\u00edtulos en total.<\/p>\n<p class=\"ft-text\">No hay duda que el tenista espa\u00f1ol es un prodigio que nunca antes ha habido en toda la historia. Algo que muchos ya se esperaban cuando a\u00fan era todav\u00eda un cr\u00edo.<\/p>\n<p class=\"ft-text\">As\u00ed lo explic\u00f3 el propio <strong>David Ferrer<\/strong>, <strong>capit\u00e1n<\/strong> del equipo espa\u00f1ol de <strong>Copa Davis<\/strong>, en el podcast<strong> &#8216;Mano a Mano&#8217; de la Cadena SER,<\/strong> donde desvel\u00f3 que su primera toma de contacto con Carlitos fue con tan solo 14 a\u00f1os.<\/p>\n<p class=\"ft-text\">\u00abCuando yo estaba Top-10, Juan Carlos (Ferrero) me llam\u00f3 y me dijo <strong>que ten\u00eda un ni\u00f1o de Murcia nuevo que era muy bueno<\/strong> y que lo tra\u00eda a J\u00e1vea para entrenar conmigo\u00bb relat\u00f3 Ferrer.<\/p>\n<p class=\"ft-text\">\u00abMe acuerdo que le apretaba calentando y ya me explot\u00f3 la cabeza al verle como me las devolv\u00eda todas. Era com Rafa de peque\u00f1o. Jugamos un &#8216;super tie break&#8217; y le gan\u00e9 <strong>10-8 pero yo creo se dej\u00f3 porque estuvo a punto de ganarme\u00bb <\/strong>explic\u00f3.<\/p>\n<p>UN CLON DE NADAL<\/p>\n<p class=\"ft-text\">A ra\u00edz de la an\u00e9cdota, Ferrer no dud\u00f3 en comparar a <strong>Alcaraz <\/strong>y <strong>Nadal<\/strong>. \u00abEs como Rafa pero con diferente cultura. <strong>No solo como tenista sino tambi\u00e9n como persona<\/strong>. Un chico muy normal y muy natural\u00bb apunt\u00f3 sobre los dos grandes tenistas espa\u00f1oles.<\/p>\n<p class=\"ft-text\">Tambi\u00e9n explic\u00f3 su parecer sobre el documental de <strong>Netflix<\/strong>, del que pronunci\u00f3 una opini\u00f3n muy clara. \u00ab<strong>Hab\u00eda que vender algo, pero no es ni mucho menos as\u00ed. Carlos es un profesional como la copa de un pino\u00bb<\/strong> asegur\u00f3 Ferrer sobre el trabajo y el d\u00eda a d\u00eda de Alcaraz.<\/p>\n<p class=\"ft-text\">\u00abNo es ni mucho menos un jugador al que le guste la noche\u00bb sentenci\u00f3.<\/p>\n","protected":false},"excerpt":{"rendered":"Carlos Alcaraz volvi\u00f3 a romper todos los r\u00e9cords de precocidad posibles en el mundo del tenis conquistando el&hellip;\n","protected":false},"author":2,"featured_media":377279,"comment_status":"","ping_status":"","sticky":false,"template":"","format":"standard","meta":{"footnotes":""},"categories":[274],"tags":[4736,168,25,24,25762,23,167,327,326],"class_list":["post-377278","post","type-post","status-publish","format-standard","has-post-thumbnail","category-tenis","tag-alcaraz","tag-deportes","tag-es","tag-espana","tag-ferrer","tag-spain","tag-sports","tag-tenis","tag-tennis"],"share_on_mastodon":{"url":"https:\/\/pubeurope.com\/@es\/116008078712792112","error":""},"_links":{"self":[{"href":"https:\/\/www.europesays.com\/es\/wp-json\/wp\/v2\/posts\/377278","targetHints":{"allow":["GET"]}}],"collection":[{"href":"https:\/\/www.europesays.com\/es\/wp-json\/wp\/v2\/posts"}],"about":[{"href":"https:\/\/www.europesays.com\/es\/wp-json\/wp\/v2\/types\/post"}],"author":[{"embeddable":true,"href":"https:\/\/www.europesays.com\/es\/wp-json\/wp\/v2\/users\/2"}],"replies":[{"embeddable":true,"href":"https:\/\/www.europesays.com\/es\/wp-json\/wp\/v2\/comments?post=377278"}],"version-history":[{"count":0,"href":"https:\/\/www.europesays.com\/es\/wp-json\/wp\/v2\/posts\/377278\/revisions"}],"wp:featuredmedia":[{"embeddable":true,"href":"https:\/\/www.europesays.com\/es\/wp-json\/wp\/v2\/media\/377279"}],"wp:attachment":[{"href":"https:\/\/www.europesays.com\/es\/wp-json\/wp\/v2\/media?parent=377278"}],"wp:term":[{"taxonomy":"category","embeddable":true,"href":"https:\/\/www.europesays.com\/es\/wp-json\/wp\/v2\/categories?post=377278"},{"taxonomy":"post_tag","embeddable":true,"href":"https:\/\/www.europesays.com\/es\/wp-json\/wp\/v2\/tags?post=377278"}],"curies":[{"name":"wp","href":"https:\/\/api.w.org\/{rel}","templated":true}]}}