{"id":377368,"date":"2026-02-03T19:28:21","date_gmt":"2026-02-03T19:28:21","guid":{"rendered":"https:\/\/www.europesays.com\/es\/377368\/"},"modified":"2026-02-03T19:28:21","modified_gmt":"2026-02-03T19:28:21","slug":"arne-marit-cierra-la-challenge-con-una-victoria-heroica","status":"publish","type":"post","link":"https:\/\/www.europesays.com\/es\/377368\/","title":{"rendered":"Arne Marit cierra la Challenge con una victoria heroica"},"content":{"rendered":"<p><strong>Arne Marit (<a href=\"https:\/\/www.ultimahora.es\/etiqueta\/Red+Bull.html?utm_source=Inline-tag&amp;utm_medium=internal\" rel=\"nofollow noopener\" target=\"_blank\">Red Bull<\/a> Bora) recogi\u00f3 el testigo de su compatriota Remco Evenepoel y se adjudic\u00f3 el quinto y \u00faltimo trofeo de esta Garden Hotels <a href=\"https:\/\/www.ultimahora.es\/etiqueta\/Challenge.html?utm_source=Inline-tag&amp;utm_medium=internal\" rel=\"nofollow noopener\" target=\"_blank\">Challenge<\/a> Ciclista a Mallorca.<\/strong> El belga sobresali\u00f3 entre todo el pelot\u00f3n en un \u00faltimo sprint de infarto, que <strong>acab\u00f3 con los primeros 66 ciclistas (la mitad del pelot\u00f3n) con el mismo tiempo.<\/strong><\/p>\n<p><strong>La Garden Hotels Challenge Ciclista a Mallorca ech\u00f3 el cierre este a\u00f1o <\/strong>con la disputa del Trofeo <a href=\"https:\/\/www.ultimahora.es\/etiqueta\/mallorca+fashion+outlet.html?utm_source=Inline-tag&amp;utm_medium=internal\" rel=\"nofollow noopener\" target=\"_blank\">Mallorca Fashion Outlet<\/a> &#8211; Palma. Una prueba que albergaba los \u00faltimos 158,3 kil\u00f3metros de ruta por la isla y en la que la meteorolog\u00eda dio un paso al costado, a diferencia de las anteriores, para dejar brillar a los ciclistas, que afrontaban una \u00faltima jornada sin el triunfador de la edici\u00f3n Remco Evenepoel entre el pelot\u00f3n. El tradicional corte de cinta corri\u00f3 a cargo del director del centro comercial Mallorca Fashion Outlet, Jorge P\u00e9rez de Zabalza, y all\u00ed dio comienzo el trofeo.<strong> Los ciclistas bajaron hasta Llucmajor pasando por Algaida y volvieron a subir por Montu\u00efri, Sant Joan y Santa Margalida para, despu\u00e9s encarar un tramo recto hasta el Passeig Mar\u00edtim de Palma.<\/strong> Sin ning\u00fan dominador claro, los velocistas controlaron el ritmo hasta pasar Santa Eug\u00e8nia, cuando un grupo reducido se separ\u00f3 del resto y lider\u00f3 la carrera. El alem\u00e1n Michael Hessman (Movistar Team) junto al neerland\u00e9s Jelle Johannink (Unibet Rose Rockets) y Rune Herregodts (UAE Emirates Team XRG) se escaparon a falta de 50 kil\u00f3metros para el final. Sin embargo, solo el belga de UAE fue capaz de mantener el ritmo y rod\u00f3 sin compa\u00f1\u00eda durante 15 kil\u00f3metros pero claudic\u00f3 a falta de tan solo 3 kil\u00f3metros para ver la meta. <strong>Finalmente, en un sprint apote\u00f3sico fue Arne Marit quien surgi\u00f3 de entre la multitud para llevarse la prueba.<\/strong><\/p>\n<p><strong>Tras Arne Marit, con un tiempo de 3:26:34, llegaron en photo finish el alem\u00e1n Max Kanter (XDS Astana Team), y el italiano Alessio Magagnotti, tambi\u00e9n de Red Bull Bora, que ha cerrado el podio en tercera posici\u00f3n, despu\u00e9s de un sprint muy disputado y lanzado a gran velocidad.<\/strong> As\u00ed, la escuadra alemana se erige en la gran triunfadora de la edici\u00f3n con cuatro victorias de cinco pruebas. Exceptuando el Trofeo Calvi\u00e0, que coron\u00f3 Ant\u00f3nio Morgado (una de las sensaciones de la competici\u00f3n), se han alzado, por medio de Remco Evenepoel y Marit (adem\u00e1s de la in\u00e9dita sprints por equipos en Ses Salines &#8211; Col\u00f2nia de Sant Jordi) con el oro en todas las pruebas restantes. en todas las pruebas restantes. Una recompensa que muy posiblemente venga dada por la <strong>asiduidad con la que el equipo alem\u00e1n visita Mallorca y donde ha asentado su base invernal<\/strong>. Por lo que las rutas mallorquinas les resultan familiares.<\/p>\n<p>El acogedor p\u00fablico mallorqu\u00edn ha despedido esta Garden Hotels Challenge Ciclista a Mallorca con una gran afluencia, sobre todo en los n\u00facleos urbanos donde se vivi\u00f3 <strong>un cierre festivo para una edici\u00f3n que volvi\u00f3 a situar a la isla de Mallorca como uno de los grandes escenarios del <a href=\"https:\/\/www.ultimahora.es\/etiqueta\/ciclismo.html?utm_source=Inline-tag&amp;utm_medium=internal\" rel=\"nofollow noopener\" target=\"_blank\">ciclismo<\/a> internacional de inicio de temporada. <\/strong><\/p>\n","protected":false},"excerpt":{"rendered":"Arne Marit (Red Bull Bora) recogi\u00f3 el testigo de su compatriota Remco Evenepoel y se adjudic\u00f3 el quinto&hellip;\n","protected":false},"author":2,"featured_media":377369,"comment_status":"","ping_status":"","sticky":false,"template":"","format":"standard","meta":{"footnotes":""},"categories":[273],"tags":[11977,30486,313,312,1916,168,25,24,329,69663,1915,77794,82985,212,23,167,327,1794,1917],"class_list":["post-377368","post","type-post","status-publish","format-standard","has-post-thumbnail","category-ciclismo","tag-challenge","tag-challenge-mallorca","tag-ciclismo","tag-cycling","tag-deporte-balear","tag-deportes","tag-es","tag-espana","tag-golf","tag-mallorca-fashion-outlet","tag-otros-deportes","tag-paseo-maritimo","tag-paseo-maritimo-de-palma","tag-red-bull","tag-spain","tag-sports","tag-tenis","tag-vela","tag-voleibol"],"share_on_mastodon":{"url":"https:\/\/pubeurope.com\/@es\/116008353971032215","error":""},"_links":{"self":[{"href":"https:\/\/www.europesays.com\/es\/wp-json\/wp\/v2\/posts\/377368","targetHints":{"allow":["GET"]}}],"collection":[{"href":"https:\/\/www.europesays.com\/es\/wp-json\/wp\/v2\/posts"}],"about":[{"href":"https:\/\/www.europesays.com\/es\/wp-json\/wp\/v2\/types\/post"}],"author":[{"embeddable":true,"href":"https:\/\/www.europesays.com\/es\/wp-json\/wp\/v2\/users\/2"}],"replies":[{"embeddable":true,"href":"https:\/\/www.europesays.com\/es\/wp-json\/wp\/v2\/comments?post=377368"}],"version-history":[{"count":0,"href":"https:\/\/www.europesays.com\/es\/wp-json\/wp\/v2\/posts\/377368\/revisions"}],"wp:featuredmedia":[{"embeddable":true,"href":"https:\/\/www.europesays.com\/es\/wp-json\/wp\/v2\/media\/377369"}],"wp:attachment":[{"href":"https:\/\/www.europesays.com\/es\/wp-json\/wp\/v2\/media?parent=377368"}],"wp:term":[{"taxonomy":"category","embeddable":true,"href":"https:\/\/www.europesays.com\/es\/wp-json\/wp\/v2\/categories?post=377368"},{"taxonomy":"post_tag","embeddable":true,"href":"https:\/\/www.europesays.com\/es\/wp-json\/wp\/v2\/tags?post=377368"}],"curies":[{"name":"wp","href":"https:\/\/api.w.org\/{rel}","templated":true}]}}