{"id":377640,"date":"2026-02-03T23:08:16","date_gmt":"2026-02-03T23:08:16","guid":{"rendered":"https:\/\/www.europesays.com\/es\/377640\/"},"modified":"2026-02-03T23:08:16","modified_gmt":"2026-02-03T23:08:16","slug":"luis-fonsi-la-gente-necesita-bailar","status":"publish","type":"post","link":"https:\/\/www.europesays.com\/es\/377640\/","title":{"rendered":"Luis Fonsi: \u00abLa gente necesita bailar\u00bb"},"content":{"rendered":"<p class=\"mb-4 text-lg md:leading-8 break-words\">Madrid, 2 feb (EFE).- \u00abLa gente necesita bailar, esa es mi filosof\u00eda\u00bb, dice este lunes Luis Fonsi, sobre &#8216;Cambiar\u00e9&#8217;, su nuevo tema, una salsa en la que mezcla sus ra\u00edces musicales con lo contempor\u00e1neo y que surge de la necesidad de salir de la \u00abinformaci\u00f3n negativa de la que vivimos rodeados\u00bb, porque \u00abpones las noticias y te deprimes\u00bb.<\/p>\n<p class=\"mb-4 text-lg md:leading-8 break-words\">Fonsi conversa con EFE en Madrid sobre este tema en el que comparte protagonismo con el colombiano Feid, y que llega en un momento de cambio global en el mundo.<\/p>\n<p class=\"mb-4 text-lg md:leading-8 break-words\">\u00abA veces necesitamos una canci\u00f3n para olvidarnos de eso, o de un d\u00eda gris y lluvioso como hoy en Madrid. Se necesita alegr\u00eda\u00bb, dice el puertorrique\u00f1o que incursiona por primera vez en la salsa en sus 27 a\u00f1os de carrera, aunque es un g\u00e9nero con el que creci\u00f3 en casa y en todas las celebraciones que rodearon sus primeros a\u00f1os de vida.<\/p>\n<p class=\"mb-4 text-lg md:leading-8 break-words\">\u00abYo quiero traer ritmo, sabor, ganas de bailar, sin importar la temporada ni el g\u00e9nero. Conectar en esos tres minutos y olvidar las penas\u00bb, remarca Fonsi, quien aclara que &#8216;Cambiar\u00e9&#8217; no es necesariamente una declaraci\u00f3n de intenciones, porque b\u00e1sicamente \u00abcambiar es cambiar, evolucionar, mejorar, aprender cosas nuevas todos los d\u00edas. Es enfrentar la vida y saber ajustar lo que haga falta\u00bb.<\/p>\n<p class=\"mb-4 text-lg md:leading-8 break-words\">Tambi\u00e9n, dice el int\u00e9rprete, es una declaraci\u00f3n de amor: \u00abNo te quiero perder, voy a hacer todo lo que tenga que hacer para ganarte. Si tengo que cambiar por ti, lo har\u00e9\u00bb.<\/p>\n<p class=\"mb-4 text-lg md:leading-8 break-words\">\u00abEs un mensaje global, para que cada quien lo viva y lo adapte a su manera: cambios personales, profesionales, dejar h\u00e1bitos atr\u00e1s. Quer\u00eda una canci\u00f3n con un mensaje potente, claro, no rebuscado. Yo cambiar\u00e9 por ti, punto. Y hacerlo con ritmo alegre, con sabor\u00bb, explica.<\/p>\n<p class=\"mb-4 text-lg md:leading-8 break-words\">Un cambio de registro<\/p>\n<p class=\"mb-4 text-lg md:leading-8 break-words\">Y el hecho de componer y grabar una salsa ya es un cambio. \u00abPrimero porque la canci\u00f3n sali\u00f3 as\u00ed, no la busqu\u00e9. No me sent\u00e9 a decir &#8216;voy a escribir una salsa&#8217;. La clave apareci\u00f3 en mi cabeza, vi la pel\u00edcula y decid\u00ed terminarla. Segundo, porque la m\u00fasica ha cambiado mucho, antes no se pod\u00eda cambiar de g\u00e9nero: si eras baladista, solo baladas; si eras rockero, solo rock. Hoy la gente quiere buena m\u00fasica\u00bb.<\/p>\n<p class=\"mb-4 text-lg md:leading-8 break-words\">\u00abYo vengo de una generaci\u00f3n que compraba casetes y discos y todo estaba dividido por g\u00e9neros. Ahora no, ahora es m\u00fasica, y el artista le pone el g\u00e9nero. La m\u00fasica es m\u00e1s libre y la gente acepta m\u00e1s. Adem\u00e1s, la m\u00fasica tropical vive un gran momento\u00bb, indica.<\/p>\n<p class=\"mb-4 text-lg md:leading-8 break-words\">Desde que el puertorrique\u00f1o inici\u00f3 su carrera en 1998 ha vivido muchos cambios, desde sus inicios estudiando m\u00fasica cl\u00e1sica con 18 a\u00f1os a componer con guitarras el\u00e9ctricas, pop rock o g\u00e9nero urbano.<\/p>\n<p class=\"mb-4 text-lg md:leading-8 break-words\">\u00abDespu\u00e9s me atrev\u00ed a cantar tropical por primera vez. Siempre es una b\u00fasqueda, una experimentaci\u00f3n. A veces sale bien, otras no, pero ah\u00ed es donde uno crece\u00bb, dice.<\/p>\n<p class=\"mb-4 text-lg md:leading-8 break-words\">\u00abCuando uno se arriesga y sale de la zona de confort, pasan cosas importantes. &#8216;Despacito&#8217; fue eso, un riesgo enorme, algo totalmente distinto. No le tengo miedo a crecer ni a hacer cosas diferentes\u00bb, afirma.<\/p>\n<p class=\"mb-4 text-lg md:leading-8 break-words\">Y sobre si ese s\u00faper \u00e9xito ha supuesto un h\u00e1ndicap para su carrera afirma tajante que no: \u00abno vivo con ese estr\u00e9s\u00bb.<\/p>\n<p class=\"mb-4 text-lg md:leading-8 break-words\">\u00abLo que pas\u00f3 con &#8216;Despacito&#8217; no se va a repetir y no puedo vivir buscando esos n\u00fameros. Fue un fen\u00f3meno. Yo no busco fen\u00f3menos, busco m\u00fasica. Estoy agradecido, me cambi\u00f3 la vida, me abri\u00f3 el mundo. Nunca me cansar\u00e9 de cantarla\u00bb, asegura.<\/p>\n<p class=\"mb-4 text-lg md:leading-8 break-words\">Un nuevo ciclo<\/p>\n<p class=\"mb-4 text-lg md:leading-8 break-words\">&#8216;Cambiar\u00e9&#8217; es \u00abel primer cap\u00edtulo de un nuevo ciclo\u00bb, el primer single del pr\u00f3ximo disco que Fonsi todav\u00eda est\u00e1 terminando y que todav\u00eda no tiene un camino definido.<\/p>\n<p class=\"mb-4 text-lg md:leading-8 break-words\">\u00abMis discos siempre han sido mixto, con baladas, canciones fiesteras. Ahora entra un color nuevo, lo tropical. Cambia la banda, la percusi\u00f3n, los metales, la gira. Hay cambios bonitos\u00bb, dice el puertorrique\u00f1o que, aunque no tiene todav\u00eda nombre pensado para este nuevo trabajo, cree que habr\u00e1 una gira all\u00e1 para finales de este a\u00f1o.<\/p>\n<p class=\"mb-4 text-lg md:leading-8 break-words\">Y no solo en lo profesional se plantea cosas nuevas, tambi\u00e9n tiene metas pendientes en lo personal, como viajar solo.<\/p>\n<p class=\"mb-4 text-lg md:leading-8 break-words\">\u00abNunca lo he hecho, ni siquiera ir al cine solo. Me da miedo, pero quiero aprender a estar conmigo mismo, tener paz (&#8230;), hacer cosas que para muchos son normales y para m\u00ed no. Tener tiempo para m\u00ed\u00bb, concluye.<\/p>\n<p class=\"mb-4 text-lg md:leading-8 break-words\">(c) Agencia EFE<\/p>\n","protected":false},"excerpt":{"rendered":"Madrid, 2 feb (EFE).- \u00abLa gente necesita bailar, esa es mi filosof\u00eda\u00bb, dice este lunes Luis Fonsi, sobre&hellip;\n","protected":false},"author":2,"featured_media":377641,"comment_status":"","ping_status":"","sticky":false,"template":"","format":"standard","meta":{"footnotes":""},"categories":[91],"tags":[83023,995,146,147,25,24,83024,39889,205,23],"class_list":["post-377640","post","type-post","status-publish","format-standard","has-post-thumbnail","category-entretenimiento","tag-declaracion-de-amor","tag-efe","tag-entertainment","tag-entretenimiento","tag-es","tag-espana","tag-la-gente","tag-luis-fonsi","tag-madrid","tag-spain"],"share_on_mastodon":{"url":"https:\/\/pubeurope.com\/@es\/116009219185298182","error":""},"_links":{"self":[{"href":"https:\/\/www.europesays.com\/es\/wp-json\/wp\/v2\/posts\/377640","targetHints":{"allow":["GET"]}}],"collection":[{"href":"https:\/\/www.europesays.com\/es\/wp-json\/wp\/v2\/posts"}],"about":[{"href":"https:\/\/www.europesays.com\/es\/wp-json\/wp\/v2\/types\/post"}],"author":[{"embeddable":true,"href":"https:\/\/www.europesays.com\/es\/wp-json\/wp\/v2\/users\/2"}],"replies":[{"embeddable":true,"href":"https:\/\/www.europesays.com\/es\/wp-json\/wp\/v2\/comments?post=377640"}],"version-history":[{"count":0,"href":"https:\/\/www.europesays.com\/es\/wp-json\/wp\/v2\/posts\/377640\/revisions"}],"wp:featuredmedia":[{"embeddable":true,"href":"https:\/\/www.europesays.com\/es\/wp-json\/wp\/v2\/media\/377641"}],"wp:attachment":[{"href":"https:\/\/www.europesays.com\/es\/wp-json\/wp\/v2\/media?parent=377640"}],"wp:term":[{"taxonomy":"category","embeddable":true,"href":"https:\/\/www.europesays.com\/es\/wp-json\/wp\/v2\/categories?post=377640"},{"taxonomy":"post_tag","embeddable":true,"href":"https:\/\/www.europesays.com\/es\/wp-json\/wp\/v2\/tags?post=377640"}],"curies":[{"name":"wp","href":"https:\/\/api.w.org\/{rel}","templated":true}]}}