{"id":377759,"date":"2026-02-04T00:39:13","date_gmt":"2026-02-04T00:39:13","guid":{"rendered":"https:\/\/www.europesays.com\/es\/377759\/"},"modified":"2026-02-04T00:39:13","modified_gmt":"2026-02-04T00:39:13","slug":"santiago-un-paciente-de-cancer-de-amigdalas-que-supero-la-enfermedad","status":"publish","type":"post","link":"https:\/\/www.europesays.com\/es\/377759\/","title":{"rendered":"Santiago, un paciente de c\u00e1ncer de am\u00edgdalas que super\u00f3 la enfermedad"},"content":{"rendered":"<p class=\"ft-text ft-helper-closenews\">La vida de Santiago Sanagust\u00edn dio un giro radical a finales del verano de 2024, cuando, sin esperarlo, fue diagnosticado de <a class=\"ft-link ft-link--decoration\" href=\"https:\/\/www.eldia.es\/canarias\/2026\/01\/31\/inmunoterapia-medicina-precision-logran-triplicar-126286607.html\" target=\"_blank\" rel=\"nofollow noopener\">un c\u00e1ncer de am\u00edgdalas. T<\/a>al y como relata el paciente, su d\u00eda a d\u00eda transcurr\u00eda con normalidad, hasta que, unos meses antes de ponerle nombre y apellidos a lo que le suced\u00eda, comenz\u00f3 a sufrir episodios espont\u00e1neos de sangrado en la garganta, un s\u00edntoma que lo llev\u00f3 a solicitar <strong>asistencia urgente<\/strong> en su centro de salud.<\/p>\n<p class=\"ft-text\">Ante la severidad del cuadro cl\u00ednico, fue derivado al Hospital Universitario Insular de Gran Canaria, donde los especialistas en otorrinolaringolog\u00eda le realizaron las pruebas pertinentes. \u00abMe hicieron varias<strong> biopsias<\/strong>, pero los resultados no mostraron la presencia de ning\u00fan tumor\u00bb, cuenta este hombre de 53 a\u00f1os, que reside en la localidad grancanaria de Vecindario.<\/p>\n<p>Crecimiento r\u00e1pido<\/p>\n<p class=\"ft-text\">La respuesta lleg\u00f3 cuando apareci\u00f3 un peque\u00f1o <strong>bulto en la garganta<\/strong>, que en poco tiempo comenz\u00f3 a crecer de forma acelerada. Fue entonces cuando las pruebas resultaron concluyentes y conoci\u00f3 la noticia. \u00abMe qued\u00e9 en shock y sent\u00ed p\u00e1nico. Por suerte, los m\u00e9dicos me explicaron que la enfermedad estaba relacionada con <a class=\"ft-link ft-link--decoration\" href=\"https:\/\/www.eldia.es\/sociedad\/2025\/07\/26\/virus-papiloma-humano-responsable-casos-cancer-cabeza-cuello-120084655.html\" target=\"_blank\" rel=\"nofollow noopener\">el virus del papiloma humano<\/a> y que exist\u00edan opciones de curaci\u00f3n\u00bb, recuerda Santiago, quien asegura que esas palabras esperanzadoras fueron las que lo animaron a luchar.<\/p>\n<p class=\"ft-text\">Como el c\u00e1ncer hab\u00eda avanzado con rapidez, la cirug\u00eda ya no era viable. Por ello, los m\u00e9dicos le pautaron<strong> tres sesiones de quimioterapia<\/strong> <strong>durante tres meses<\/strong> \u2013una al mes\u2013 y 33 de radioterapia. \u00abPara m\u00ed fue un proceso muy duro. Cada sesi\u00f3n de quimioterapia implicaba pasar hasta nueve horas en el hospital porque ten\u00eda que hidratarme muy bien para soportar el tratamiento\u00bb, detalla el paciente.<\/p>\n<p>Efectos secundarios<\/p>\n<p class=\"ft-text\">Adem\u00e1s, la radioterapia empez\u00f3 a pasarle factura. De hecho, el afectado <strong>sufri\u00f3 quemaduras<\/strong> en la lengua y en distintas zonas de la cavidad oral, hasta el punto de no poder comer ni hablar con normalidad. Este efecto secundario lo oblig\u00f3 a alimentarse durante meses solo a base de batidos. Tambi\u00e9n perdi\u00f3 gran parte del sentido del gusto.<\/p>\n<p class=\"ft-text\">A mitad del tratamiento, lleg\u00f3 el <a class=\"ft-link ft-link--decoration\" href=\"https:\/\/www.eldia.es\/sociedad\/2026\/01\/28\/cancer-jovenes-diagnosticos-espana-informe-oncologia-2026-126174587.html\" target=\"_blank\" rel=\"nofollow noopener\">derrumbe emocional. <\/a>\u00abFueron muchos cambios en poco tiempo. Adem\u00e1s, antes de empezar la terapia, tuvieron que quitarme varias piezas dentales para evitar complicaciones posteriores, ya que tambi\u00e9n padezco periodontitis \u2013una infecci\u00f3n que destruye el tejido blando y el hueso que sostiene los dientes\u2013. Todo esto hizo que el mundo se me viniera encima y que cayera en una <strong>depresi\u00f3n<\/strong>\u00bb, asevera el paciente.<\/p>\n<p>Dificultades econ\u00f3micas<\/p>\n<p class=\"ft-text\">Para m\u00e1s inri, la carga emocional se vio agravada <a class=\"ft-link ft-link--decoration\" href=\"https:\/\/www.eldia.es\/sociedad\/2026\/01\/28\/cancer-pulmon-supera-mama-mortalidad-mujeres-espana-126173522.html\" target=\"_blank\" rel=\"nofollow noopener\">por su situaci\u00f3n econ\u00f3mica,<\/a> pues la patolog\u00eda lo llev\u00f3 a aparcar su trabajo de cocinero y a estar en <strong>situaci\u00f3n de baja laboral<\/strong>, lo que hizo que sus ingresos se redujeran de forma dr\u00e1stica. Mientras tanto, las facturas se amontonaban.<\/p>\n<p class=\"ft-text\">\u00abUn d\u00eda me anim\u00e9 a recurrir a la <a class=\"ft-link ft-link--decoration\" href=\"https:\/\/colabora.contraelcancer.es\/dona?utm_source=v1mp&amp;utm_medium=sem-pmx-prs-60&amp;utm_campaign=marca&amp;utm_content=pmax-gen&amp;tc_alt=126185&amp;gad_source=1&amp;gad_campaignid=21114201332&amp;gbraid=0AAAAA9SWMdvonJeXDATOwV3-zTSazr5Tc&amp;gclid=CjwKCAiAs4HMBhBJEiwACrfNZbhBAcJuyBPRDtCJgk371QoXnoGNgFXI_RMnOaubDMcdJ25hZ5of8BoC5l4QAvD_BwE\" target=\"_blank\" rel=\"nofollow noopener\">Asociaci\u00f3n Espa\u00f1ola Contra el C\u00e1ncer <\/a>y, la verdad, ha sido lo mejor que he hecho. All\u00ed he recibido apoyo psicol\u00f3gico y he contado con el asesoramiento de una trabajadora social, que consigui\u00f3 que me aprobaran una ayuda econ\u00f3mica durante seis meses. Para m\u00ed son personas maravillosas, y solo tengo palabras de agradecimiento hacia ellas\u00bb, dice con emoci\u00f3n.<\/p>\n<blockquote class=\"ft-mol-quote\" data-aida-quote=\"\"><p>El afectado recibi\u00f3 tres sesiones de quimioterapia y 33 de radioterapia, a lo largo de tres meses\n<\/p><\/blockquote>\n<p class=\"ft-text\">En este duro camino, su familia tambi\u00e9n estuvo presente. Sus padres, de edad avanzada, tuvieron altibajos, pero siempre los sinti\u00f3 cerca. En ese contexto, sus dos hermanas desempe\u00f1aron un papel clave y se convirtieron en su sost\u00e9n diario. \u00abHicieron todo lo que pudieron. Me acompa\u00f1aban a las citas m\u00e9dicas y me ayudaron cuando apenas ten\u00eda fuerzas para seguir adelante\u00bb, informa.<\/p>\n<p class=\"ft-text\">Ahora bien, para Santiago, el pilar m\u00e1s firme fue su pareja, a quien conoci\u00f3 solo unos meses antes de saber el diagn\u00f3stico. \u00abDesde el primer momento se qued\u00f3 a mi lado y tambi\u00e9n me ayud\u00f3 a asumir muchos gastos cuando todo se vino abajo. Ese respaldo fue fundamental para no perder la esperanza\u00bb, afirma con contundencia.<\/p>\n<p>Remisi\u00f3n de la enfermedad<\/p>\n<p class=\"ft-text\">El paciente termin\u00f3 el tratamiento el pasado abril y, en la actualidad, se somete a <strong>controles cada tres meses<\/strong>. Desde entonces, las pruebas de seguimiento han confirmado que el c\u00e1ncer ha remitido. \u00abLa recuperaci\u00f3n fue lenta y he necesitado tiempo para ganar fuerzas, volver a entrenar en el gimnasio como hac\u00eda antes y comer con cierta normalidad. Adem\u00e1s, desde hace dos semanas, he vuelto a trabajar\u00bb, celebra.<\/p>\n<p class=\"ft-text\">Ahora, el paciente mira atr\u00e1s con alivio y con la certeza de haber aprendido mucho de la experiencia. \u00abA veces, la vida nos pone ante situaciones inesperadas y no sabemos c\u00f3mo reaccionar. He tenido amigos que han pasado por un c\u00e1ncer y no siempre supe c\u00f3mo acompa\u00f1arlos. De todo este proceso, me quedo, sobre todo, con lo aprendido\u00bb, sostiene.<\/p>\n<p class=\"ft-text\">Con motivo de la conmemoraci\u00f3n del D\u00eda Mundial Contra el C\u00e1ncer, que se celebra este mi\u00e9rcoles, no duda en lanzar un mensaje de esperanza a las personas que se enfrentan a una situaci\u00f3n similar a la que le ha tocado vivir. \u00abNunca hay que dejarse llevar por la negatividad, porque la ciencia ha avanzado mucho. Tambi\u00e9n es muy importante dejarse ayudar por los maravillosos profesionales que trabajan en los hospitales y, por supuesto, por el personal de la Asociaci\u00f3n Espa\u00f1ola Contra el C\u00e1ncer\u00bb, concluye el cocinero, que anima a la poblaci\u00f3n a no bajar la guardia con los controles m\u00e9dicos.<\/p>\n<p data-close=\"closedContent\" class=\"subscribeHideForDisplay\">Suscr\u00edbete para seguir leyendo<\/p>\n","protected":false},"excerpt":{"rendered":"La vida de Santiago Sanagust\u00edn dio un giro radical a finales del verano de 2024, cuando, sin esperarlo,&hellip;\n","protected":false},"author":2,"featured_media":377760,"comment_status":"","ping_status":"","sticky":false,"template":"","format":"standard","meta":{"footnotes":""},"categories":[92],"tags":[4095,1838,1066,13692,25,24,1897,165,5279,6016,166,2450,23,2606],"class_list":["post-377759","post","type-post","status-publish","format-standard","has-post-thumbnail","category-salud","tag-batalla","tag-cambia","tag-cancer","tag-controles","tag-es","tag-espana","tag-gran-canaria","tag-health","tag-intensa","tag-medicos","tag-salud","tag-santiago","tag-spain","tag-vida"],"share_on_mastodon":{"url":"https:\/\/pubeurope.com\/@es\/116009576894052351","error":""},"_links":{"self":[{"href":"https:\/\/www.europesays.com\/es\/wp-json\/wp\/v2\/posts\/377759","targetHints":{"allow":["GET"]}}],"collection":[{"href":"https:\/\/www.europesays.com\/es\/wp-json\/wp\/v2\/posts"}],"about":[{"href":"https:\/\/www.europesays.com\/es\/wp-json\/wp\/v2\/types\/post"}],"author":[{"embeddable":true,"href":"https:\/\/www.europesays.com\/es\/wp-json\/wp\/v2\/users\/2"}],"replies":[{"embeddable":true,"href":"https:\/\/www.europesays.com\/es\/wp-json\/wp\/v2\/comments?post=377759"}],"version-history":[{"count":0,"href":"https:\/\/www.europesays.com\/es\/wp-json\/wp\/v2\/posts\/377759\/revisions"}],"wp:featuredmedia":[{"embeddable":true,"href":"https:\/\/www.europesays.com\/es\/wp-json\/wp\/v2\/media\/377760"}],"wp:attachment":[{"href":"https:\/\/www.europesays.com\/es\/wp-json\/wp\/v2\/media?parent=377759"}],"wp:term":[{"taxonomy":"category","embeddable":true,"href":"https:\/\/www.europesays.com\/es\/wp-json\/wp\/v2\/categories?post=377759"},{"taxonomy":"post_tag","embeddable":true,"href":"https:\/\/www.europesays.com\/es\/wp-json\/wp\/v2\/tags?post=377759"}],"curies":[{"name":"wp","href":"https:\/\/api.w.org\/{rel}","templated":true}]}}