{"id":378073,"date":"2026-02-04T05:23:08","date_gmt":"2026-02-04T05:23:08","guid":{"rendered":"https:\/\/www.europesays.com\/es\/378073\/"},"modified":"2026-02-04T05:23:08","modified_gmt":"2026-02-04T05:23:08","slug":"la-brutalidad-de-la-represion-de-las-protestas-en-iran-en-cifras-de-3-000-a-30-000-muertos-internacional","status":"publish","type":"post","link":"https:\/\/www.europesays.com\/es\/378073\/","title":{"rendered":"La brutalidad de la represi\u00f3n de las protestas en Ir\u00e1n, en cifras: de 3.000 a 30.000 muertos | Internacional"},"content":{"rendered":"<p class=\"\">El saldo de v\u00edctimas de las<a href=\"https:\/\/elpais.com\/internacional\/2026-01-19\/los-iranies-tras-la-represion-de-las-protestas-nos-han-dejado-solos-no-le-importamos-a-nadie.html\" target=\"_self\" rel=\"nofollow noopener\" title=\"https:\/\/elpais.com\/internacional\/2026-01-19\/los-iranies-tras-la-represion-de-las-protestas-nos-han-dejado-solos-no-le-importamos-a-nadie.html\"> protestas en Ir\u00e1n<\/a> todav\u00eda es un mar de dudas. El pasado 28 de diciembre, en el Gran Bazar de Teher\u00e1n, varios comerciantes cerraron sus tiendas para protestar por el <a href=\"https:\/\/elpais.com\/internacional\/2026-01-14\/pagar-el-aceite-a-plazos-o-dormir-en-las-azoteas-el-colapso-economico-la-chispa-que-ha-incendiado-iran.html\" target=\"_self\" rel=\"nofollow noopener\" title=\"https:\/\/elpais.com\/internacional\/2026-01-14\/pagar-el-aceite-a-plazos-o-dormir-en-las-azoteas-el-colapso-economico-la-chispa-que-ha-incendiado-iran.html\">deterioro econ\u00f3mico del pa\u00eds<\/a>, que incluye la devaluaci\u00f3n del rial iran\u00ed \u2014cuyo valor ha alcanzado m\u00ednimos hist\u00f3ricos\u2014 y una inflaci\u00f3n persistente. En pocos d\u00edas, los disturbios se extendieron a las 31 provincias del territorio, transform\u00e1ndose en un claro desaf\u00edo al r\u00e9gimen dirigido con pu\u00f1o de hierro por el l\u00edder supremo, el ayatol\u00e1 Al\u00ed Jamene\u00ed. El Gobierno <a href=\"https:\/\/elpais.com\/tecnologia\/2026-01-12\/apagon-de-internet-en-iran-asi-funciona-el-arma-digital-de-los-regimenes-autoritarios-para-acallar-a-la-poblacion.html\" target=\"_self\" rel=\"nofollow noopener\" title=\"https:\/\/elpais.com\/tecnologia\/2026-01-12\/apagon-de-internet-en-iran-asi-funciona-el-arma-digital-de-los-regimenes-autoritarios-para-acallar-a-la-poblacion.html\">respondi\u00f3 con un corte total de internet<\/a> y una violencia extrema, una represi\u00f3n que no se ve\u00eda en el pa\u00eds desde la Revoluci\u00f3n Isl\u00e1mica de 1979. Aunque las autoridades iran\u00edes fijan los muertos en 3.117, varias ONG independientes aseguran que <a href=\"https:\/\/elpais.com\/internacional\/2026-01-23\/iranies-denuncian-que-el-regimen-mantiene-una-represion-inimaginable-tras-sofocar-las-protestas.html\" target=\"_self\" rel=\"nofollow noopener\" title=\"https:\/\/elpais.com\/internacional\/2026-01-23\/iranies-denuncian-que-el-regimen-mantiene-una-represion-inimaginable-tras-sofocar-las-protestas.html\">esa cifra oscila entre los 4.000 y 6.500<\/a> casos documentados y que se investigan decenas de miles m\u00e1s, lo que elevar\u00eda el dato a entre 20.000 y 30.000 fallecidos, seg\u00fan confirman varios medios internacionales y expertos consultados.<\/p>\n<p class=\"\">La cifra m\u00e1s reciente, recopilada de manera independiente al Gobierno iran\u00ed, proviene de la agencia estadounidense Human Rights Activists in Iran (HRANA, por sus siglas en ingl\u00e9s), que <a href=\"https:\/\/elpais.com\/internacional\/2026-01-03\/el-lider-supremo-de-iran-ordena-mano-dura-contra-los-disturbios-despues-de-que-trump-amenace-con-atacar-teheran-si-reprime-las-protestas.html\" target=\"_self\" rel=\"nofollow noopener\" title=\"https:\/\/elpais.com\/internacional\/2026-01-03\/el-lider-supremo-de-iran-ordena-mano-dura-contra-los-disturbios-despues-de-que-trump-amenace-con-atacar-teheran-si-reprime-las-protestas.html\">afirm\u00f3 haber documentado 6.854 muertes<\/a>, el lunes. El desglose proporcionado se\u00f1ala que 6.430 son manifestantes; 152 ni\u00f1os; 214 fuerzas de seguridad; y 58 fueron identificados como \u201cno manifestantes\/civiles\u201d. Adem\u00e1s, asegur\u00f3 que otros 11.280 est\u00e1n siendo investigados, lo que dejar\u00eda un saldo de unos 18.000 decesos. Esta misma organizaci\u00f3n destaca que desde que estallaron las manifestaciones, ha registrado 666 protestas en 209 ciudades diferentes. En total, 50.235 personas han sido detenidas, de las que 326 eran menores de edad y 106 estudiantes. Tambi\u00e9n ha contabilizado 11.021 civiles heridos.<\/p>\n<p class=\"\">Datos proporcionados el 25 de enero por la ONG Iran Human Rights (IHR) apuntaban 3.428 fallecidos documentados, pero estima igualmente que el dato real alcanza los 25.000. En la misma l\u00ednea, la relatora especial de la ONU en Ir\u00e1n, Mai Sato, asegur\u00f3 en un comunicado difundido tres d\u00edas antes que <a href=\"https:\/\/elpais.com\/internacional\/2026-01-04\/la-ola-de-protestas-en-iran-deja-varios-muertos-y-cientos-de-detenidos-en-su-primera-semana-segun-las-organizaciones-sociales.html\" target=\"_self\" rel=\"nofollow noopener\" title=\"https:\/\/elpais.com\/internacional\/2026-01-04\/la-ola-de-protestas-en-iran-deja-varios-muertos-y-cientos-de-detenidos-en-su-primera-semana-segun-las-organizaciones-sociales.html\">se hab\u00edan verificado unas 5.000 muertes<\/a>, pero se\u00f1al\u00f3 que fuentes sobre el terreno incrementaban ese n\u00famero a unos 20.000. <\/p>\n<p class=\"\">En declaraciones a Euronews el pasado lunes, el doctor Hashim Moazenzadeh, cirujano franc\u00e9s y director del sitio de noticias Palena, subray\u00f3 que al menos 22.000 decesos hab\u00edan sido registrados solo en el \u00e1mbito forense, que han pasado por un tanatorio,<b> <\/b>seg\u00fan las estad\u00edsticas generales confirmadas que recibe de fuentes hospitalarias. Otros medios internacionales, entre ellos la revista estadounidense Time y el diario brit\u00e1nico The Guardian, calculan que <a href=\"https:\/\/elpais.com\/internacional\/2026-01-30\/israel-guarda-un-inesperado-silencio-ante-los-tambores-de-guerra-de-trump-con-su-archienemigo-iran.html\" target=\"_self\" rel=\"nofollow noopener\" title=\"https:\/\/elpais.com\/internacional\/2026-01-30\/israel-guarda-un-inesperado-silencio-ante-los-tambores-de-guerra-de-trump-con-su-archienemigo-iran.html\">el n\u00famero de muertos se acercar\u00eda a unos 30.000<\/a>, el primero basado en conversaciones con dos fuentes del Ministerio de Salud iran\u00ed. El diario brit\u00e1nico cita fuentes m\u00e9dicas en el terreno.<\/p>\n<p class=\"\">\u201cEs muy dif\u00edcil hacer una aproximaci\u00f3n exacta, pero s\u00ed podemos hablar de miles de personas\u201d, asegura Carlos de las Heras, responsable de Europa y Oriente Medio para Amnist\u00eda Internacional (AI) en Espa\u00f1a, en una llamada con EL PA\u00cdS. Este experto afirma que ve como \u201cfactible\u201d que los fallecidos lleguen incluso a las decenas de miles, por dos motivos: \u201cPrimero, por la opacidad de los iran\u00edes a la hora de permitir la entrada de observadores independientes que puedan llevar a cabo este tipo de investigaciones, y segundo, por el<a href=\"https:\/\/elpais.com\/internacional\/2026-01-29\/la-ue-allana-el-camino-para-designar-a-la-guardia-revolucionaria-de-iran-como-grupo-terrorista.html\" target=\"_self\" rel=\"nofollow noopener\" title=\"https:\/\/elpais.com\/internacional\/2026-01-29\/la-ue-allana-el-camino-para-designar-a-la-guardia-revolucionaria-de-iran-como-grupo-terrorista.html\"> historial que tiene Ir\u00e1n en cuanto a la represi\u00f3n de protestas<\/a>\u201d, subraya. Ese \u201chistorial\u201d, dice, incluye la represi\u00f3n de las protestas de 2017, 2019, 2021, y 2022, estas \u00faltimas en respuesta a <a href=\"https:\/\/elpais.com\/internacional\/2024-09-16\/las-iranies-sin-velo-mantienen-el-desafio-al-regimen-pese-a-la-represion-dos-anos-despues-de-las-protestas.html\" target=\"_self\" rel=\"nofollow noopener\" title=\"https:\/\/elpais.com\/internacional\/2024-09-16\/las-iranies-sin-velo-mantienen-el-desafio-al-regimen-pese-a-la-represion-dos-anos-despues-de-las-protestas.html\">la muerte de Mahsa Amini,<\/a> detenida por la polic\u00eda por llevar mal puesto el velo.<\/p>\n<p class=\"\">Daniel Bashandeh, analista pol\u00edtico especializado en Oriente Medio e Ir\u00e1n, coincide: \u201cTodav\u00eda no sabemos la cifra exacta, pero todo apunta a que ha habido una represi\u00f3n mucho mayor que durante la revoluci\u00f3n de 1979\u2033. El 17 de enero, Jamene\u00ed reconoci\u00f3 p\u00fablicamente que las protestas <a href=\"https:\/\/elpais.com\/internacional\/2026-01-17\/el-lider-supremo-de-iran-ali-jamenei-reconoce-miles-de-muertes-en-las-protestas-y-culpa-a-trump-de-instigarlas.html\" target=\"_self\" rel=\"nofollow noopener\" title=\"https:\/\/elpais.com\/internacional\/2026-01-17\/el-lider-supremo-de-iran-ali-jamenei-reconoce-miles-de-muertes-en-las-protestas-y-culpa-a-trump-de-instigarlas.html\">se hab\u00edan saldado con la vida de \u201cmiles de personas\u201d<\/a>. Cuatro d\u00edas despu\u00e9s, el Consejo Supremo de Seguridad Nacional de Ir\u00e1n las cifr\u00f3 en 3.117. Sin embargo, el desglose de este dato es ambiguo. El propio Jamene\u00ed declar\u00f3 a principios del mes que muchos de los fallecidos eran \u201cagitadores\u201d a los que hab\u00eda que \u201cponer en su lugar\u201d, explica el alto cargo de AI.<\/p>\n<p class=\"\">\u201cEl r\u00e9gimen no quiere que se haga eco de lo que est\u00e1 ocurriendo sobre el terreno, sobre todo con estas cifras\u201d, afirma Bashandeh. \u201cEl relato no va en t\u00e9rminos de reivindicaciones pol\u00edticas y econ\u00f3micas, sino que ya es algo de supervivencia pura del sistema. Intentan dar una imagen de que no son civiles [asesinados], sino que son <a href=\"https:\/\/elpais.com\/internacional\/2026-01-11\/las-protestas-en-iran-desafian-al-regimen-pese-a-la-dura-represion.html\" target=\"_self\" rel=\"nofollow noopener\" title=\"https:\/\/elpais.com\/internacional\/2026-01-11\/las-protestas-en-iran-desafian-al-regimen-pese-a-la-dura-represion.html\">v\u00e1ndalos y terroristas que atentan contra el orden constitucional de Ir\u00e1n\u201d<\/a>, explica el analista por tel\u00e9fono con este diario.<\/p>\n<p class=\"\">Javier Gil Guerrero, investigador del Instituto Cultura y Sociedad (ICS) de la Universidad de Navarra especializado en la Rep\u00fablica Isl\u00e1mica, destaca igualmente una estrategia paralela, en declaraciones a este peri\u00f3dico: \u201c[Las autoridades] publican listas de toda la destrucci\u00f3n que han ocasionado los disturbios de mezquitas, de sucursales bancarias, comisar\u00edas de polic\u00eda y dem\u00e1s para justificar toda la matanza que se ha producido\u201d. Tambi\u00e9n atribuye la <a href=\"https:\/\/elpais.com\/internacional\/2026-01-14\/iran-un-regimen-agotado-y-en-decadencia-dispuesto-a-resistir-hasta-el-final.html\" target=\"_self\" rel=\"nofollow noopener\" title=\"https:\/\/elpais.com\/internacional\/2026-01-14\/iran-un-regimen-agotado-y-en-decadencia-dispuesto-a-resistir-hasta-el-final.html\">gran amplitud de estas protestas<\/a> a que el r\u00e9gimen se encuentra ahora ante la amenaza real de ser derrotado: \u201c[El Gobierno de Ir\u00e1n] ha aprendido las lecciones que le llevaron a la monarqu\u00eda a perder el poder en 1979 y est\u00e1 decidido a no repetir los errores que cometi\u00f3 la monarqu\u00eda\u201d. <\/p>\n<p><img decoding=\"auto\" class=\"_re lazyload a_m-h\" height=\"276\"  width=\"414\"  src=\"https:\/\/www.europesays.com\/es\/wp-content\/uploads\/2026\/02\/5ZYBHPGS2VJVHNACP4WBNV6HDI.jpg\" loading=\"lazy\"\/>Coranes quemados de la mezquita Beheshti, del oriental barrio de Tehranpars, el 21 de enero.\/Jaime Le\u00f3n (EFE)<\/p>\n<p class=\"\">De las Heras considera posible que se documente la totalidad de las muertes en estas protestas, pero solo si Ir\u00e1n <a href=\"https:\/\/elpais.com\/internacional\/2026-01-16\/el-hijo-exiliado-del-ultimo-shah-reclama-ayuda-internacional-para-acabar-con-el-regimen-de-iran.html\" target=\"_self\" rel=\"nofollow noopener\" title=\"https:\/\/elpais.com\/internacional\/2026-01-16\/el-hijo-exiliado-del-ultimo-shah-reclama-ayuda-internacional-para-acabar-con-el-regimen-de-iran.html\">concede acceso a la misi\u00f3n de investigaci\u00f3n de Naciones Unidas<\/a>. As\u00ed lo exigi\u00f3 la organizaci\u00f3n en el Consejo de Derechos Humanos del pasado d\u00eda 23, para llevar a cabo estudios independientes, lo cual todav\u00eda no ha sido aprobado por el Gobierno del pa\u00eds. Y advierte de que, si bien el nivel de las manifestaciones ha bajado, ha aumentado la intimidaci\u00f3n ejercida sobre la poblaci\u00f3n. <\/p>\n<p class=\"\">\u201cSe est\u00e1n prohibiendo las reuniones, <a href=\"https:\/\/elpais.com\/internacional\/2026-01-15\/reza-pahlevi-el-principe-destronado-aupado-por-la-desesperacion-de-los-iranies.html\" target=\"_self\" rel=\"nofollow noopener\" title=\"https:\/\/elpais.com\/internacional\/2026-01-15\/reza-pahlevi-el-principe-destronado-aupado-por-la-desesperacion-de-los-iranies.html\">se est\u00e1 acosando a las familias de las v\u00edctimas<\/a>, hay multitud de patrullas armadas por todo el pa\u00eds y existen toques de queda nocturnos que hacen muy dif\u00edcil el ejercer el derecho a la libre reuni\u00f3n o a la libre expresi\u00f3n por parte de la sociedad iran\u00ed\u201d, se\u00f1ala el experto de AI. \u201cLo que quiere instaurar el r\u00e9gimen es miedo entre la poblaci\u00f3n\u201d, secunda Bashandeh.<\/p>\n","protected":false},"excerpt":{"rendered":"El saldo de v\u00edctimas de las protestas en Ir\u00e1n todav\u00eda es un mar de dudas. El pasado 28&hellip;\n","protected":false},"author":2,"featured_media":378074,"comment_status":"","ping_status":"","sticky":false,"template":"","format":"standard","meta":{"footnotes":""},"categories":[42],"tags":[60067,17,18,5282,13,14,11,11225,61,62,63,64,3137,19,20,4809,9,10,15,16,1899,77307,83079,14099,12,21,22,65,66,67],"class_list":["post-378073","post","type-post","status-publish","format-standard","has-post-thumbnail","category-internacional","tag-ali-jamenei","tag-breaking-news","tag-breakingnews","tag-derechos-humanos","tag-featured-news","tag-featurednews","tag-headlines","tag-heridos","tag-internacional","tag-international","tag-international-news","tag-internationalnews","tag-iran","tag-latest-news","tag-latestnews","tag-muertes","tag-news","tag-noticias","tag-noticias-destacadas","tag-noticiasdestacadas","tag-ong","tag-protestas-iran","tag-revolucion-irani","tag-teheran","tag-titulares","tag-ultimas-noticias","tag-ultimasnoticias","tag-world","tag-world-news","tag-worldnews"],"share_on_mastodon":{"url":"","error":"Validation failed: Text character limit of 500 exceeded"},"_links":{"self":[{"href":"https:\/\/www.europesays.com\/es\/wp-json\/wp\/v2\/posts\/378073","targetHints":{"allow":["GET"]}}],"collection":[{"href":"https:\/\/www.europesays.com\/es\/wp-json\/wp\/v2\/posts"}],"about":[{"href":"https:\/\/www.europesays.com\/es\/wp-json\/wp\/v2\/types\/post"}],"author":[{"embeddable":true,"href":"https:\/\/www.europesays.com\/es\/wp-json\/wp\/v2\/users\/2"}],"replies":[{"embeddable":true,"href":"https:\/\/www.europesays.com\/es\/wp-json\/wp\/v2\/comments?post=378073"}],"version-history":[{"count":0,"href":"https:\/\/www.europesays.com\/es\/wp-json\/wp\/v2\/posts\/378073\/revisions"}],"wp:featuredmedia":[{"embeddable":true,"href":"https:\/\/www.europesays.com\/es\/wp-json\/wp\/v2\/media\/378074"}],"wp:attachment":[{"href":"https:\/\/www.europesays.com\/es\/wp-json\/wp\/v2\/media?parent=378073"}],"wp:term":[{"taxonomy":"category","embeddable":true,"href":"https:\/\/www.europesays.com\/es\/wp-json\/wp\/v2\/categories?post=378073"},{"taxonomy":"post_tag","embeddable":true,"href":"https:\/\/www.europesays.com\/es\/wp-json\/wp\/v2\/tags?post=378073"}],"curies":[{"name":"wp","href":"https:\/\/api.w.org\/{rel}","templated":true}]}}