{"id":378435,"date":"2026-02-04T10:14:10","date_gmt":"2026-02-04T10:14:10","guid":{"rendered":"https:\/\/www.europesays.com\/es\/378435\/"},"modified":"2026-02-04T10:14:10","modified_gmt":"2026-02-04T10:14:10","slug":"david-ruiz-cantante-de-la-m-o-d-a-ser-coherentes-y-sinceros-es-para-nosotros-lo-mas-importante","status":"publish","type":"post","link":"https:\/\/www.europesays.com\/es\/378435\/","title":{"rendered":"David Ruiz, cantante de La M.O.D.A.: \u00abSer coherentes y sinceros es para nosotros lo m\u00e1s importante\u00bb"},"content":{"rendered":"<p><a href=\"https:\/\/www.elcomercio.es\/planes\/moda-concierto-gijon2026-maravillosa-orquesta-alcohol-gira-20250212174830-nt.html\" target=\"_self\" data-voc-vtm-id=\"in-text-traffic\" title=\"La M.O.D.A.\" data-mrf-link=\"www.elcomercio.es\" rel=\"nofollow noopener\">La M.O.D.A.<\/a> (Maravillosa Orquesta del Alcohol) estar\u00e1 este viernes en Gij\u00f3n Arena presentando su \u00faltimo disco, &#8216;San Felices&#8217;. Hablamos con su vocalista, <strong>David Ruiz<\/strong> &#8230; , del nuevo trabajo y del camino recorrido hasta hoy por el grupo. <\/p>\n<p class=\"v-p\"><strong>\u2013\u00bfC\u00f3mo est\u00e1 yendo la gira?<\/strong><\/p>\n<p class=\"v-p\">\u2013Estamos muy contentos porque despu\u00e9s de dos a\u00f1os de par\u00f3n, en un momento en el que la m\u00fasica va tan r\u00e1pido, tienes tus dudas de a ver si la gente no se olvida de nosotros. \u00bfQu\u00e9 va a pasar? \u00bfLes van a gustar las canciones nuevas? Y ha sido una respuesta incre\u00edble, el p\u00fablico ha recibido el disco mejor que nunca. As\u00ed que muy agradecidos.<\/p>\n<p class=\"v-p\"><strong>\u2013\u00bfEl par\u00f3n ha servido para cocinar el disco con tranquilidad?<\/strong><\/p>\n<p class=\"v-p\">\u2013Seguro que ha contribuido. Hemos tenido m\u00e1s tiempo para trabajar tranquilos en el local sin la urgencia habitual y en esta ocasi\u00f3n sent\u00edamos que necesit\u00e1bamos parar y hacer las cosas con calma, con m\u00e1s cari\u00f1o que nunca. Tambi\u00e9n nosotros notamos que nos ha venido muy bien.<\/p>\n<p class=\"v-p\"><strong>\u2013El \u00e1lbum est\u00e1 producido por Carlos Raya (Fito y Fitipaldis). \u00bfQu\u00e9 os ha aportado?<\/strong><\/p>\n<p class=\"v-p\">\u2013Nos ha aportado sonido, algo que solo da la experiencia; tambi\u00e9n ideas muy buenas y sobre todo libertad. Nos ha dejado ser nosotros mismos, ha hecho por entender nuestra identidad y nos ha acompa\u00f1ado en la toma de decisiones de una manera muy respetuosa, que ha ayudado a crear un ambiente especial y muy humano que creemos que se nota tambi\u00e9n en las canciones.<\/p>\n<p class=\"v-p\"><strong>\u2013Uno de los atractivos del disco es la colaboraci\u00f3n de Leiva en el tema sobre el Chava Jim\u00e9nez.<\/strong><\/p>\n<p class=\"v-p\">\u2013Pensamos que la canci\u00f3n le iba como anillo al dedo y que adem\u00e1s iba hacerla a\u00fan mejor. Lo imagin\u00e1bamos ah\u00ed. Nos atrevimos a propon\u00e9rselo y accedi\u00f3, le gust\u00f3 mucho y estamos muy satisfechos del resultado.<\/p>\n<p class=\"v-p\"><strong>\u2013El t\u00edtulo es el nombre de vuestro barrio en Burgos. Ah\u00ed siguen estando vuestras ra\u00edces, \u00bfno?<\/strong><\/p>\n<p class=\"v-p\">\u2013S\u00ed, sin duda para nosotros es muy importante nuestra tierra, nuestros pueblos y nuestra ciudad y siempre ha estado presente en nuestra m\u00fasica. Creemos que en un momento en el que lo global ocupa tanto y donde parece que todo lo importante sucede en las grandes capitales es una manera de reivindicar precisamente lo contrario. El d\u00eda a d\u00eda, la sencillez de tu mundo, tu universo, tu barrio y tu gente, y es algo que quer\u00edamos transmitir con este \u00e1lbum, intentar hacer sentir al oyente lo que se siente cuando est\u00e1s fuera de casa y vuelves y ves el cartelito de tu pueblo.<\/p>\n<p class=\"v-p\"><strong>\u2013\u00bfC\u00f3mo veis desde dentro la evoluci\u00f3n del grupo?<\/strong><\/p>\n<p class=\"v-p\">\u2013Al principio ten\u00edamos la mirada puesta en el mundo anglosaj\u00f3n, la mayor\u00eda de la m\u00fasica que nos gustaba ven\u00eda de ah\u00ed, incluso cant\u00e1bamos en ingl\u00e9s. Hemos ido haciendo poco a poco un camino bastante espont\u00e1neo y natural, cambiando el foco para acercarnos m\u00e1s a esas ra\u00edces y al lugar del que venimos. Estamos muy orgullosos porque siempre hemos intentado ser coherentes, sinceros y aut\u00e9nticos. Para nosotros es lo m\u00e1s importante.<\/p>\n<p class=\"v-p\"><strong>\u2013\u00bfQu\u00e9 os sigue inspirando?<\/strong><\/p>\n<p class=\"v-p\">\u2013Siempre nos hemos inspirado en la vida misma y en el mundo, lo que te sucede alrededor y lo que sientes, lo que te imaginas que sienten las personas que tienes cerca y las que no conoces. Seguimos ah\u00ed, con esa misma necesidad de expresar cosas. Y mientras la tengamos, seguiremos escribiendo canciones.<\/p>\n","protected":false},"excerpt":{"rendered":"La M.O.D.A. (Maravillosa Orquesta del Alcohol) estar\u00e1 este viernes en Gij\u00f3n Arena presentando su \u00faltimo disco, &#8216;San Felices&#8217;.&hellip;\n","protected":false},"author":2,"featured_media":378436,"comment_status":"","ping_status":"","sticky":false,"template":"","format":"standard","meta":{"footnotes":""},"categories":[174],"tags":[4328,255,83136,2429,146,147,25,24,256,908,1023,5106,83137,23],"class_list":["post-378435","post","type-post","status-publish","format-standard","has-post-thumbnail","category-famosos","tag-cantante","tag-celebrities","tag-coherentes","tag-david","tag-entertainment","tag-entretenimiento","tag-es","tag-espana","tag-famosos","tag-importante","tag-moda","tag-ruiz","tag-sinceros","tag-spain"],"share_on_mastodon":{"url":"https:\/\/pubeurope.com\/@es\/116011838555296308","error":""},"_links":{"self":[{"href":"https:\/\/www.europesays.com\/es\/wp-json\/wp\/v2\/posts\/378435","targetHints":{"allow":["GET"]}}],"collection":[{"href":"https:\/\/www.europesays.com\/es\/wp-json\/wp\/v2\/posts"}],"about":[{"href":"https:\/\/www.europesays.com\/es\/wp-json\/wp\/v2\/types\/post"}],"author":[{"embeddable":true,"href":"https:\/\/www.europesays.com\/es\/wp-json\/wp\/v2\/users\/2"}],"replies":[{"embeddable":true,"href":"https:\/\/www.europesays.com\/es\/wp-json\/wp\/v2\/comments?post=378435"}],"version-history":[{"count":0,"href":"https:\/\/www.europesays.com\/es\/wp-json\/wp\/v2\/posts\/378435\/revisions"}],"wp:featuredmedia":[{"embeddable":true,"href":"https:\/\/www.europesays.com\/es\/wp-json\/wp\/v2\/media\/378436"}],"wp:attachment":[{"href":"https:\/\/www.europesays.com\/es\/wp-json\/wp\/v2\/media?parent=378435"}],"wp:term":[{"taxonomy":"category","embeddable":true,"href":"https:\/\/www.europesays.com\/es\/wp-json\/wp\/v2\/categories?post=378435"},{"taxonomy":"post_tag","embeddable":true,"href":"https:\/\/www.europesays.com\/es\/wp-json\/wp\/v2\/tags?post=378435"}],"curies":[{"name":"wp","href":"https:\/\/api.w.org\/{rel}","templated":true}]}}