{"id":378494,"date":"2026-02-04T10:59:11","date_gmt":"2026-02-04T10:59:11","guid":{"rendered":"https:\/\/www.europesays.com\/es\/378494\/"},"modified":"2026-02-04T10:59:11","modified_gmt":"2026-02-04T10:59:11","slug":"entrevista-bob-voulgaris-cd-castellon-futbolistas-fichajes-presidente","status":"publish","type":"post","link":"https:\/\/www.europesays.com\/es\/378494\/","title":{"rendered":"ENTREVISTA BOB VOULGARIS CD CASTELLON FUTBOLISTAS FICHAJES PRESIDENTE"},"content":{"rendered":"<p class=\"ft-text ft-helper-closenews\">El <strong>CD Castell\u00f3n<\/strong>, en ascenso directo y con la ilusi\u00f3n a su alrededor disparada, ha cerrado la ventana invernal del mercado con satisfacci\u00f3n interna. El presidente del club, <strong>Haralabos Voulgaris<\/strong>, responde a <strong>Mediterr\u00e1neo <\/strong>sobre<strong> las llegadas, las salidas, la estabilidad del grupo, las fichas libres y la ambici\u00f3n<\/strong> para lo que queda de temporada: <strong>\u00abSi afrontamos juntos lo que nos espera, puede ser algo especial\u00bb.<\/strong><\/p>\n<p class=\"ft-text\"><strong>&#8211;\u00bfC\u00f3mo valora el mercado de fichajes de invierno?<\/strong><\/p>\n<p class=\"ft-text\">&#8211;Muy contento con nuestro mercado. Intentamos lograr algo especial, trabajando con estrictos l\u00edmites de presupuesto. Para ello, nos centramos en maximizar la rentabilidad<strong>. Esto implic\u00f3 ceder o traspasar a jugadores que no jugaban muchos minutos, lo que gener\u00f3 el margen salarial necesario para el regreso de Ra\u00fal S\u00e1nchez<\/strong>. Creemos que esta decisi\u00f3n eleva significativamente nuestro potencial y nos brinda una verdadera oportunidad de impulsar algo especial esta temporada.<\/p>\n<p class=\"ft-text\">Adem\u00e1s, incorporamos a <strong>\u00c1lvaro Garc\u00eda<\/strong> para que ocupe un puesto similar al que ten\u00eda Nick Markanich antes de su cesi\u00f3n, lo que nos ayuda a mantener el equilibrio en la <a class=\"ft-link ft-link--decoration\" href=\"https:\/\/www.elperiodicomediterraneo.com\/tags\/cd-castellon\/\" rel=\"nofollow noopener\" target=\"_blank\">plantilla<\/a>. Tambi\u00e9n incorporamos a un joven muy prometedor,<strong> Ismael Fadel<\/strong>. Algunas noticias suger\u00edan que hab\u00eda sido fichado para el filial, pero<strong> es un fichaje del primer equipo. Su situaci\u00f3n es similar a la que tuvo Jozhua Vertrouwd en su primera temporada <\/strong>con nosotros: entrenar y competir con el primer equipo, a la vez que estar disponible para los partidos del filial si no tiene minutos con el primer equipo. Creemos que ese camino le ofrece la mejor oportunidad de desarrollarse y contribuir.<\/p>\n<p class=\"ft-text\"><strong>&#8211;\u00bfC\u00f3mo de significativo es el regreso de Ra\u00fal S\u00e1nchez?<\/strong><\/p>\n<p class=\"ft-text\">&#8211;Una de las cosas que m\u00e1s me gusta de <a class=\"ft-link ft-link--decoration\" href=\"https:\/\/www.elperiodicomediterraneo.com\/tags\/raul-sanchez\/\" rel=\"nofollow noopener\" target=\"_blank\">Ra\u00fal S\u00e1nchez<\/a> es su gran inter\u00e9s por el club. Est\u00e1 siempre presente, incluso en los partidos del filial, y <strong>es excelente para unir a la gente y al grupo. Puede jugar en m\u00faltiples posiciones, lo que nos da flexibilidad y nos ayuda a alcanzar nuestro m\u00e1ximo potencial <\/strong>como equipo.<\/p>\n<p class=\"ft-text\">Al mismo tiempo, llega a un equipo que ya compite a un nivel muy alto, y eso nunca es f\u00e1cil<strong>. Le llevar\u00e1 un tiempo adaptarse por completo<\/strong>, encontrar su ritmo y volver a estar en su mejor nivel, y eso es completamente normal. Confiamos en que, con paciencia, <strong>se convertir\u00e1 en una parte importante de lo que estamos construyendo<\/strong>.<\/p>\n<p class=\"ft-text\">No quer\u00eda que se fuera en verano e hicimos todo lo posible por retenerlo, pero no pudimos evitarlo en su momento. Ahora que ha vuelto, estoy muy contento. <strong>Representa exactamente el tipo de compromiso y mentalidad que queremos<\/strong> en este club.<\/p>\n<p><img decoding=\"async\" src=\"https:\/\/www.europesays.com\/es\/wp-content\/uploads\/2026\/02\/cf7ee856-b70b-4a98-8d2e-d4664147e519_alta-libre-aspect-ratio_default_0_x787y373.jpg\" width=\"1200\" height=\"854\" alt=\"Bob Voulgaris conversa con Pablo Hern\u00e1ndez y parte del staff: Sergi Ripoll\u00e9s, Paco Urdiain, Dennis Van der Meulen...\" class=\"ft-helper-img-rd\" loading=\"lazy\"\/><\/p>\n<p class=\"ft-helper-fontColor-quaternary ft-helper-fontSize-body-S ft-helper-spacer-t-xxs\">Bob Voulgaris conversa con Pablo Hern\u00e1ndez y parte del staff: Sergi Ripoll\u00e9s, Paco Urdiain, Dennis Van der Meulen&#8230;  \/ GABRIEL UTIEL<\/p>\n<p class=\"ft-text\"><strong>&#8211;\u00bfQu\u00e9 puede aportar \u00c1lvaro Garc\u00eda al equipo?<\/strong><\/p>\n<p class=\"ft-text\">&#8211;\u00c1lvaro Garc\u00eda nos aporta<strong> un perfil diferente al de los otros dos delanteros <\/strong>(Camara y <a class=\"ft-link ft-link--decoration\" href=\"https:\/\/www.elperiodicomediterraneo.com\/cd-castellon\/2026\/01\/29\/adam-jakobsen-cd-castellon-126222142.html\" rel=\"nofollow noopener\" target=\"_blank\">Jakobsen<\/a>). Puede intervenir en situaciones similares a las de Nick, lo cual es importante para la gesti\u00f3n de los partidos. Tenemos mucha flexibilidad en las posiciones de ataque, con varios jugadores capaces de actuar como segundo punta, como De Nipoti y Ra\u00fal&#8230; pero<strong> el perfil de \u00c1lvaro es \u00fanico<\/strong> en el grupo. <strong>Esa variedad nos da m\u00e1s opciones<\/strong> y dificulta los planteamientos contra nosotros.<\/p>\n<p class=\"ft-text\"><strong>&#8211;\u00bfC\u00f3mo de importante es que todos los jugadores clave permanezcan en la plantilla? \u00bfHubo inter\u00e9s en alguno de ellos?<\/strong><\/p>\n<p class=\"ft-text\">&#8211;Muy importante. Este grupo est\u00e1 compitiendo a un alto nivel y <strong>no ten\u00edamos ning\u00fan inter\u00e9s en debilitarlo a mitad de temporada<\/strong>. Mantener a nuestros jugadores clave era una prioridad firme y fuimos disciplinados al respecto.<\/p>\n<p class=\"ft-text\">Cuando un equipo tiene un buen rendimiento, la atenci\u00f3n es inevitable, y en nuestro caso no fue la excepci\u00f3n. Pero <strong>ten\u00edamos clara nuestra postura y nos sent\u00edamos c\u00f3modos al decir que no<\/strong>. El objetivo era proteger a la plantilla, mantener el impulso y <strong>darle al grupo la mejor oportunidad posible<\/strong> para terminar la temporada con fuerza.<\/p>\n<p class=\"ft-text\"><strong>&#8211;Hay dos plazas disponibles en la plantilla. \u00bfQueda margen en el l\u00edmite salarial? \u00bfEl club buscar\u00e1 refuerzos o el plantel est\u00e1 completo?<\/strong><\/p>\n<p class=\"ft-text\">&#8211;Tenemos dos fichas disponibles en la plantilla y actualmente cumplimos con el l\u00edmite salarial. Dicho esto, <a class=\"ft-link ft-link--decoration\" href=\"https:\/\/www.elperiodicomediterraneo.com\/tags\/voulgaris\/\" rel=\"nofollow noopener\" target=\"_blank\">nos sentimos c\u00f3modos<\/a> con la plantilla actual. El grupo est\u00e1 rindiendo bien y <strong>no sentimos ninguna urgencia por a\u00f1adir jugadores por el simple hecho de hacerlo<\/strong>.<\/p>\n<p class=\"ft-text\">Si surge una oportunidad que mejore claramente al equipo y se ajuste a nuestra estructura, siempre estaremos abiertos a evaluarla. Pero, tal como est\u00e1n las cosas, el enfoque est\u00e1 en sacar el m\u00e1ximo provecho de nuestros jugadores y<strong> mantener el equilibrio<\/strong> que hemos logrado.<\/p>\n<p><img decoding=\"async\" src=\"https:\/\/www.europesays.com\/es\/wp-content\/uploads\/2026\/02\/8ccd559b-316f-40f5-9614-35cffff3b8c1_alta-libre-aspect-ratio_default_0_x800y355.jpg\" width=\"1200\" height=\"800\" alt=\"El abrazo de Haralabos Voulgaris y Ra\u00fal S\u00e1nchez, en la visita de \u00e9ste, el 15 de noviembre del 2025, al SkyFi Castalia.\" class=\"ft-helper-img-rd\" loading=\"lazy\"\/><\/p>\n<p class=\"ft-helper-fontColor-quaternary ft-helper-fontSize-body-S ft-helper-spacer-t-xxs\">El abrazo de Haralabos Voulgaris y Ra\u00fal S\u00e1nchez, en la visita de \u00e9ste, el 15 de noviembre del 2025, al SkyFi Castalia.  \/ CD CASTELL\u00d3N<\/p>\n<p class=\"ft-text\"><strong>&#8211;\u00bfAlg\u00fan mensaje para la afici\u00f3n? Quiz\u00e1 necesitemos alg\u00fan consejo sobre c\u00f3mo afrontar lo que viene&#8230;<\/strong><\/p>\n<p class=\"ft-text\">&#8211;Disfruten este momento. Temporadas como esta no se dan a menudo y hay que apreciarlas y valorarlas, no temerlas. <strong>Habr\u00e1 presi\u00f3n, emoci\u00f3n y momentos dif\u00edciles. Ac\u00e9ptenlos. Disfr\u00fatenlos<\/strong>.<\/p>\n<p class=\"ft-text\">Mant\u00e9nganse unidos. Apoyen al equipo en todo momento. No pierdan de vista lo lejos que hemos llegado, aunque tambi\u00e9n reconozcan que a\u00fan queda mucho camino por recorrer.<strong> La energ\u00eda en el <\/strong><a class=\"ft-link ft-link--decoration\" href=\"https:\/\/www.elperiodicomediterraneo.com\/tags\/skyfi-castalia\/\" rel=\"nofollow noopener\" target=\"_blank\"><strong>estadio <\/strong><\/a><strong>importa. La calma importa. La convicci\u00f3n importa<\/strong>. Si afrontamos juntos lo que nos espera, puede ser algo especial. Con los pies en la tierra, la mirada en el horizonte.<\/p>\n<p data-close=\"closedContent\" class=\"subscribeHideForDisplay\">Suscr\u00edbete para seguir leyendo<\/p>\n","protected":false},"excerpt":{"rendered":"El CD Castell\u00f3n, en ascenso directo y con la ilusi\u00f3n a su alrededor disparada, ha cerrado la ventana&hellip;\n","protected":false},"author":2,"featured_media":378495,"comment_status":"","ping_status":"","sticky":false,"template":"","format":"standard","meta":{"footnotes":""},"categories":[268],"tags":[22012,22016,20044,16752,168,3141,25,24,285,6077,280,282,22015,43826,1461,83145,281,23,167,22011],"class_list":["post-378494","post","type-post","status-publish","format-standard","has-post-thumbnail","category-futbol","tag-bob","tag-bob-voulgaris","tag-castalia","tag-cd-castellon","tag-deportes","tag-entrevista","tag-es","tag-espana","tag-fichajes","tag-filial","tag-football","tag-futbol","tag-haralabos-voulgaris","tag-pablo-hernandez","tag-presidente","tag-raul-sanchez","tag-soccer","tag-spain","tag-sports","tag-voulgaris"],"share_on_mastodon":{"url":"https:\/\/pubeurope.com\/@es\/116012014977688062","error":""},"_links":{"self":[{"href":"https:\/\/www.europesays.com\/es\/wp-json\/wp\/v2\/posts\/378494","targetHints":{"allow":["GET"]}}],"collection":[{"href":"https:\/\/www.europesays.com\/es\/wp-json\/wp\/v2\/posts"}],"about":[{"href":"https:\/\/www.europesays.com\/es\/wp-json\/wp\/v2\/types\/post"}],"author":[{"embeddable":true,"href":"https:\/\/www.europesays.com\/es\/wp-json\/wp\/v2\/users\/2"}],"replies":[{"embeddable":true,"href":"https:\/\/www.europesays.com\/es\/wp-json\/wp\/v2\/comments?post=378494"}],"version-history":[{"count":0,"href":"https:\/\/www.europesays.com\/es\/wp-json\/wp\/v2\/posts\/378494\/revisions"}],"wp:featuredmedia":[{"embeddable":true,"href":"https:\/\/www.europesays.com\/es\/wp-json\/wp\/v2\/media\/378495"}],"wp:attachment":[{"href":"https:\/\/www.europesays.com\/es\/wp-json\/wp\/v2\/media?parent=378494"}],"wp:term":[{"taxonomy":"category","embeddable":true,"href":"https:\/\/www.europesays.com\/es\/wp-json\/wp\/v2\/categories?post=378494"},{"taxonomy":"post_tag","embeddable":true,"href":"https:\/\/www.europesays.com\/es\/wp-json\/wp\/v2\/tags?post=378494"}],"curies":[{"name":"wp","href":"https:\/\/api.w.org\/{rel}","templated":true}]}}