{"id":378498,"date":"2026-02-04T11:01:10","date_gmt":"2026-02-04T11:01:10","guid":{"rendered":"https:\/\/www.europesays.com\/es\/378498\/"},"modified":"2026-02-04T11:01:10","modified_gmt":"2026-02-04T11:01:10","slug":"el-caam-crece-con-la-apertura-a-final-de-ano-del-espacio-para-la-creacion-etcetera-juan-hidalgo","status":"publish","type":"post","link":"https:\/\/www.europesays.com\/es\/378498\/","title":{"rendered":"El CAAM crece con la apertura a final de a\u00f1o del espacio para la creaci\u00f3n Etc\u00e9tera Juan Hidalgo"},"content":{"rendered":"<p><a class=\"v-mdl-ath__fig-a\" href=\"https:\/\/www.canarias7.es\/autor\/victoriano-suarez-alamo-3427.html\" title=\"Victoriano Su\u00e1rez \u00c1lamo\" rel=\"nofollow noopener\" target=\"_blank\"><br \/>\n<img decoding=\"async\" class=\"v-mdl-ath__img\" src=\"https:\/\/www.europesays.com\/es\/wp-content\/uploads\/2026\/01\/autor-3427-foto-2.jpeg\" alt=\"Victoriano Su\u00e1rez \u00c1lamo\"\/><br \/>\n<\/a><\/p>\n<p class=\"v-mdl-ath__p v-mdl-ath__p--6\">\nMartes, 3 de febrero 2026, 23:00<\/p>\n<p class=\"v-p\">El Centro Atl\u00e1ntico de Arte Moderno <strong>(CAAM) crecer\u00e1<\/strong> a final de a\u00f1o con la apertura del<strong> nuevo espacio denominado Etc\u00e9tera Juan Hidalgo<\/strong>, que mostrar\u00e1 de forma permanente parte del legado adquirido por el Cabildo al artista grancanario que le da nombre, a la vez que se convertir\u00e1 en un espacio de creaci\u00f3n contempor\u00e1nea en sinton\u00eda con las v\u00edas vanguardistas del que fuera Premio Nacional de Artes Pl\u00e1sticas en 2016 y que falleci\u00f3 en 2018 en su domicilio en Ayacata.<\/p>\n<p class=\"v-p\">El espacio Etc\u00e9tera Juan Hidalgo de creaci\u00f3n art\u00edstica <strong>se ubicar\u00e1 en el <\/strong>inmueble que actualmente ocupa el <strong>Centro de Artes Pl\u00e1sticas<\/strong> del Cabildo, en el n\u00famero 8 de la calle Col\u00f3n del barrio de Vegueta de Las Palmas de Gran Canaria. No cierra sus puertas, sino que se trasladar\u00e1 al antiguo Hospital de San Mart\u00edn, en el mismo barrio, donde est\u00e1 previsto que abra sus puertas al p\u00fablico a final de este a\u00f1o o comienzos de 2027 el Museo de Bellas Artes de Gran Canaria<strong> (Mubea).<\/strong><\/p>\n<p class=\"v-p\">\u00abNo solo ser\u00e1 un espacio para mostrar las 124 obras de Juan Hidalgo que ha adquirido para su colecci\u00f3n el CAAM, ser\u00e1 <strong>un espacio que actuar\u00e1 como laboratorio de creaci\u00f3n con una visi\u00f3n m\u00faltiple<\/strong> y que acoger\u00e1 tambi\u00e9n actividades como el CAAM Sonora\u00bb, explic\u00f3 <strong>Orlando Britto<\/strong>, director art\u00edstico del CAAM, en la ma\u00f1ana de este martes durante la presentaci\u00f3n de la nueva temporada de este centro.<\/p>\n<p class=\"v-p\">Tambi\u00e9n se trabaja en otros dos frentes que variar\u00e1n el actual dise\u00f1o del CAAM. Por un lado, est\u00e1 la instalaci\u00f3n de la <strong>ansiada cafeter\u00eda<\/strong>, que \u00abservir\u00e1 tambi\u00e9n como punto de encuentro para los artistas\u00bb y que se ubicar\u00e1 en el espacio que actualmente tiene la tienda de este centro art\u00edstico. \u00abEl Ayuntamiento ya nos ha dado el permiso para que la futura cafeter\u00eda pueda poner mesas en la calle\u00bb, avanz\u00f3 Britto sin detallar cu\u00e1ndo se inaugurar\u00e1.<\/p>\n<p class=\"v-p\">Tambi\u00e9n se est\u00e1 buscando de la mano del Cabildo un inmueble cercano en Vegueta en el que instalar el <strong>Centro de Documentaci\u00f3n<\/strong>, \u00abque actualmente es muy peque\u00f1o\u00bb. Su actual espacio, dijo Britto, ser\u00eda asumido por el departamento pedag\u00f3gico para<strong> abrir una ludoteca<\/strong>.<\/p>\n<p class=\"v-p\">Junto a la consejera de Cultura del Cabildo de Gran Canaria, <strong>Guacimara Medina<\/strong>, Orlando Britto dio a conocer una programaci\u00f3n que este a\u00f1o viene marcada por el desarrollo de la tercera fase de rehabilitaci\u00f3n del centro principal del CAAM en la calle Balcones. Si se cumplen los plazos, <strong>esta reforma <\/strong>que implica, entre otras actuaciones, el reemplazo de sus ic\u00f3nicas y deterioradas c\u00fapulas, <strong>culminar\u00e1 el pr\u00f3ximo junio.<\/strong><\/p>\n<p>Exposiciones<\/p>\n<p class=\"v-p\">Este mismo mes abrir\u00e1 sus puertas la primera de las dos exposiciones con las que el CAAM reivindica \u00abla trayectoria\u00bb de artistas canarios relevantes. Se trata de la que se le dedicar\u00e1 al pintor<strong> Juan Jos\u00e9 Gil<\/strong>, en dos plantas de la sede principal y bajo el comisariado de Miguel Cereceda S\u00e1nchez. Convivir\u00e1 con la que protagonizar\u00e1 la artista cubana <strong>Sandra Ramos<\/strong>, titulada &#8216;La mano de la historia&#8217; y que tiene como comisaria a Wendy Navarro.<\/p>\n<p>\nJuan Jos\u00e9 Gil, Leopoldo Emperador, Sandra Ramos y Rossy de Palma protagonizan las muestras de 2026 en la sede principal\n<\/p>\n<p class=\"v-p\">Desde el mes de octubre y hasta comienzos de 2027 est\u00e1 previsto que se pueda visitar la segunda puesta en valor de un artista canario consolidado como es el escultor<strong> Leopoldo Emperador<\/strong>. La muestra se titular\u00e1 &#8216;Hacia el paradigma&#8217; y Lidia Gil es su comisaria.<\/p>\n<p class=\"v-p\">En noviembre desembarca en el CAAM la exposici\u00f3n &#8216;Alcanzar la orilla&#8217;, donde se podr\u00e1 ver el \u00abtrabajo pl\u00e1stico y po\u00e9tico\u00bb de la conocida actriz y modelo <strong>Rossy de Palma<\/strong>, pr\u00e1cticamente desconocido hasta ahora. Simon Njami comisaria esta propuesta que se exhibir\u00e1 hasta enero de 2027.<\/p>\n<p class=\"v-p\"><strong>La primera exposici\u00f3n nueva del a\u00f1o<\/strong> abrir\u00e1 sus puertas el pr\u00f3ximo 12 de febrero en los Balcones n\u00famero 9, compuesta por una selecci\u00f3n de piezas adquiridas recientemente para los fondos del CAAM. &#8216;Construyendo la colecci\u00f3n&#8217; exhibir\u00e1 obras de las artistas canarias <strong>Esther Aldaz, Teresa Arozena y Yapci Ramos, <\/strong>junto a las compradas al hispano cubano<strong> Carlos Garaicoa<\/strong> y al puertorrique\u00f1o <strong>Karlo Andrei Ibarra<\/strong>.<\/p>\n<p class=\"v-p\">Por su parte, el espacio San Antonio Abad inaugurar\u00e1 en marzo la propuesta<strong> &#8216;Art al Quadrat&#8217;<\/strong>, protagonizada por las artistas gemelas valencianas <strong>M\u00f3nica y Gema del Rey Jord\u00e0<\/strong>. Su reflexi\u00f3n sobre \u00abla memoria hist\u00f3rica que conectan con las islas con los casos de ni\u00f1os robados\u00bb, avanz\u00f3 Orlando Britto, est\u00e1 comisariada por Jos\u00e9 Luis P\u00e9rez Pons. Le seguir\u00e1, en octubre, la visi\u00f3n fotogr\u00e1fica del \u00abpaisaje de la isla\u00bb del artista ruso-franc\u00e9s <strong>Tim Parchikov.<\/strong><\/p>\n<p class=\"v-p\"><strong>El centenario del nacimiento del artista Manolo Millares,<\/strong> al que el CAAM ha dedicado dos grandes muestras, se celebrar\u00e1 con un seminario de cuatro jornadas coordinado por Alfonso de la Torre y la publicaci\u00f3n de un volumen que recupera la correspondencia que mantuvo con intelectuales de Barcelona.<\/p>\n<p class=\"v-p\">Orlando Britto subray\u00f3 que se trabaja tambi\u00e9n para celebrar este a\u00f1o o durante el 2027 los centenarios de <strong>Yolanda Graziani <\/strong>y de Francisco Rojas Fari\u00f1a, alias <strong>Fachico.<\/strong><\/p>\n<p>Orlando Britto firma su renovaci\u00f3n para los pr\u00f3ximos cinco a\u00f1os<\/p>\n<p class=\"v-p \">\nGuacimara Medina, consejera de Cultura del Cabildo de Gran Canaria, asegur\u00f3 este martes que el lunes se firm\u00f3 la renovaci\u00f3n como director del CAAM, por otros cinco a\u00f1os, de Orlando Britto. \u00abEs un contrato que emana del concurso p\u00fablico de alta direcci\u00f3n que gan\u00f3 en 2017 y que en sus bases inclu\u00eda la capacidad de su renovaci\u00f3n\u00bb, asegur\u00f3. La primera renovaci\u00f3n se llev\u00f3 a cabo en 2021. \u00abTiene una cobertura jur\u00eddica e institucional adecuada y necesaria y lo consideramos oportuno para mantener el proyecto. No pasa por el consejo de administraci\u00f3n porque no es preceptivo. Es conforme a derecho y se ha realizado de forma transparente\u00bb, subray\u00f3 la consejera que tambi\u00e9n puso en valor \u00abel compromiso y el desempe\u00f1o en sus funciones\u00bb de Orlando Britto. \u00c9ste agradeci\u00f3 este apoyo y defendi\u00f3 \u00abel regreso a los principios fundacionales del CAAM\u00bb dentro de una hoja de ruta en la que tambi\u00e9n figuran \u00abla igualdad, el compromiso con la sociedad, la tricontinentalidad y la defensa del territorio\u00bb.\n<\/p>\n<p>Reporta un error<\/p>\n","protected":false},"excerpt":{"rendered":"Martes, 3 de febrero 2026, 23:00 El Centro Atl\u00e1ntico de Arte Moderno (CAAM) crecer\u00e1 a final de a\u00f1o&hellip;\n","protected":false},"author":2,"featured_media":378499,"comment_status":"","ping_status":"","sticky":false,"template":"","format":"standard","meta":{"footnotes":""},"categories":[173],"tags":[1611,4162,229,233,231,230,83146,7798,12008,232,234,146,147,25,10558,24,83147,1058,1976,409,23],"class_list":["post-378498","post","type-post","status-publish","format-standard","has-post-thumbnail","category-arte-y-diseno","tag-ano","tag-apertura","tag-arte","tag-arte-y-diseno","tag-arts","tag-arts-and-design","tag-caam","tag-creacion","tag-crece","tag-design","tag-diseno","tag-entertainment","tag-entretenimiento","tag-es","tag-espacio","tag-espana","tag-etcetera","tag-final","tag-hidalgo","tag-juan","tag-spain"],"share_on_mastodon":{"url":"https:\/\/pubeurope.com\/@es\/116012022684848657","error":""},"_links":{"self":[{"href":"https:\/\/www.europesays.com\/es\/wp-json\/wp\/v2\/posts\/378498","targetHints":{"allow":["GET"]}}],"collection":[{"href":"https:\/\/www.europesays.com\/es\/wp-json\/wp\/v2\/posts"}],"about":[{"href":"https:\/\/www.europesays.com\/es\/wp-json\/wp\/v2\/types\/post"}],"author":[{"embeddable":true,"href":"https:\/\/www.europesays.com\/es\/wp-json\/wp\/v2\/users\/2"}],"replies":[{"embeddable":true,"href":"https:\/\/www.europesays.com\/es\/wp-json\/wp\/v2\/comments?post=378498"}],"version-history":[{"count":0,"href":"https:\/\/www.europesays.com\/es\/wp-json\/wp\/v2\/posts\/378498\/revisions"}],"wp:featuredmedia":[{"embeddable":true,"href":"https:\/\/www.europesays.com\/es\/wp-json\/wp\/v2\/media\/378499"}],"wp:attachment":[{"href":"https:\/\/www.europesays.com\/es\/wp-json\/wp\/v2\/media?parent=378498"}],"wp:term":[{"taxonomy":"category","embeddable":true,"href":"https:\/\/www.europesays.com\/es\/wp-json\/wp\/v2\/categories?post=378498"},{"taxonomy":"post_tag","embeddable":true,"href":"https:\/\/www.europesays.com\/es\/wp-json\/wp\/v2\/tags?post=378498"}],"curies":[{"name":"wp","href":"https:\/\/api.w.org\/{rel}","templated":true}]}}