{"id":378676,"date":"2026-02-04T13:11:09","date_gmt":"2026-02-04T13:11:09","guid":{"rendered":"https:\/\/www.europesays.com\/es\/378676\/"},"modified":"2026-02-04T13:11:09","modified_gmt":"2026-02-04T13:11:09","slug":"el-ice-no-tendra-ningun-rol-operativo-en-los-juegos-de-milan-cortina-asegura-el-gobierno-italiano","status":"publish","type":"post","link":"https:\/\/www.europesays.com\/es\/378676\/","title":{"rendered":"El ICE no tendr\u00e1 ning\u00fan rol \u00aboperativo\u00bb en los Juegos de Mil\u00e1n Cortina, asegura el gobierno italiano"},"content":{"rendered":"<p>    <img src=\"https:\/\/www.europesays.com\/es\/wp-content\/uploads\/2026\/02\/2026-02-04T113A233A35Z-90887800.jpg\" width=\"1024\" height=\"682\" alt=\"\" loading=\"eager\" decoding=\"sync\" fetchpriority=\"high\"\/><\/p>\n<p>            afp_tickers        <\/p>\n<p>        Este contenido fue publicado en    <\/p>\n<p>        04 febrero 2026 &#8211; 12:23\n<\/p>\n<p>Los agentes del Servicio de Inmigraci\u00f3n y Control de Aduanas (ICE) estadounidense no tendr\u00e1n ning\u00fan papel operativo en los Juegos Ol\u00edmpicos de Invierno, declar\u00f3 este mi\u00e9rcoles el ministro del Interior de Italia, a dos d\u00edas de que empiece oficialmente el evento en el norte del pa\u00eds.<\/p>\n<p>Las recientes redadas contra migrantes indocumentados por agentes del ICE en Mine\u00e1polis, en el norte de Estados Unidos, causaron indignaci\u00f3n y dieron lugar a grandes protestas. Dos estadounidenses, Renee Good y Alex Pretti, murieron por disparos de agentes federales en el marco de esas operaciones.\u00a0<\/p>\n<p>Pero el ministro italiano del Interior, Matteo Piantedosi, precis\u00f3 en el Parlamento que los agentes del servicio de seguridad interior (HSI), una divisi\u00f3n del ICE, operar\u00e1n \u00fanicamente dentro de las misiones diplom\u00e1ticas estadounidenses y que \u00abno son agentes operativos\u00bb ni \u00abtienen funciones ejecutivas\u00bb.\u00a0<\/p>\n<p>Piantedosi consider\u00f3 que la indignaci\u00f3n generada por su presencia, que llev\u00f3 al alcalde de Mil\u00e1n a advertir que no eran bienvenidos durante los Juegos que tendr\u00e1n lugar del 6 al 22 de febrero, era \u00abtotalmente infundada\u00bb.<\/p>\n<p>El HSI investiga amenazas globales, incluyendo los movimientos ilegales de personas, bienes y armas, y es un un departamento separado del que se encarga de las redadas antiinmigraci\u00f3n.\u00a0<\/p>\n<p>El ministro se\u00f1al\u00f3 que es com\u00fan que los pa\u00edses env\u00eden oficiales de seguridad a los Juegos Ol\u00edmpicos, y que eso mismo hizo Italia en los Juegos de Par\u00eds de 2024.<\/p>\n<p>\u00abEl ICE no ejerce ni ejercer\u00e1 nunca actividades operativas de la polic\u00eda en nuestro territorio nacional\u00bb, insisti\u00f3.<\/p>\n<p>Para garantizar la seguridad de la cita ol\u00edmpica, Italia desplegar\u00e1 unos 6.000 polic\u00edas y cerca de 2.000 militares en el \u00e1rea de los Juegos, que abarca media docena de sitios desde Mil\u00e1n hasta las Dolomitas, precis\u00f3 Piantedosi.<\/p>\n<p>Entre los efectivos movilizados, hay especialistas en desactivaci\u00f3n de bombas, francotiradores, unidades antiterroristas y polic\u00edas esquiadores, agreg\u00f3 el ministro.<\/p>\n<p>El Ministerio de Defensa dijo que desplegar\u00e1 170 veh\u00edculos, adem\u00e1s de radares, drones y medios a\u00e9reos.\u00a0<\/p>\n<p>ljm\/cmk\/jvb\/mas<\/p>\n","protected":false},"excerpt":{"rendered":"afp_tickers Este contenido fue publicado en 04 febrero 2026 &#8211; 12:23 Los agentes del Servicio de Inmigraci\u00f3n y&hellip;\n","protected":false},"author":2,"featured_media":378677,"comment_status":"","ping_status":"","sticky":false,"template":"","format":"standard","meta":{"footnotes":""},"categories":[42],"tags":[17,18,11643,35005,13,14,4437,11,27703,61,62,63,64,19,20,7657,17067,26533,9,10,15,16,1384,88,29343,26534,5799,2005,3020,28841,90,12,21,22,65,66,67],"class_list":["post-378676","post","type-post","status-publish","format-standard","has-post-thumbnail","category-internacional","tag-breaking-news","tag-breakingnews","tag-defence","tag-demographics","tag-featured-news","tag-featurednews","tag-government","tag-headlines","tag-immigration","tag-internacional","tag-international","tag-international-news","tag-internationalnews","tag-latest-news","tag-latestnews","tag-law-and-order","tag-law-enforcement","tag-national-security","tag-news","tag-noticias","tag-noticias-destacadas","tag-noticiasdestacadas","tag-police","tag-politics","tag-safety-of-citizens","tag-security-measures","tag-social-issues-general","tag-society","tag-sport","tag-sports-event","tag-ticker","tag-titulares","tag-ultimas-noticias","tag-ultimasnoticias","tag-world","tag-world-news","tag-worldnews"],"share_on_mastodon":{"url":"","error":"Validation failed: Text character limit of 500 exceeded"},"_links":{"self":[{"href":"https:\/\/www.europesays.com\/es\/wp-json\/wp\/v2\/posts\/378676","targetHints":{"allow":["GET"]}}],"collection":[{"href":"https:\/\/www.europesays.com\/es\/wp-json\/wp\/v2\/posts"}],"about":[{"href":"https:\/\/www.europesays.com\/es\/wp-json\/wp\/v2\/types\/post"}],"author":[{"embeddable":true,"href":"https:\/\/www.europesays.com\/es\/wp-json\/wp\/v2\/users\/2"}],"replies":[{"embeddable":true,"href":"https:\/\/www.europesays.com\/es\/wp-json\/wp\/v2\/comments?post=378676"}],"version-history":[{"count":0,"href":"https:\/\/www.europesays.com\/es\/wp-json\/wp\/v2\/posts\/378676\/revisions"}],"wp:featuredmedia":[{"embeddable":true,"href":"https:\/\/www.europesays.com\/es\/wp-json\/wp\/v2\/media\/378677"}],"wp:attachment":[{"href":"https:\/\/www.europesays.com\/es\/wp-json\/wp\/v2\/media?parent=378676"}],"wp:term":[{"taxonomy":"category","embeddable":true,"href":"https:\/\/www.europesays.com\/es\/wp-json\/wp\/v2\/categories?post=378676"},{"taxonomy":"post_tag","embeddable":true,"href":"https:\/\/www.europesays.com\/es\/wp-json\/wp\/v2\/tags?post=378676"}],"curies":[{"name":"wp","href":"https:\/\/api.w.org\/{rel}","templated":true}]}}