{"id":37886,"date":"2025-08-10T09:26:08","date_gmt":"2025-08-10T09:26:08","guid":{"rendered":"https:\/\/www.europesays.com\/es\/37886\/"},"modified":"2025-08-10T09:26:08","modified_gmt":"2025-08-10T09:26:08","slug":"pacientes-ya-graban-las-consultas-con-sus-medicos-en-centros-de-salud-de-vigo","status":"publish","type":"post","link":"https:\/\/www.europesays.com\/es\/37886\/","title":{"rendered":"Pacientes ya graban las consultas con sus m\u00e9dicos en centros de salud de Vigo"},"content":{"rendered":"<p class=\"ft-text ft-helper-closenews\">En los <a class=\"ft-link ft-link--decoration\" href=\"https:\/\/www.farodevigo.es\/tags\/centros-de-salud\/\" target=\"_blank\" rel=\"nofollow noopener\">centros de salud<\/a> se ven situaciones de todo tipo, algunas a veces surrealistas. El d\u00eda a d\u00eda en atenci\u00f3n primaria es una monta\u00f1a rusa para los m\u00e9dicos de familia, personal de enfermer\u00eda y de administraci\u00f3n que trabaja en ellos. En los de Vigo, <strong>en los \u00faltimos tiempos, los facultativos se han enfrentado a una circunstancia que no se esperaban: cada vez son m\u00e1s los pacientes que deciden grabar las consultas. <\/strong><\/p>\n<p class=\"ft-text\">Pese a que en un primer momento podr\u00eda pensarse que es una pr\u00e1ctica ilegal, lo cierto es que no lo es ni vulnera la legislaci\u00f3n. Eso s\u00ed: los pacientes pueden hacerlo siempre que lo comuniquen previamente al doctor y tengan su visto bueno. <strong>En caso de que lo hagan sin avisar, s\u00ed estar\u00eda incurriendo en un delito<\/strong>. El abogado baion\u00e9s David Gir\u00e1ldez apunta que si se graba una consulta m\u00e9dica sin consentimiento, el paciente podr\u00eda verse envuelto en un proceso penal.<\/p>\n<p class=\"ft-text\">\u00abY adem\u00e1s, si quiere utilizar esa grabaci\u00f3n ante el juez, ser\u00eda il\u00edcita al no tener el permiso del m\u00e9dico que lo atendi\u00f3\u00bb, a\u00f1ade. El profesional por tanto tiene dos opciones: negarse a la grabaci\u00f3n de la consulta o aceptarla. La mayor\u00eda no suelen poner obst\u00e1culos al entender que su trabajo lo van a hacer perfectamente.<\/p>\n<p class=\"ft-text\">Hay que apuntar tambi\u00e9n que el paciente est\u00e1 legitimado para grabar la consulta si la actuaci\u00f3n del m\u00e9dico le afecta directamente, mientras que no lo estar\u00e1 cuando no sea parte interesada.<strong> El uso de la grabaci\u00f3n se limitar\u00eda no obstante al \u00e1mbito interno del paciente y, en todo caso, a su aportaci\u00f3n en sede judicial, pero no se podr\u00eda difundir en ning\u00fan caso. <\/strong><\/p>\n<p class=\"ft-text\">El doctor Alberto Pazos, que ejerce en el centro de salud de S\u00e1rdoma y adem\u00e1s es el representante de los facultativos de atenci\u00f3n primaria en la junta directiva del colegio de m\u00e9dicos de Pontevedra, reconoce que varios compa\u00f1eros le han trasladado varios casos de pacientes que pidieron grabar la consulta. \u00abLa justificaci\u00f3n que aluden es que quieren enterarse bien de lo que el m\u00e9dico les dice\u00bb, apunta. Es decir, deciden grabar la consulta para no perderse ninguna de esas pautas m\u00e9dicas ni las instrucciones sobre los tratamientos que deben llevar a cabo.<\/p>\n<p class=\"ft-text\">Pero lo cierto es que detr\u00e1s de esto hay algo m\u00e1s profundo. Seg\u00fan apuntan desde el sindicato m\u00e9dico CESM, <strong>\u00aben muchos casos se trata de pacientes conflictivos, preocupados por no obtener lo que buscan, como bajas laborales, determinadas <\/strong><a class=\"ft-link ft-link--decoration\" href=\"https:\/\/www.farodevigo.es\/tags\/recetas\/\" rel=\"nofollow noopener\" target=\"_blank\"><strong>recetas<\/strong><\/a><strong> o pruebas m\u00e9dicas\u2026\u00bb<\/strong>. Susana Aldecoa, m\u00e9dico de familia en el centro de salud Rosal\u00eda de Castro-Beiramar, tambi\u00e9n asegura que un paciente pidi\u00f3 a una compa\u00f1era poder grabar la conversaci\u00f3n.<\/p>\n<p class=\"ft-text\"><strong>Para la CIG, estas pr\u00e1cticas suponen someter al m\u00e9dico a todav\u00eda m\u00e1s presi\u00f3n. <\/strong>\u00abEn los \u00faltimos tiempos hemos visto c\u00f3mo los profesionales se ven expuestos en redes sociales, donde hay pacientes que escriben quejas y cuelgan incluso datos personales de los sanitarios sin posibilidad de defensa alguna. La grabaci\u00f3n de las consultas es una ramificaci\u00f3n m\u00e1s de estos problemas que se ven desde hace tiempo. No hay ning\u00fan mecanismo interno para saber c\u00f3mo actuar ante estas situaciones y la repercusi\u00f3n es muy grande, llegando como ya hemos dicho varias veces a recibir agresiones\u00bb, apunta Pilar Garc\u00eda, presidenta de la junta de personal del \u00e1rea sanitaria de Vigo y delegada de atenci\u00f3n primaria de la CIG.<\/p>\n<p class=\"ft-text\">Para evitar problemas ante situaciones como la grabaci\u00f3n de las consultas, se recomienda sobre todo a los m\u00e9dicos que den su permiso a<strong> que se ci\u00f1an lo m\u00e1s estricto al c\u00f3digo deontol\u00f3gico y a lo marcado en la rama de medicina legal<\/strong> para evitarse posibles problemas judiciales. \u00abLos pacientes tienen derecho a grabar sus conversaciones, la relaci\u00f3n que tienen con el m\u00e9dico en muchos casos es muy estrecha. Con no salirse del c\u00f3digo deontol\u00f3gico, no deber\u00eda haber ning\u00fan problema\u00bb, apunta el doctor Alberto Pazos.<\/p>\n<p data-close=\"closedContent\" class=\"subscribeHideForDisplay\">Suscr\u00edbete para seguir leyendo<\/p>\n","protected":false},"excerpt":{"rendered":"En los centros de salud se ven situaciones de todo tipo, algunas a veces surrealistas. El d\u00eda a&hellip;\n","protected":false},"author":2,"featured_media":37887,"comment_status":"","ping_status":"","sticky":false,"template":"","format":"standard","meta":{"footnotes":""},"categories":[8],"tags":[17,18,4114,18733,18732,25,24,13,14,18731,11,19,20,6016,9,10,15,16,1817,166,23,12,21,22,1274],"class_list":{"0":"post-37886","1":"post","2":"type-post","3":"status-publish","4":"format-standard","5":"has-post-thumbnail","7":"category-espana","8":"tag-breaking-news","9":"tag-breakingnews","10":"tag-centros","11":"tag-centros-de-salud","12":"tag-consultas","13":"tag-es","14":"tag-espana","15":"tag-featured-news","16":"tag-featurednews","17":"tag-graban","18":"tag-headlines","19":"tag-latest-news","20":"tag-latestnews","21":"tag-medicos","22":"tag-news","23":"tag-noticias","24":"tag-noticias-destacadas","25":"tag-noticiasdestacadas","26":"tag-pacientes","27":"tag-salud","28":"tag-spain","29":"tag-titulares","30":"tag-ultimas-noticias","31":"tag-ultimasnoticias","32":"tag-vigo"},"share_on_mastodon":{"url":"","error":""},"_links":{"self":[{"href":"https:\/\/www.europesays.com\/es\/wp-json\/wp\/v2\/posts\/37886","targetHints":{"allow":["GET"]}}],"collection":[{"href":"https:\/\/www.europesays.com\/es\/wp-json\/wp\/v2\/posts"}],"about":[{"href":"https:\/\/www.europesays.com\/es\/wp-json\/wp\/v2\/types\/post"}],"author":[{"embeddable":true,"href":"https:\/\/www.europesays.com\/es\/wp-json\/wp\/v2\/users\/2"}],"replies":[{"embeddable":true,"href":"https:\/\/www.europesays.com\/es\/wp-json\/wp\/v2\/comments?post=37886"}],"version-history":[{"count":0,"href":"https:\/\/www.europesays.com\/es\/wp-json\/wp\/v2\/posts\/37886\/revisions"}],"wp:featuredmedia":[{"embeddable":true,"href":"https:\/\/www.europesays.com\/es\/wp-json\/wp\/v2\/media\/37887"}],"wp:attachment":[{"href":"https:\/\/www.europesays.com\/es\/wp-json\/wp\/v2\/media?parent=37886"}],"wp:term":[{"taxonomy":"category","embeddable":true,"href":"https:\/\/www.europesays.com\/es\/wp-json\/wp\/v2\/categories?post=37886"},{"taxonomy":"post_tag","embeddable":true,"href":"https:\/\/www.europesays.com\/es\/wp-json\/wp\/v2\/tags?post=37886"}],"curies":[{"name":"wp","href":"https:\/\/api.w.org\/{rel}","templated":true}]}}