{"id":37938,"date":"2025-08-10T10:01:15","date_gmt":"2025-08-10T10:01:15","guid":{"rendered":"https:\/\/www.europesays.com\/es\/37938\/"},"modified":"2025-08-10T10:01:15","modified_gmt":"2025-08-10T10:01:15","slug":"edificios-emblematicos-badajoz-tres-arquitectos-recuperan-su-sitio-glorioso-en-la-historia-de-badajoz","status":"publish","type":"post","link":"https:\/\/www.europesays.com\/es\/37938\/","title":{"rendered":"EDIFICIOS EMBLEM\u00c1TICOS BADAJOZ | Tres arquitectos recuperan su sitio \u00abglorioso\u00bb en la historia de Badajoz"},"content":{"rendered":"<p class=\"ft-text\"><strong>Adel Pinna, Antonio Brazos o Francisco Ger son algunos de los delineantes o maestros de obras que han figurado en las \u00faltimas d\u00e9cadas como autores de algunos de los edificios m\u00e1s emblem\u00e1ticos de <\/strong><a class=\"ft-link ft-link--decoration\" href=\"https:\/\/www.lacronicabadajoz.com\/badajoz\/\" target=\"_blank\" rel=\"nofollow noopener\"><strong>Badajoz<\/strong><\/a>. Sin embargo, una investigaci\u00f3n de la documentalista Emiliana Habela, ha certificado que todos ellos <strong>fueron obra de una saga de arquitectos pacenses, \u00ablos gloriosos Vaca\u00bb<\/strong>.<\/p>\n<p class=\"ft-text\">Precisamente, ese es el <strong>t\u00edtulo que ha escogido para la trilog\u00eda que ha elaborado de la mano de Fundaci\u00f3n CB<\/strong>. Es fruto de 17 a\u00f1os de trabajo de investigaci\u00f3n recorriendo miles de kil\u00f3metros para conseguir demostrar que Francisco Morales, Ventura Vaca y Francisco Vaca fueron sus autores.<\/p>\n<p>El comienzo de una saga<\/p>\n<p class=\"ft-text\"><strong>La historia de estos tres profesionales comenz\u00f3 en 1848 cuando Morales lleg\u00f3 a Badajoz desde Salamanca con una c\u00e1tedra de Matem\u00e1ticas<\/strong>. Adem\u00e1s, la Real Academia de las Bellas Artes de San Fernando le hab\u00eda reconocido como maestro arquitecto. Con esa formaci\u00f3n y ante el estado de deterioro en que se encontraba la ciudad se postul\u00f3 como arquitecto titular. El consistorio da su aprobaci\u00f3n y realiza el nombramiento. Este es el punto <strong>en el que comienza una de las etapas m\u00e1s renovadoras de la est\u00e9tica y arquitectura de Badajoz<\/strong>.<\/p>\n<p class=\"ft-text\">Sin ir m\u00e1s lejos, este salmantino <strong>fue el responsable de dise\u00f1ar el palacio municipal, actual sede del ayuntamiento<\/strong>, por el mal estado de las Casas Consistoriales. Asimismo, fue el dise\u00f1ador del teatro L\u00f3pez de Ayala original y quien proyect\u00f3 el cementerio de San Juan, de muchos de sus panteones y de su capilla.<\/p>\n<p><img decoding=\"async\" src=\"https:\/\/www.europesays.com\/es\/wp-content\/uploads\/2025\/08\/fb715f93-1112-46ae-b134-8e4269548b97_alta-libre-aspect-ratio_default_0.jpg\" width=\"1200\" height=\"800\" alt=\"Imagen de la fachada del palacio municipal, sede del Ayuntamiento de Badajoz.\" class=\"ft-helper-img-rd\" loading=\"lazy\" hasdataaida=\"true\"\/><\/p>\n<p class=\"ft-helper-fontColor-quaternary ft-helper-fontSize-body-S ft-helper-spacer-t-xxs\">Imagen de la fachada del palacio municipal, sede del Ayuntamiento de Badajoz.  \/ Santi Garc\u00eda<\/p>\n<p class=\"ft-text\"><strong>Su yerno, Ventura Vaca, sigui\u00f3 sus pasos. \u00abLo contrataron como arquitecto de Distrito, arquitecto ayudante,y era obligatorio estar dos a\u00f1os a sus \u00f3rdenes para poner en pr\u00e1ctica la profesi\u00f3n siguiendo sus directrices\u00bb<\/strong>, relata Emiliana Habela, autora de esta investigaci\u00f3n y bisnieta de Ventura Vaca. Juntos realizaron muchos proyectos a lo largo de toda la provincia. Y tiempo despu\u00e9s, tom\u00f3 el relevo a su suegro, Francisco Morales.<\/p>\n<p class=\"ft-text\"><strong>Vaca firm\u00f3 gran parte de los edificios modernistas de la ciudad<\/strong>. Fue el responsable de levantar la sede del casino en la calle Obispo San Juan de Ribera, actual sede de la diputaci\u00f3n, el <strong>Edificio Met\u00e1lico, el templete de la m\u00fasica del paseo de San Francisco o Las Tres Campanas, entre otras creaciones<\/strong>.<\/p>\n<p><img decoding=\"async\" src=\"https:\/\/www.europesays.com\/es\/wp-content\/uploads\/2025\/08\/bb303b62-1e08-4753-b5b2-0dddc2c4b10a_alta-libre-aspect-ratio_default_0.jpg\" width=\"1200\" height=\"800\" alt=\"Detalle de la fachada del edificio de Las Tres Campanas dise\u00f1ada por Ventura Vaca.\" class=\"ft-helper-img-rd\" loading=\"lazy\" hasdataaida=\"true\"\/><\/p>\n<p class=\"ft-helper-fontColor-quaternary ft-helper-fontSize-body-S ft-helper-spacer-t-xxs\">Detalle de la fachada del edificio de Las Tres Campanas dise\u00f1ada por Ventura Vaca.  \/ Santi Garc\u00eda<\/p>\n<p>Los gui\u00f1os de Ventura Vaca<\/p>\n<p class=\"ft-text\">En este \u00faltimo, incluy\u00f3 tres campanas en un adorno que culmina el edificio haciendo referencia a su nombre: <strong>\u00abEra una se\u00f1a de identidad, en todas los edificios hac\u00eda un gui\u00f1o a la familia, a su escudo de armas o a su profesi\u00f3n\u00bb,<\/strong> cuenta Habela. Otro ejemplo de personalizaci\u00f3n de los proyectos se encuentra en las rejas con forma de arpas en el templete de San Francisco o en el sal\u00f3n noble del Casino, ambos construidos para interpretar m\u00fasica. Esto se repite en otros edificios modernistas de la ciudad hechos por \u00e9l. Muchas de las calles del Casco Antiguo cuentan con proyectos de estilo modernista de Ventura Vaca aport\u00e1ndoles un encanto especial.<\/p>\n<p class=\"ft-text\">La saga de arquitectos la complet\u00f3 su hijo, <strong>Francisco Vaca Morales. Fue el tercer miembro de la familia en tomar la profesi\u00f3n y en desarrollar grandes construcciones en Badajoz<\/strong>. Su obra fue muy prol\u00edfera en cuanto a las viviendas particulares, aunque quiz\u00e1s menos vistosas, ya que el contexto en el que se levantaron era muy distinto:<strong> \u00abLa posguerra hizo que los dise\u00f1os fueran mucho m\u00e1s sencillos y funcionales. La escasez econ\u00f3mica se reflejaba en la arquitectura\u00bb<\/strong>, afirma Habela.<strong> El estilo racionalista es el que define a este arquitecto<\/strong> y uno de sus m\u00e1ximos exponentes fue el edificio de la c\u00e1mara urbana, muy conocido porque en \u00e9l se ubic\u00f3 la sede del sindicato UGT durante d\u00e9cadas.<\/p>\n<p><img decoding=\"async\" src=\"https:\/\/www.europesays.com\/es\/wp-content\/uploads\/2025\/08\/303d5633-cf86-43a5-97e5-05cea300096c_alta-libre-aspect-ratio_default_0.jpg\" width=\"1200\" height=\"1800\" alt=\"Edificio de la c\u00e1mara urbana, sede del sindicato UGT durante d\u00e9cadas, dise\u00f1ado por Francisco Vaca Morales.\" class=\"ft-helper-img-rd\" loading=\"lazy\" hasdataaida=\"true\"\/><\/p>\n<p class=\"ft-helper-fontColor-quaternary ft-helper-fontSize-body-S ft-helper-spacer-t-xxs\">Edificio de la c\u00e1mara urbana, sede del sindicato UGT durante d\u00e9cadas, dise\u00f1ado por Francisco Vaca Morales.  \/ Santi Garc\u00eda<\/p>\n<p>Arquitectos en exclusiva<\/p>\n<p class=\"ft-text\"><strong>Desde 1848 hasta 1917 Francisco Morales y Ventura Vaca fueron los arquitectos provinciales de Badajoz. \u00abEran los \u00fanicos en toda la provincia. Entonces solo Madrid, Barcelona y Valencia ten\u00edan m\u00e1s de un arquitecto\u00bb<\/strong>, cuenta Emiliana Habela. Esto hizo que su actividad se multiplicara. \u00abLos medios de transportes de la \u00e9poca les imped\u00eda estar en varias construcciones a la vez en poco tiempo y por eso se le da autorizaci\u00f3n al delineante para que la actividad en Badajoz continuara\u00bb, explica Habela. Eso provoc\u00f3 que se atribuyeran durante d\u00e9cadas muchos de sus edificios a maestros de obra, ingenieros o delineantes.<\/p>\n<p class=\"ft-text\"><strong>Durante 17 a\u00f1os esta documentalista ha recorrido importantes archivos de todo el pa\u00eds para poder justificar que fueron ellos quienes los dise\u00f1aron<\/strong>. Entre otros, al archivo de la Real Academia de Bellas Artes de San Fernando en Madrid.<\/p>\n<p class=\"ft-text\">Este laborioso trabajo lo ha hecho con un \u00fanico fin: <strong>\u00abEs un homenaje a ellos, que no iban a pasar a la posteridad\u00bb, se\u00f1ala la autora<\/strong>. Desde ni\u00f1a ha vivido en su casa el disgusto de su madre y de sus t\u00edos ante la atribuci\u00f3n de las obras a otros trabajadores. Igualmente, <strong>apunta que \u00abser\u00eda de justicia que Francisco Morales y Ventura Vaca tuvieran una calle\u00bb<\/strong>, al igual que ya tiene Francisco Vaca en Valdepasillas. Al mismo tiempo, afirma que podr\u00eda estudiarse \u00abuna estatua en conjunto\u00bb en la ciudad para aquellos que \u00abmarcaron la tendencia y la est\u00e9tica de Badajoz durante tanto tiempo\u00bb. <strong>Por el momento, ella ya ha realizado su propio tributo a los \u00abgloriosos Vaca\u00bb como su abuela los mencionaba y que ha sido el t\u00edtulo para esta obra que \u00abhace justicia\u00bb<\/strong>.<\/p>\n","protected":false},"excerpt":{"rendered":"Adel Pinna, Antonio Brazos o Francisco Ger son algunos de los delineantes o maestros de obras que han&hellip;\n","protected":false},"author":2,"featured_media":37939,"comment_status":"","ping_status":"","sticky":false,"template":"","format":"standard","meta":{"footnotes":""},"categories":[173],"tags":[3739,801,229,233,231,230,7235,232,234,146,147,25,24,18764,448,1294,474,18763,982,23,2752,603],"class_list":{"0":"post-37938","1":"post","2":"type-post","3":"status-publish","4":"format-standard","5":"has-post-thumbnail","7":"category-arte-y-diseno","8":"tag-arquitectos","9":"tag-arquitectura","10":"tag-arte","11":"tag-arte-y-diseno","12":"tag-arts","13":"tag-arts-and-design","14":"tag-badajoz","15":"tag-design","16":"tag-diseno","17":"tag-entertainment","18":"tag-entretenimiento","19":"tag-es","20":"tag-espana","21":"tag-glorioso","22":"tag-historia","23":"tag-investigacion","24":"tag-obras","25":"tag-recuperan","26":"tag-sitio","27":"tag-spain","28":"tag-trabajo","29":"tag-tres"},"share_on_mastodon":{"url":"","error":""},"_links":{"self":[{"href":"https:\/\/www.europesays.com\/es\/wp-json\/wp\/v2\/posts\/37938","targetHints":{"allow":["GET"]}}],"collection":[{"href":"https:\/\/www.europesays.com\/es\/wp-json\/wp\/v2\/posts"}],"about":[{"href":"https:\/\/www.europesays.com\/es\/wp-json\/wp\/v2\/types\/post"}],"author":[{"embeddable":true,"href":"https:\/\/www.europesays.com\/es\/wp-json\/wp\/v2\/users\/2"}],"replies":[{"embeddable":true,"href":"https:\/\/www.europesays.com\/es\/wp-json\/wp\/v2\/comments?post=37938"}],"version-history":[{"count":0,"href":"https:\/\/www.europesays.com\/es\/wp-json\/wp\/v2\/posts\/37938\/revisions"}],"wp:featuredmedia":[{"embeddable":true,"href":"https:\/\/www.europesays.com\/es\/wp-json\/wp\/v2\/media\/37939"}],"wp:attachment":[{"href":"https:\/\/www.europesays.com\/es\/wp-json\/wp\/v2\/media?parent=37938"}],"wp:term":[{"taxonomy":"category","embeddable":true,"href":"https:\/\/www.europesays.com\/es\/wp-json\/wp\/v2\/categories?post=37938"},{"taxonomy":"post_tag","embeddable":true,"href":"https:\/\/www.europesays.com\/es\/wp-json\/wp\/v2\/tags?post=37938"}],"curies":[{"name":"wp","href":"https:\/\/api.w.org\/{rel}","templated":true}]}}