{"id":379394,"date":"2026-02-04T22:02:07","date_gmt":"2026-02-04T22:02:07","guid":{"rendered":"https:\/\/www.europesays.com\/es\/379394\/"},"modified":"2026-02-04T22:02:07","modified_gmt":"2026-02-04T22:02:07","slug":"la-junta-de-andalucia-advierte-de-que-el-peligro-persiste-aunque-disminuyan-las-lluvias","status":"publish","type":"post","link":"https:\/\/www.europesays.com\/es\/379394\/","title":{"rendered":"La Junta de Andaluc\u00eda advierte de que el peligro persiste aunque disminuyan las lluvias"},"content":{"rendered":"<p>04\/02\/2026<br \/>\n<br \/><strong><br \/>\nActualizado a las 20:35h.<br \/>\n<\/strong><\/p>\n<p class=\"voc-p\" style=\"\">Lo peor del temporal parece que est\u00e1 cerca en Andaluc\u00eda. Al menos eso se desprende de lo dicho por la Junta de Andaluc\u00eda tras una nueva reuni\u00f3n a la que ha asistido este mi\u00e9rcoles el presidente de la Junta, Juanma Moreno. <\/p>\n<p class=\"voc-p\" style=\"\">El consejero de Presidencia  &#8230; y Emergencias, Antonio Sanz, ha comparecido tras asistir junto al presidente al Comit\u00e9 Asesor del Plan Territorial de Emergencias, para explicar que en las pr\u00f3ximas horas la situaci\u00f3n ser\u00e1 \u00abmucho m\u00e1s favorable\u00bb y habr\u00e1 menor incidencia de las lluvias. Pero tambi\u00e9n para advertir <strong>que no hay que bajar la guardia<\/strong> tras las \u00faltimas horas en las que ha habido que desalojar a m\u00e1s de 3.500 personas en Andaluc\u00eda por las inundaciones.<\/p>\n<p class=\"voc-p\" style=\"\">Por ello se ha decidido levantar la suspensi\u00f3n de la actividad lectiva en la mayor parte de Andaluc\u00eda con excepci\u00f3n de parte de Almer\u00eda, zona de Grazalema y Campo de Gibraltar en C\u00e1diz. <\/p>\n<p class=\"voc-p\" style=\"\">Seg\u00fan ha explicado el consejero, la situaci\u00f3n ya no se mide en amarillo. naranja o rojo. <strong>\u00abLa afectaci\u00f3n del suelo es tal que con un a m\u00ednima lluvia se caen carreteras o piedras\u00bb<\/strong>. ha dicho el consejero. De hecho, solo en Grazalema <strong>han ca\u00eddo 423 litros en el d\u00eda.<\/strong> y h habido riesgo en una presa peque\u00f1a pero se ha logrado garantizar la seguridad.<\/p>\n<p class=\"voc-p\" style=\"\">Adem\u00e1s hay muchas municipios afectados en las m\u00e1s de 6.430 incidencias que se han contabilizado desde el pasado d\u00eda 27. De ellas 1.069 durante este mi\u00e9rcoles.<\/p>\n<p class=\"voc-p\" style=\"\">En cualquier caso, el consejero ha advertido que en las zonas de r\u00edos sigue habiendo riesgo y <strong>ha hecho un llamamiento a la prudencia y la concienciaci\u00f3n de la poblaci\u00f3n<\/strong>. \u00abHemos tenido que actuar porque un ni\u00f1o quer\u00eda ba\u00f1arse en un r\u00edo en plena situaci\u00f3n de peligro\u00bb, ha explicado el consejero recordando que est\u00e1 prohibido pasar por esas zonas e insistiendo en que el riesgo no ha acabado aunque la incidencia por lluvia cambie.<\/p>\n<p><img loading=\"lazy\" decoding=\"async\" width=\"530\" height=\"64\" class=\"logo-premium\" src=\"data:image\/gif;base64,R0lGODlhAQABAAAAACH5BAEKAAEALAAAAAABAAEAAAICTAEAOw==\" alt=\"ABC Premium\"\/><br \/>\nL\u00edmite de sesiones alcanzadas<\/p>\n<ul class=\"listado\">\n<li>El acceso al contenido Premium est\u00e1 abierto por cortes\u00eda del establecimiento donde te encuentras, pero ahora mismo hay demasiados usuarios conectados a la vez. Por favor, int\u00e9ntalo pasados unos minutos.<\/li>\n<\/ul>\n<p>Volver a intentar<\/p>\n<p><img loading=\"lazy\" decoding=\"async\" width=\"530\" height=\"64\" class=\"logo-premium\" src=\"data:image\/gif;base64,R0lGODlhAQABAAAAACH5BAEKAAEALAAAAAABAAEAAAICTAEAOw==\" alt=\"ABC Premium\"\/><br \/>\nHas superado el l\u00edmite de sesiones<\/p>\n<ul class=\"listado\">\n<li>S\u00f3lo puedes tener tres sesiones iniciadas a la vez. Hemos cerrado la sesi\u00f3n m\u00e1s antigua para que sigas navegando sin l\u00edmites en el resto.<\/li>\n<\/ul>\n<p>Sigue navegando<\/p>\n<p>\nArt\u00edculo solo para suscriptores\n<\/p>\n<p>Reportar un error<\/p>\n","protected":false},"excerpt":{"rendered":"04\/02\/2026 Actualizado a las 20:35h. Lo peor del temporal parece que est\u00e1 cerca en Andaluc\u00eda. Al menos eso&hellip;\n","protected":false},"author":2,"featured_media":379395,"comment_status":"","ping_status":"","sticky":false,"template":"","format":"standard","meta":{"footnotes":""},"categories":[8],"tags":[10854,17,18,83280,25,24,13,14,11,2024,19,20,6194,9,10,15,16,2602,27071,23,12,21,22],"class_list":["post-379394","post","type-post","status-publish","format-standard","has-post-thumbnail","category-espana","tag-advierte","tag-breaking-news","tag-breakingnews","tag-disminuyan","tag-es","tag-espana","tag-featured-news","tag-featurednews","tag-headlines","tag-junta","tag-latest-news","tag-latestnews","tag-lluvias","tag-news","tag-noticias","tag-noticias-destacadas","tag-noticiasdestacadas","tag-peligro","tag-persiste","tag-spain","tag-titulares","tag-ultimas-noticias","tag-ultimasnoticias"],"share_on_mastodon":{"url":"https:\/\/pubeurope.com\/@es\/116014621912171697","error":""},"_links":{"self":[{"href":"https:\/\/www.europesays.com\/es\/wp-json\/wp\/v2\/posts\/379394","targetHints":{"allow":["GET"]}}],"collection":[{"href":"https:\/\/www.europesays.com\/es\/wp-json\/wp\/v2\/posts"}],"about":[{"href":"https:\/\/www.europesays.com\/es\/wp-json\/wp\/v2\/types\/post"}],"author":[{"embeddable":true,"href":"https:\/\/www.europesays.com\/es\/wp-json\/wp\/v2\/users\/2"}],"replies":[{"embeddable":true,"href":"https:\/\/www.europesays.com\/es\/wp-json\/wp\/v2\/comments?post=379394"}],"version-history":[{"count":0,"href":"https:\/\/www.europesays.com\/es\/wp-json\/wp\/v2\/posts\/379394\/revisions"}],"wp:featuredmedia":[{"embeddable":true,"href":"https:\/\/www.europesays.com\/es\/wp-json\/wp\/v2\/media\/379395"}],"wp:attachment":[{"href":"https:\/\/www.europesays.com\/es\/wp-json\/wp\/v2\/media?parent=379394"}],"wp:term":[{"taxonomy":"category","embeddable":true,"href":"https:\/\/www.europesays.com\/es\/wp-json\/wp\/v2\/categories?post=379394"},{"taxonomy":"post_tag","embeddable":true,"href":"https:\/\/www.europesays.com\/es\/wp-json\/wp\/v2\/tags?post=379394"}],"curies":[{"name":"wp","href":"https:\/\/api.w.org\/{rel}","templated":true}]}}