{"id":379410,"date":"2026-02-04T22:17:10","date_gmt":"2026-02-04T22:17:10","guid":{"rendered":"https:\/\/www.europesays.com\/es\/379410\/"},"modified":"2026-02-04T22:17:10","modified_gmt":"2026-02-04T22:17:10","slug":"blackpink-esta-de-vuelta-el-regreso-mas-esperado-del-k-pop-en-2026","status":"publish","type":"post","link":"https:\/\/www.europesays.com\/es\/379410\/","title":{"rendered":"BLACKPINK est\u00e1 de vuelta: el regreso m\u00e1s esperado del K-pop en 2026"},"content":{"rendered":"<p>El fen\u00f3meno global del <strong>K-pop<\/strong>, <strong>BLACKPINK<\/strong>, ha confirmado oficialmente su tan esperado regreso musical con el lanzamiento de su <strong>tercer mini-\u00e1lbum titulado DEADLINE<\/strong>, programado para el <strong>27 de febrero de 2026<\/strong>. Esta ser\u00e1 su primera producci\u00f3n grupal completa en m\u00e1s de <strong>tres a\u00f1os<\/strong>, poniendo fin a un ciclo largo desde su \u00faltimo lanzamiento conjunto en Born Pink (2022).<\/p>\n<p>El t\u00edtulo del mini-\u00e1lbum \u2014Deadline\u2014 est\u00e1 \u00edntimamente ligado a su actual gira mundial, <strong>BLACKPINK World Tour <\/strong>, que inici\u00f3 en julio de 2025 y concluy\u00f3 en enero de 2026 con una serie de presentaciones exitosas en estadios.<\/p>\n<p>\u00bfQu\u00e9 significa Deadline para BLACKPINK?<\/p>\n<p>Este retorno no es solo una fecha: marca <strong>la primera vez en a\u00f1os que las cuatro integrantes \u2014Jisoo, Jennie, Ros\u00e9 y Lisa\u2014 se re\u00fanen oficialmente para un proyecto de grupo<\/strong> tras concentrarse en actividades individuales como m\u00fasica en solitario, moda y actuaci\u00f3n.<\/p>\n<p><img data-recalc-dims=\"1\" loading=\"lazy\" decoding=\"async\" width=\"640\" height=\"640\" src=\"https:\/\/www.europesays.com\/es\/wp-content\/uploads\/2026\/02\/image-2.png\" alt=\"\" class=\"wp-image-144709\"  \/><\/p>\n<p>La anticipaci\u00f3n en la comunidad de fans \u2014los BLINKs\u2014 ha ido en aumento, especialmente luego de que el grupo revel\u00f3 las <strong>primeras fotos conceptuales en blanco y negro<\/strong> que anticipan un enfoque visual sofisticado y lleno de car\u00e1cter para esta nueva era.<\/p>\n<p>Expectativas musicales y contexto<\/p>\n<p>Aunque a\u00fan no se ha publicado la lista completa de canciones, el mini-\u00e1lbum DEADLINE incluir\u00e1 probablemente a \u201c<strong>Jump<\/strong>\u201d, el sencillo digital lanzado en julio de 2025 que se consolid\u00f3 como un \u00e9xito global al encabezar el <strong>Billboard Global 200<\/strong> y obtener certificaciones en m\u00faltiples pa\u00edses.<\/p>\n<p><img data-recalc-dims=\"1\" loading=\"lazy\" decoding=\"async\" width=\"640\" height=\"320\" src=\"https:\/\/www.europesays.com\/es\/wp-content\/uploads\/2026\/02\/image-3.png\" alt=\"\" class=\"wp-image-144711\"  \/><\/p>\n<p>Los analistas de la industria esperan que el regreso de BLACKPINK impacte con fuerza tanto en <strong>ventas como en streaming<\/strong>, considerando que su \u00faltimo \u00e1lbum Born Pink marc\u00f3 r\u00e9cords y consolid\u00f3 a la agrupaci\u00f3n como uno de los actos m\u00e1s influyentes del pop mundial.<\/p>\n<p>El regreso del K-pop al centro de la escena<\/p>\n<p>El lanzamiento de DEADLINE tambi\u00e9n se enmarca en un a\u00f1o intenso para el g\u00e9nero: junto con BLACKPINK, varios otros grupos de K-pop han confirmado comebacks para 2026, lo que convierte a este momento en un punto de inflexi\u00f3n para la m\u00fasica surcoreana a nivel global.<\/p>\n","protected":false},"excerpt":{"rendered":"El fen\u00f3meno global del K-pop, BLACKPINK, ha confirmado oficialmente su tan esperado regreso musical con el lanzamiento de&hellip;\n","protected":false},"author":2,"featured_media":379411,"comment_status":"","ping_status":"","sticky":false,"template":"","format":"standard","meta":{"footnotes":""},"categories":[170],"tags":[32073,146,147,3141,25,24,1016,3770,1023,184,185,32071,23,32072,28660],"class_list":["post-379410","post","type-post","status-publish","format-standard","has-post-thumbnail","category-musica","tag-belleza-sustentable","tag-entertainment","tag-entretenimiento","tag-entrevista","tag-es","tag-espana","tag-fotos","tag-lifestyle","tag-moda","tag-music","tag-musica","tag-revista-argentina","tag-spain","tag-turismo-argentina","tag-vida-saludable"],"share_on_mastodon":{"url":"https:\/\/pubeurope.com\/@es\/116014680909311921","error":""},"_links":{"self":[{"href":"https:\/\/www.europesays.com\/es\/wp-json\/wp\/v2\/posts\/379410","targetHints":{"allow":["GET"]}}],"collection":[{"href":"https:\/\/www.europesays.com\/es\/wp-json\/wp\/v2\/posts"}],"about":[{"href":"https:\/\/www.europesays.com\/es\/wp-json\/wp\/v2\/types\/post"}],"author":[{"embeddable":true,"href":"https:\/\/www.europesays.com\/es\/wp-json\/wp\/v2\/users\/2"}],"replies":[{"embeddable":true,"href":"https:\/\/www.europesays.com\/es\/wp-json\/wp\/v2\/comments?post=379410"}],"version-history":[{"count":0,"href":"https:\/\/www.europesays.com\/es\/wp-json\/wp\/v2\/posts\/379410\/revisions"}],"wp:featuredmedia":[{"embeddable":true,"href":"https:\/\/www.europesays.com\/es\/wp-json\/wp\/v2\/media\/379411"}],"wp:attachment":[{"href":"https:\/\/www.europesays.com\/es\/wp-json\/wp\/v2\/media?parent=379410"}],"wp:term":[{"taxonomy":"category","embeddable":true,"href":"https:\/\/www.europesays.com\/es\/wp-json\/wp\/v2\/categories?post=379410"},{"taxonomy":"post_tag","embeddable":true,"href":"https:\/\/www.europesays.com\/es\/wp-json\/wp\/v2\/tags?post=379410"}],"curies":[{"name":"wp","href":"https:\/\/api.w.org\/{rel}","templated":true}]}}