{"id":37942,"date":"2025-08-10T10:03:08","date_gmt":"2025-08-10T10:03:08","guid":{"rendered":"https:\/\/www.europesays.com\/es\/37942\/"},"modified":"2025-08-10T10:03:08","modified_gmt":"2025-08-10T10:03:08","slug":"la-1-lidera-con-el-aparcacoches-la-noche-de-un-sabado-que-controla-antena-3-10-9-y-sufre-telecinco-6-6","status":"publish","type":"post","link":"https:\/\/www.europesays.com\/es\/37942\/","title":{"rendered":"La 1 lidera con &#8216;El Aparcacoches&#8217; la noche de un s\u00e1bado que controla Antena 3 (10.9%) y sufre Telecinco (6.6%)"},"content":{"rendered":"<p class=\"article-text\">\n        Las audiencias de este s\u00e1bado 9 de agosto reparten alegr\u00eda para <strong>La 1 de RTVE<\/strong>, porque lidera la noche con la pel\u00edcula <strong>El Aparcacoches<\/strong> (10.9% y 760.000); y para <strong>Antena 3<\/strong>, que pese a estar en fin de semana -el hist\u00f3rico punto flaco de la cadena de <strong>Atresmedia<\/strong>&#8211; lidera el d\u00eda con un acumulado del 10.9%, dos d\u00e9cimas por encima de la cadena p\u00fablica.\n    <\/p>\n<p>    <a href=\"https:\/\/www.eldiario.es\/noticias\/carolina-yuste-defendio-ines-hernand-colectivo-lgtbiq-explico-injusto-metoo-espana-actrices_1_12525671.html\" data-mrf-recirculation=\"saber-mas\" data-dl-event=\"saber-mas\" rel=\"nofollow noopener\" target=\"_blank\"><\/p>\n<p class=\"know-more__title\">Carolina Yuste defendi\u00f3 con In\u00e9s Hernand al colectivo LGTBIQ+ y explic\u00f3 lo injusto del #MeToo en Espa\u00f1a para las actrices<\/p>\n<p>            <img decoding=\"async\" class=\"lazy\" loading=\"lazy\" data-src=\"https:\/\/static.eldiario.es\/clip\/2ce415f6-179b-4c1d-8820-323937173fe6_16-9-aspect-ratio_default_0.jpg\" src=\"data:image\/svg+xml,%3Csvg xmlns=\" http:=\"\" viewbox=\"0 0 880 495\" alt=\"Carolina Yuste defendi\u00f3 con In\u00e9s Hernand al colectivo LGTBIQ+ y explic\u00f3 lo injusto del #MeToo en Espa\u00f1a para las actrices\"\/><\/p>\n<p>                        <\/a><\/p>\n<p class=\"article-text\">\n        Pero tambi\u00e9n dan malas noticias sobre todo a <strong>Telecinco<\/strong>, que apenas promedia un 6.6% en el total d\u00eda, qued\u00e1ndose a m\u00e1s de cuatro puntos de la primera opci\u00f3n y acentuando en este fin de semana caluros\u00edsimo de verano su crisis.\n    <\/p>\n<p class=\"article-text\">\n        Por la noche, su <strong>Cine 5 Estrellas: El cuarto pasajero<\/strong> es cuarta opci\u00f3n con 5.9% y 410.000, no s\u00f3lo por detr\u00e1s del film de La 1 y la reposici\u00f3n de <strong>Atrapa un mill\u00f3n<\/strong> (10.8% y 747.000) en Antena 3, sino incluso tambi\u00e9n por detr\u00e1s de su hermana peque\u00f1a, Cuatro, que igualmente apost\u00f3 por cine con El Blockbuster: Ajuste de cuentas (Muzzle) y reuni\u00f3 al 6.5% y 452.000.\n    <\/p>\n<p class=\"article-text\">\n        Por la tarde, <strong>Fiesta <\/strong>se conforma con un 8.1% de cuota y 568.000 espectadores, en tercera opci\u00f3n de su franja muy por debajo del acumulado que logra La 1 (11.7% y 820.000) con sus dos Sesi\u00f3n de tarde y Cine de barrio; y tambi\u00e9n por detr\u00e1s de Antena 3 (9.5% y 666.000) con sus tres pel\u00edculas del Multicine.\n    <\/p>\n<p class=\"article-text\">\n        En conjunto, y pese a ser un d\u00eda de baj\u00edsimo consumo por tratarse de un fin de semana de agosto, Telecinco est\u00e1 sufriendo especialmente en verano con datos que suenan m\u00e1s a los de Cuatro o laSexta que a los de pelear por el liderazgo, como s\u00ed hacen Antena 3 y La 1 de RTVE.\n    <\/p>\n<p>    D\u00eda<\/p>\n<tr>\n<td class=\"                                                \">\n                                        Antena 3\n                                    <\/td>\n<td class=\"new_share__tbl--5                                                \">\n                                        10.9%\n                                    <\/td>\n<\/tr>\n<tr>\n<td class=\"                                                \">\n                                        La 1\n                                    <\/td>\n<td class=\"new_share__tbl--5                                                \">\n                                        10.7%\n                                    <\/td>\n<\/tr>\n<tr>\n<td class=\"                                                \">\n                                        Telecinco\n                                    <\/td>\n<td class=\"new_share__tbl--5                                                \">\n                                        6.6%\n                                    <\/td>\n<\/tr>\n<tr>\n<td class=\"                                                \">\n                                        Cuatro\n                                    <\/td>\n<td class=\"new_share__tbl--5                                                \">\n                                        6.2%\n                                    <\/td>\n<\/tr>\n<tr>\n<td class=\"                                                \">\n                                        laSexta\n                                    <\/td>\n<td class=\"new_share__tbl--5                                                \">\n                                        5%\n                                    <\/td>\n<\/tr>\n<p>    <a href=\"https:\/\/www.eldiario.es\/vertele\/analisis\/serie-mas-vista-mejor-valorada-plataforma-streaming-coinciden-netflix-hbo-max-amazon-prime-video-apple-tv_1_12519082.html\" data-mrf-recirculation=\"saber-mas-abajo\" data-dl-event=\"saber-mas-abajo\" rel=\"nofollow noopener\" target=\"_blank\"><\/p>\n<p class=\"know-more__title\">La serie m\u00e1s vista y la mejor valorada de cada plataforma de &#8216;streaming&#8217;: \u00bfcoinciden?<\/p>\n<p>            <img decoding=\"async\" class=\"lazy\" loading=\"lazy\" data-src=\"https:\/\/static.eldiario.es\/clip\/4806c9f4-e5c1-41a6-af63-00bf24bee4bc_16-9-aspect-ratio_default_0.jpg\" src=\"data:image\/svg+xml,%3Csvg xmlns=\" http:=\"\" viewbox=\"0 0 880 495\" alt=\"La serie m\u00e1s vista y la mejor valorada de cada plataforma de 'streaming': \u00bfcoinciden?\"\/><\/p>\n<p>                        <\/a><\/p>\n<p class=\"article-text\">\n        *Estas cifras de audiencia son obtenidas gracias a las publicaciones en redes de consultoras como Barlovento Comunicaci\u00f3n y DOS30TV, adem\u00e1s de las aportadas por fuentes consultadas por verTele. Los datos completos se publicar\u00e1n y actualizar\u00e1n, como siempre, este lunes.\n    <\/p>\n","protected":false},"excerpt":{"rendered":"Las audiencias de este s\u00e1bado 9 de agosto reparten alegr\u00eda para La 1 de RTVE, porque lidera la&hellip;\n","protected":false},"author":2,"featured_media":37943,"comment_status":"","ping_status":"","sticky":false,"template":"","format":"standard","meta":{"footnotes":""},"categories":[171],"tags":[1554,18767,9692,18766,18768,146,147,25,24,18765,2289,193,3397,23,11463,692,214],"class_list":{"0":"post-37942","1":"post","2":"type-post","3":"status-publish","4":"format-standard","5":"has-post-thumbnail","7":"category-tv","8":"tag-1554","9":"tag-9-agosto-2025","10":"tag-antena","11":"tag-aparcacoches","12":"tag-controla","13":"tag-entertainment","14":"tag-entretenimiento","15":"tag-es","16":"tag-espana","17":"tag-la-1-rtve","18":"tag-lidera","19":"tag-noche","20":"tag-sabado","21":"tag-spain","22":"tag-sufre","23":"tag-telecinco","24":"tag-tv"},"share_on_mastodon":{"url":"","error":""},"_links":{"self":[{"href":"https:\/\/www.europesays.com\/es\/wp-json\/wp\/v2\/posts\/37942","targetHints":{"allow":["GET"]}}],"collection":[{"href":"https:\/\/www.europesays.com\/es\/wp-json\/wp\/v2\/posts"}],"about":[{"href":"https:\/\/www.europesays.com\/es\/wp-json\/wp\/v2\/types\/post"}],"author":[{"embeddable":true,"href":"https:\/\/www.europesays.com\/es\/wp-json\/wp\/v2\/users\/2"}],"replies":[{"embeddable":true,"href":"https:\/\/www.europesays.com\/es\/wp-json\/wp\/v2\/comments?post=37942"}],"version-history":[{"count":0,"href":"https:\/\/www.europesays.com\/es\/wp-json\/wp\/v2\/posts\/37942\/revisions"}],"wp:featuredmedia":[{"embeddable":true,"href":"https:\/\/www.europesays.com\/es\/wp-json\/wp\/v2\/media\/37943"}],"wp:attachment":[{"href":"https:\/\/www.europesays.com\/es\/wp-json\/wp\/v2\/media?parent=37942"}],"wp:term":[{"taxonomy":"category","embeddable":true,"href":"https:\/\/www.europesays.com\/es\/wp-json\/wp\/v2\/categories?post=37942"},{"taxonomy":"post_tag","embeddable":true,"href":"https:\/\/www.europesays.com\/es\/wp-json\/wp\/v2\/tags?post=37942"}],"curies":[{"name":"wp","href":"https:\/\/api.w.org\/{rel}","templated":true}]}}