{"id":37955,"date":"2025-08-10T10:12:07","date_gmt":"2025-08-10T10:12:07","guid":{"rendered":"https:\/\/www.europesays.com\/es\/37955\/"},"modified":"2025-08-10T10:12:07","modified_gmt":"2025-08-10T10:12:07","slug":"los-servicios-de-extincion-frenan-el-fuego-cercano-a-las-medulas-patrimonio-de-la-humanidad-pero-siguen-activos-cinco-incendios-en-leon-espana","status":"publish","type":"post","link":"https:\/\/www.europesays.com\/es\/37955\/","title":{"rendered":"Los servicios de extinci\u00f3n frenan el fuego cercano a Las M\u00e9dulas, Patrimonio de la Humanidad, pero siguen activos cinco incendios en Le\u00f3n | Espa\u00f1a"},"content":{"rendered":"<p class=\"\">Cinco <a href=\"https:\/\/elpais.com\/economia\/2025-08-08\/interrumpida-la-linea-de-tren-entre-avila-y-madrid-por-un-incendio-de-nivel-2-que-moviliza-a-la-ume.html\" target=\"_self\" rel=\"nofollow noopener\" title=\"https:\/\/elpais.com\/economia\/2025-08-08\/interrumpida-la-linea-de-tren-entre-avila-y-madrid-por-un-incendio-de-nivel-2-que-moviliza-a-la-ume.html\">incendios desatados<\/a> en la provincia de Le\u00f3n est\u00e1n provocando desalojos y afectando a zonas de alto valor cultural y paisaj\u00edstico como Las M\u00e9dulas, Patrimonio de la Humanidad. El <a href=\"https:\/\/elpais.com\/noticias\/incendios\/\" target=\"_self\" rel=\"nofollow noopener\" title=\"https:\/\/elpais.com\/noticias\/incendios\/\">incendio <\/a>que m\u00e1s preocupa, seg\u00fan los bomberos a expensas de informaci\u00f3n oficial, es el de Llamas de Cabrera, mientras que en Yeres, en las proximidades de Las M\u00e9dulas, hay 30 evacuados y se ha cortado el acceso para impedir que haya personas movi\u00e9ndose por la zona. <\/p>\n<p class=\"\">La Junta de Castilla y Le\u00f3n ha decretado el nivel 2 en estos dos siniestros, por lo que se precisa la activaci\u00f3n de medios y recursos extraordinarios, no solo locales. Los bomberos que est\u00e1 trabajando reclaman m\u00e1s medios de los que hasta el momento se han desplegado.<\/p>\n<p class=\"\">En la actualizaci\u00f3n de la informaci\u00f3n por parte de la Junta se asegura que en el incendio de Yenes, \u201cno peligran ni el pueblo ni el parque natural\u201d. \u201cAmbos est\u00e1n a salvo. El frente norte est\u00e1 parado en estos momentos, con lo cual Las M\u00e9dulas no corren peligro\u201d, sostienen las fuentes oficiales.<\/p>\n<p class=\"\">\u201cTanto la evacuaci\u00f3n de una poblaci\u00f3n como la posibilidad de que afectase a Las M\u00e9dulas condicionan la respuesta. Se han centrado all\u00ed la mayor parte de medios terrestres y a\u00e9reos\u201d, a\u00f1aden. No obstante, la poblaci\u00f3n sigue evacuada<\/p>\n<p class=\"\">Los brigadistas achacan el fuego a rayos de tormentas secas imprevistas que se est\u00e1n combinando con la ola de calor y las alt\u00edsimas temperaturas de d\u00eda y de noche: \u201cNunca he conocido un verano tan seco\u201d. Todos los focos se encuentran a un nivel 1 sobre un m\u00e1ximo de 3 de peligrosidad a expensas de c\u00f3mo vayan avanzando la jornada y sus temperaturas.<\/p>\n<p class=\"\">Las primeras informaciones disponibles provienen de la subdelegaci\u00f3n del Gobierno en Le\u00f3n. Los efectivos de extinci\u00f3n se han desplegado por varios puntos de la provincia leonesa, donde este domingo por la ma\u00f1ana hab\u00eda activos los siguientes frentes: en Orallo, en Llamas de la Cabrera, en Yeres, en Fasgar y en Olleros de Alba. <\/p>\n<p class=\"\">Uno de los bomberos que est\u00e1n participando en las actuaciones contra el fuego se muestra pesimista por la combinaci\u00f3n de parajes muy secos y descontrolados, temperaturas m\u00e1ximas muy altas y m\u00ednimas tambi\u00e9n elevadas, todo con unos \u00edndices baj\u00edsimos de humedad que alimentan las llamas y propician que avancen m\u00e1s r\u00e1pido: \u201cNunca hab\u00eda visto un verano tan seco\u201d.<\/p>\n<p class=\"\">\u201cEn Le\u00f3n, pr\u00e1cticamente en toda la provincia dan al menos 32 grados de m\u00e1xima, la mayor\u00eda de los d\u00edas bastante m\u00e1s, hasta el pr\u00f3ximo domingo como m\u00ednimo. Y es muy preocupante las humedades relativas. Yo creo que humedades relativas tan bajas no las hab\u00eda visto nunca en Le\u00f3n\u201d, lamenta el bombero forestal sobre las condiciones actuales y las venideras. <\/p>\n<p class=\"\">Las previsiones de las jornadas anteriores no lograron anticipar las tormentas secas, con muchos rayos y cero agua, que creen que han generado tantos incendios en territorio leon\u00e9s y en la comarca de El Bierzo, como el de Las M\u00e9dulas. Tambi\u00e9n temen que vayan a m\u00e1s a ra\u00edz de posibles \u201crayos latentes\u201d, esto es, descargas el\u00e9ctricas cuya energ\u00eda qued\u00f3 en \u00e1rboles y a\u00fan no han ardido pero pueden hacerlo si las condiciones, el calor o el viento contribuyen a ello. \u201cEst\u00e1 todo extremadamente seco, ha habido mucha inestabilidad tormentosa que no estaba prevista y a medianoche hab\u00eda 27 o 28 grados\u201d, comenta este bombero sobre un contexto muy complicado para sus labores. \u201cEst\u00e1 todo patas arriba. Ayer lo ven\u00eda pensando y aunque no es el \u00fanico factor el cambio clim\u00e1tico, a quienes lo niegan y recortan por ello, los pon\u00eda a trabajar con nosotros, a ver qu\u00e9 pensaban\u201d, reflexiona el bombero.<\/p>\n","protected":false},"excerpt":{"rendered":"Cinco incendios desatados en la provincia de Le\u00f3n est\u00e1n provocando desalojos y afectando a zonas de alto valor&hellip;\n","protected":false},"author":2,"featured_media":37956,"comment_status":"","ping_status":"","sticky":false,"template":"","format":"standard","meta":{"footnotes":""},"categories":[8],"tags":[17,18,25,24,13,14,11,4342,18769,19,20,4108,9,10,15,16,23,12,21,22],"class_list":{"0":"post-37955","1":"post","2":"type-post","3":"status-publish","4":"format-standard","5":"has-post-thumbnail","7":"category-espana","8":"tag-breaking-news","9":"tag-breakingnews","10":"tag-es","11":"tag-espana","12":"tag-featured-news","13":"tag-featurednews","14":"tag-headlines","15":"tag-incendios","16":"tag-las-medulas","17":"tag-latest-news","18":"tag-latestnews","19":"tag-leon","20":"tag-news","21":"tag-noticias","22":"tag-noticias-destacadas","23":"tag-noticiasdestacadas","24":"tag-spain","25":"tag-titulares","26":"tag-ultimas-noticias","27":"tag-ultimasnoticias"},"share_on_mastodon":{"url":"","error":""},"_links":{"self":[{"href":"https:\/\/www.europesays.com\/es\/wp-json\/wp\/v2\/posts\/37955","targetHints":{"allow":["GET"]}}],"collection":[{"href":"https:\/\/www.europesays.com\/es\/wp-json\/wp\/v2\/posts"}],"about":[{"href":"https:\/\/www.europesays.com\/es\/wp-json\/wp\/v2\/types\/post"}],"author":[{"embeddable":true,"href":"https:\/\/www.europesays.com\/es\/wp-json\/wp\/v2\/users\/2"}],"replies":[{"embeddable":true,"href":"https:\/\/www.europesays.com\/es\/wp-json\/wp\/v2\/comments?post=37955"}],"version-history":[{"count":0,"href":"https:\/\/www.europesays.com\/es\/wp-json\/wp\/v2\/posts\/37955\/revisions"}],"wp:featuredmedia":[{"embeddable":true,"href":"https:\/\/www.europesays.com\/es\/wp-json\/wp\/v2\/media\/37956"}],"wp:attachment":[{"href":"https:\/\/www.europesays.com\/es\/wp-json\/wp\/v2\/media?parent=37955"}],"wp:term":[{"taxonomy":"category","embeddable":true,"href":"https:\/\/www.europesays.com\/es\/wp-json\/wp\/v2\/categories?post=37955"},{"taxonomy":"post_tag","embeddable":true,"href":"https:\/\/www.europesays.com\/es\/wp-json\/wp\/v2\/tags?post=37955"}],"curies":[{"name":"wp","href":"https:\/\/api.w.org\/{rel}","templated":true}]}}