{"id":379902,"date":"2026-02-05T05:03:16","date_gmt":"2026-02-05T05:03:16","guid":{"rendered":"https:\/\/www.europesays.com\/es\/379902\/"},"modified":"2026-02-05T05:03:16","modified_gmt":"2026-02-05T05:03:16","slug":"la-gente-espera-que-sea-como-rafa-nadal","status":"publish","type":"post","link":"https:\/\/www.europesays.com\/es\/379902\/","title":{"rendered":"La gente espera que sea como Rafa Nadal"},"content":{"rendered":"<p class=\"ft-text\">Es bien sabido que para <strong>Carlos Alcaraz<\/strong> su familia es clave en su d\u00eda a d\u00eda, dentro y fuera de la pista. No se entiende el \u00e9xito del tenista murciano sin conocer a fondo todo su universo, desde la cercan\u00eda diaria de su hermano y su padre hasta el sufrimiento siempre en la lejan\u00eda de <strong>El<\/strong> <strong>Palmar <\/strong>de su madre <strong>Virginia<\/strong>.<\/p>\n<p class=\"ft-text\">Un hecho que ha quedado claramente reflejado con la imagen del flamante campe\u00f3n de<strong>l Open de Australia<\/strong> a su llegada a su ciudad natal<strong>, El Palmar<\/strong>, donde todav\u00eda convive junto <strong>a sus padres y hermanos. <\/strong><\/p>\n<p class=\"ft-text\">A ra\u00edz de ello, se ha vuelto a poner en valor las palabras de su madre Virginia en el documental de <strong>Netflix <\/strong><strong>\u2018A mi manera\u2019<\/strong><strong>, <\/strong> cuando expres\u00f3 una de sus principales preocupaciones respecto al momento que atraviesa su hijo.<\/p>\n<p class=\"ft-text\"><strong>\u201cLa gente espera que sea como Rafa, una leyenda\u201d,<\/strong> afirm\u00f3, en referencia a las constantes comparaciones con <strong>Rafael Nadal <\/strong>que acompa\u00f1an a Alcaraz desde sus primeras grandes victorias. Aunque reconoce que estas comparaciones son un honor, la madre del tenista advierte del riesgo que suponen unas expectativas tan elevadas para un jugador que a\u00fan est\u00e1 dando sus primeros pasos en la \u00e9lite.<\/p>\n<p class=\"ft-text\"><strong>\u201cPero no tiene que dejar que la gente se meta en esa parcela suya\u201d<\/strong>, se\u00f1al\u00f3 la propia Virginia, subrayando la importancia de proteger el equilibrio personal del deportista. En ese sentido, fue tajante al expresar su mayor temor:<strong> \u201cQue no lo conviertan en un juguete roto\u201d.<\/strong><\/p>\n<p class=\"ft-text\">Las palabras de la madre de <strong>Alcaraz <\/strong>ponen el acento en la cara menos visible del \u00e9xito. Mientras el tenista se ha convertido en uno de los grandes nombres del deporte tras convertirse en el jugador m\u00e1s joven en conquistar los principales torneos del circuito, su familia intenta que mantenga los pies en la tierra y conserve la sencillez que le ha caracterizado desde sus inicios.<\/p>\n<p><img decoding=\"async\" src=\"https:\/\/www.europesays.com\/es\/wp-content\/uploads\/2025\/12\/0a4b9ae2-70a7-4402-9dd7-ff7eb8a2aea1_alta-libre-aspect-ratio_default_0.jpg\" width=\"1200\" height=\"675\" alt=\"Alcaraz, posando junto a su familia\" class=\"ft-helper-img-rd\" loading=\"lazy\"\/><\/p>\n<p class=\"ft-helper-fontColor-quaternary ft-helper-fontSize-body-S ft-helper-spacer-t-xxs\">Alcaraz, posando junto a su familia  \/ Getty Images<\/p>\n<p class=\"ft-text\">Virginia Garfia, de perfil discreto, rara vez concede entrevistas, pero en el documental ofrece una visi\u00f3n \u00edntima de c\u00f3mo la familia vive este momento. Residente en <strong>El Palmar<\/strong>, la localidad murciana donde Alcaraz creci\u00f3 junto a sus tres hermanos, la madre del tenista intenta mantener una vida lo m\u00e1s normal posible, lejos de los focos que rodean ahora a su hijo.<\/p>\n<p class=\"ft-text\">Adem\u00e1s, su implicaci\u00f3n en la <strong>Fundaci\u00f3n Carlos Alcara<\/strong>z, dedicada al bienestar infantil a trav\u00e9s del deporte, refleja c\u00f3mo el \u00e9xito del joven tambi\u00e9n ha transformado la vida familiar. Garfia es vocal del patronato de la organizaci\u00f3n, mientras que el padre del tenista ejerce como vicepresidente.<\/p>\n<p class=\"ft-text\">Con sus declaraciones, Virginia Garfia lanza un mensaje claro: m\u00e1s all\u00e1 de los t\u00edtulos y los r\u00e9cords, la prioridad es proteger a Carlos Alcaraz como persona en una carrera marcada por la fama precoz y la exigencia constante.<\/p>\n","protected":false},"excerpt":{"rendered":"Es bien sabido que para Carlos Alcaraz su familia es clave en su d\u00eda a d\u00eda, dentro y&hellip;\n","protected":false},"author":2,"featured_media":379903,"comment_status":"","ping_status":"","sticky":false,"template":"","format":"standard","meta":{"footnotes":""},"categories":[274],"tags":[4736,168,25,24,367,3354,23,167,327,326,4216],"class_list":["post-379902","post","type-post","status-publish","format-standard","has-post-thumbnail","category-tenis","tag-alcaraz","tag-deportes","tag-es","tag-espana","tag-familia","tag-madre","tag-spain","tag-sports","tag-tenis","tag-tennis","tag-virginia"],"share_on_mastodon":{"url":"https:\/\/pubeurope.com\/@es\/116016277355132841","error":""},"_links":{"self":[{"href":"https:\/\/www.europesays.com\/es\/wp-json\/wp\/v2\/posts\/379902","targetHints":{"allow":["GET"]}}],"collection":[{"href":"https:\/\/www.europesays.com\/es\/wp-json\/wp\/v2\/posts"}],"about":[{"href":"https:\/\/www.europesays.com\/es\/wp-json\/wp\/v2\/types\/post"}],"author":[{"embeddable":true,"href":"https:\/\/www.europesays.com\/es\/wp-json\/wp\/v2\/users\/2"}],"replies":[{"embeddable":true,"href":"https:\/\/www.europesays.com\/es\/wp-json\/wp\/v2\/comments?post=379902"}],"version-history":[{"count":0,"href":"https:\/\/www.europesays.com\/es\/wp-json\/wp\/v2\/posts\/379902\/revisions"}],"wp:featuredmedia":[{"embeddable":true,"href":"https:\/\/www.europesays.com\/es\/wp-json\/wp\/v2\/media\/379903"}],"wp:attachment":[{"href":"https:\/\/www.europesays.com\/es\/wp-json\/wp\/v2\/media?parent=379902"}],"wp:term":[{"taxonomy":"category","embeddable":true,"href":"https:\/\/www.europesays.com\/es\/wp-json\/wp\/v2\/categories?post=379902"},{"taxonomy":"post_tag","embeddable":true,"href":"https:\/\/www.europesays.com\/es\/wp-json\/wp\/v2\/tags?post=379902"}],"curies":[{"name":"wp","href":"https:\/\/api.w.org\/{rel}","templated":true}]}}