{"id":380019,"date":"2026-02-05T06:44:10","date_gmt":"2026-02-05T06:44:10","guid":{"rendered":"https:\/\/www.europesays.com\/es\/380019\/"},"modified":"2026-02-05T06:44:10","modified_gmt":"2026-02-05T06:44:10","slug":"desde-el-k-pop-los-k-dramas-hasta-la-comida-bunsik","status":"publish","type":"post","link":"https:\/\/www.europesays.com\/es\/380019\/","title":{"rendered":"desde el K-Pop, los K-Dramas hasta la comida &#8216;bunsik&#8217;"},"content":{"rendered":"<p>Cada vez resultan menos extra\u00f1os conceptos extranjeros como <strong>el <a href=\"https:\/\/www.ultimahora.es\/etiqueta\/K-Pop.html?utm_source=Inline-tag&amp;utm_medium=internal\" rel=\"nofollow noopener\" target=\"_blank\">K-Pop<\/a>, los K-Dramas, los corndogs o BTS<\/strong>. Y es que, desde hace unos a\u00f1os, la cultura coreana, a pesar de encontrarse literalmente en la otra punta del globo, parece haberse infiltrado en la sociedad mallorquina. Se ha hecho m\u00e1s com\u00fan ver restaurantes de<strong> <a href=\"https:\/\/www.ultimahora.es\/etiqueta\/barbacoa.html?utm_source=Inline-tag&amp;utm_medium=internal\" rel=\"nofollow noopener\" target=\"_blank\">barbacoa<\/a> coreana<\/strong> donde te haces la carne al momento con esa salsa picante tan caracter\u00edstica, grupos de adolescentes en la plaza de Espa\u00f1a o el Parc de ses Estacions bailando al ritmo de <strong>Blackpink, Stray Kids o EXO<\/strong>, e incluso conversaciones cotidianas discutiendo el \u00faltimo episodio de la novela coreana protagonizada por Shin Min y <a href=\"https:\/\/www.ultimahora.es\/etiqueta\/Lee+Min+Ho.html?utm_source=Inline-tag&amp;utm_medium=internal\" rel=\"nofollow noopener\" target=\"_blank\">Lee Min Ho<\/a>. Desde la gastronom\u00eda hasta la televisi\u00f3n, Corea se est\u00e1 convirtiendo en una superpotencia de la cultura pop que est\u00e1 conquistando a ni\u00f1os y adultos por igual.<\/p>\n<p>As\u00ed lo asegura Sabelly Valladares, organizadora de<strong> K-Pop Baleares<\/strong>, un espacio de promoci\u00f3n del K-Pop, un tipo de m\u00fasica cantada en coreano por bandas de chicos o chicas que se caracterizan por cantar y bailar al mismo tiempo con ritmos pegadizos. Se trata de un fen\u00f3meno que lleva <strong>m\u00e1s de una d\u00e9cada expandi\u00e9ndose por todo el mundo<\/strong> y que en estos \u00faltimos a\u00f1os est\u00e1 experimentando un notable crecimiento: \u00abCuando llegu\u00e9 a Mallorca en 2016, apenas lleg\u00e1bamos a diez personas. Ahora, en algunos eventos <strong>logramos congregar a m\u00e1s de 300<\/strong>. De hecho, el a\u00f1o pasado conseguimos hacer la primera edici\u00f3n del K-Fest, que no solo promocionaba el K-Pop, sino muchos aspectos de la cultura coreana\u00bb.<\/p>\n<p><img loading=\"lazy\" decoding=\"async\" src=\"https:\/\/www.europesays.com\/es\/wp-content\/uploads\/2026\/02\/3655813.jpg\" border=\"0\" alt=\"\" width=\"1500\" height=\"1028\"\/>&#13;<br \/>\nEl K-Pop se caracteriza por tener unos ritmos muy bailables que se suelen interpretar en grupo.&#13;<\/p>\n<p>En ese sentido, la labor de Valladares no ha pasado desapercibida. Y es que el canal de noticias coreano YTS <strong>realiz\u00f3 un reportaje televisivo donde exploran el calado del K-Pop en la sociedad mallorquina<\/strong>, en el que la organizadora tiene un papel prominente. \u00abMi objetivo es ense\u00f1ar a la gente la cultura coreana y ayudar a la sociedad a trav\u00e9s del K-Pop Balearics. Este trabajo es <strong>valioso<\/strong> y, sobre todo, me enriquece\u00bb, explic\u00f3 en su momento ante los micr\u00f3fonos coreanos, donde tambi\u00e9n confes\u00f3 que \u00abme he podido desarrollar profesionalmente en parte gracias a mi conexi\u00f3n con la cultura coreana\u00bb.<\/p>\n<p>Valladares explica que, a diferencia de la percepci\u00f3n que se tiene hoy en d\u00eda, el K-Pop es <strong>para todas las edades<\/strong>. De hecho, va un paso m\u00e1s all\u00e1 y se\u00f1ala que <strong>son realmente los adultos los que consumen m\u00e1s productos musicales coreanos<\/strong>, porque son precisamente ellos los que tienen el poder adquisitivo para comprar discos o entradas de conciertos: \u00abAhora mismo existen dos corrientes: la <strong>new school<\/strong>, compuesta por chicos y chicas adolescentes que siguen a las bandas m\u00e1s nuevas, y la <strong>old school<\/strong>, gente ya de m\u00e1s de veinte a\u00f1os que sigue a las bandas con m\u00e1s recorrido, que son precisamente las que suelen hacer m\u00e1s tours y conciertos. En los eventos que solemos organizar suele haber un n\u00famero bastante parejo entre fans de la new school y la old school; hay que acabar con la concepci\u00f3n de que el K-Pop es solo para ni\u00f1os\u00bb.<\/p>\n<p>La comida coreana: un fen\u00f3meno viral<\/p>\n<p>Corea no solo se oye y se baila, sino que tambi\u00e9n se <strong>saborea<\/strong>. Muchos platos coreanos han ganado gran notoriedad en redes sociales, como el <strong>tteokbokki<\/strong>, un estofado hecho a base de pastelitos de arroz; el <strong>kimchi<\/strong>, un aperitivo fermentado a base de col, o los famos\u00edsimos <strong>corndogs<\/strong>, una salchicha envuelta en una masa rebozada que se fr\u00ede y queda crujiente por fuera y tierna por dentro. Todos estos platos entran dentro del concepto del <strong>bunsik<\/strong>, es decir, platos callejeros de precio asequible que literalmente se traduce como \u00abhecho con harina\u00bb. Kira Lee, madrile\u00f1o con ascendencia coreana, lo sabe muy bien, pues \u00e9l mismo fue de los primeros en Espa\u00f1a en explotar este concepto con <strong>Korean Bunsik<\/strong>, un puesto en el Mercat de l\u2019Olivar de Palma donde se dedican a elaborar exclusivamente delicias callejeras del pa\u00eds oriental.<\/p>\n<p><img loading=\"lazy\" decoding=\"async\" src=\"https:\/\/www.europesays.com\/es\/wp-content\/uploads\/2026\/02\/3655815.jpg\" border=\"0\" alt=\"\" width=\"1500\" height=\"1028\"\/>&#13;<br \/>\nDe arriba a abajo: un surtido de bebidas coreanas, una bandeja de pollofrito coreano y dos &#8216;corndogs&#8217;.&#13;<\/p>\n<p>Si uno ve la carta, el puesto tiene todo lo que se puede esperar de un local callejero coreano: <strong>tteokbokki, samgak gimbap<\/strong> (parecidos a los onigiris japoneses), <strong>dakgangjeong<\/strong> (pollo frito coreano) y un buen surtido de bebidas procedentes de Corea. \u00abEn el puesto lo hacemos todo desde cero, desde las salsas, que est\u00e1n hechas con una receta familiar, hasta el kimchi, que incluso proveemos a algunos restaurantes. Muchas personas que han ido a Corea y han probado comida callejera dicen que sabe igual que la nuestra\u00bb, explica orgulloso Lee, quien a\u00f1ade que \u00ab<strong>todo se hace al momento con productos importados desde Corea<\/strong>\u00bb.<\/p>\n<p>El empresario se\u00f1ala que esa moda coreana que est\u00e1 invadiendo Mallorca \u00ab<strong>ya la ve\u00eda venir<\/strong>\u00bb desde hace mucho tiempo. De hecho, comenta que en estos \u00faltimos a\u00f1os ha crecido de manera exponencial y que todo lo relacionado con Corea est\u00e1 siendo<strong> extremadamente popular<\/strong>. \u00abAl final estoy en el mercado y hay gente que no conoce este mundo y se acerca por curiosidad o para probar algo nuevo, pero hay muchos otros que ya conoc\u00edan los platos con anterioridad y ven\u00edan a posta para poder comerlos. El concepto de bunsik <strong>se ha hecho muy viral en redes sociales<\/strong>\u00bb. En ese sentido, uno de sus clientes m\u00e1s conocidos no es otro que un exfutbolista del RCD Mallorca, que \u00absuele venir cuando est\u00e1 en Mallorca. Tambi\u00e9n trae a sus amigos coreanos porque nuestros platos le recuerdan mucho al sabor aut\u00e9ntico de Corea\u00bb.<\/p>\n<p>Mallorca, im\u00e1n de estrellas coreanas<\/p>\n<p>Otro elemento que se ha vuelto ciertamente popular son los <strong>K-Dramas<\/strong>, series grabadas en Corea que se caracterizan por su <strong>alto nivel de producci\u00f3n, su lenguaje melodram\u00e1tico y emocional y una trama que suele girar alrededor de un conflicto rom\u00e1ntico<\/strong>. Este formato se ha internacionalizado tanto que plataformas de streaming como Netflix han comenzado a producir sus propios K-Dramas, que se han vuelto una sensaci\u00f3n televisiva especialmente entre el p\u00fablico femenino. Y es que, a pesar de que Mallorca no ha sido nunca protagonista de estas particulares series, <strong>muchas de sus estrellas han pisado la isla<\/strong>, ya sea por eventos, por trabajo o incluso por placer.<\/p>\n<p>La visita m\u00e1s reciente la realiz\u00f3 <strong>Mina Shin<\/strong>, actriz coreana protagonista de <strong>Karma<\/strong>, el K-Drama m\u00e1s reciente de Netflix, que se dej\u00f3 ver en <strong>la presentaci\u00f3n de alta joyer\u00eda de Louis Vuitton<\/strong> realizada en el Castell de Bellver en 2025. Durante esos d\u00edas se la pudo observar disfrutando de la nueva colecci\u00f3n de la marca francesa a la vez que recorr\u00eda los centenarios pasillos y plazas de la fortaleza mallorquina. Por otro lado, quien se ha vuelto un asiduo de Mallorca no es otro que<strong> Lee Min-ho<\/strong>, estrella coreana que actualmente ostenta el t\u00edtulo del segundo actor del pa\u00eds oriental m\u00e1s seguido en redes sociales, con <strong>34 millones de seguidores<\/strong>. Poco trasciende sobre sus visitas a la isla, pero en 2019 subi\u00f3 una instant\u00e1nea en<strong> Cala Pi<\/strong> donde refleja su amor por el mar y la naturaleza de Mallorca.<\/p>\n<p><img loading=\"lazy\" decoding=\"async\" src=\"https:\/\/www.europesays.com\/es\/wp-content\/uploads\/2026\/02\/3655833.jpg\" border=\"0\" alt=\"\" width=\"1500\" height=\"1028\"\/>&#13;<br \/>\nDe izquierda a derecha: Lee Min-ho en Cala Pi, Hawasa (abajo a la izquierda) durante un rodaje en Mallorca, y Mina Shin en la presentaci\u00f3n de Louis Vuitton en la isla.&#13;<\/p>\n<p>Ya en el \u00e1mbito musical, la afamada cantante <strong>Hwasa<\/strong>, de la banda de K-Pop Mamamoo, estuvo varios d\u00edas en Mallorca durante el verano de 2024 para grabar un programa de la <strong>cadena p\u00fablica coreana<\/strong>. Durante su tiempo en la isla, la artista realiz\u00f3 varias actuaciones callejeras, o busking, para grabar a los transe\u00fantes y ver sus reacciones. Durante esas filmaciones, en las que tambi\u00e9n participaron cantantes nacionales como <strong>Pl\u00e1cido Domingo o \u00c1lvaro Soler<\/strong>, se pudo palpar la intensa pasi\u00f3n que mueve todo el mundo coreano en la isla, que parece invadir desde el mundo virtual de las redes sociales hasta las esquinas y las calles m\u00e1s emblem\u00e1ticas de Palma.<\/p>\n","protected":false},"excerpt":{"rendered":"Cada vez resultan menos extra\u00f1os conceptos extranjeros como el K-Pop, los K-Dramas, los corndogs o BTS. Y es&hellip;\n","protected":false},"author":2,"featured_media":380020,"comment_status":"","ping_status":"","sticky":false,"template":"","format":"standard","meta":{"footnotes":""},"categories":[170],"tags":[24336,14131,2111,146,147,25,24,2502,83385,14703,184,185,492,23,2922,1529],"class_list":["post-380019","post","type-post","status-publish","format-standard","has-post-thumbnail","category-musica","tag-barbacoa","tag-corea","tag-corea-del-sur","tag-entertainment","tag-entretenimiento","tag-es","tag-espana","tag-k-pop","tag-lee-min-ho","tag-movimientos-sociales","tag-music","tag-musica","tag-sociedad","tag-spain","tag-tendencias","tag-ultima-hora"],"share_on_mastodon":{"url":"https:\/\/pubeurope.com\/@es\/116016674629163726","error":""},"_links":{"self":[{"href":"https:\/\/www.europesays.com\/es\/wp-json\/wp\/v2\/posts\/380019","targetHints":{"allow":["GET"]}}],"collection":[{"href":"https:\/\/www.europesays.com\/es\/wp-json\/wp\/v2\/posts"}],"about":[{"href":"https:\/\/www.europesays.com\/es\/wp-json\/wp\/v2\/types\/post"}],"author":[{"embeddable":true,"href":"https:\/\/www.europesays.com\/es\/wp-json\/wp\/v2\/users\/2"}],"replies":[{"embeddable":true,"href":"https:\/\/www.europesays.com\/es\/wp-json\/wp\/v2\/comments?post=380019"}],"version-history":[{"count":0,"href":"https:\/\/www.europesays.com\/es\/wp-json\/wp\/v2\/posts\/380019\/revisions"}],"wp:featuredmedia":[{"embeddable":true,"href":"https:\/\/www.europesays.com\/es\/wp-json\/wp\/v2\/media\/380020"}],"wp:attachment":[{"href":"https:\/\/www.europesays.com\/es\/wp-json\/wp\/v2\/media?parent=380019"}],"wp:term":[{"taxonomy":"category","embeddable":true,"href":"https:\/\/www.europesays.com\/es\/wp-json\/wp\/v2\/categories?post=380019"},{"taxonomy":"post_tag","embeddable":true,"href":"https:\/\/www.europesays.com\/es\/wp-json\/wp\/v2\/tags?post=380019"}],"curies":[{"name":"wp","href":"https:\/\/api.w.org\/{rel}","templated":true}]}}