{"id":380026,"date":"2026-02-05T06:49:08","date_gmt":"2026-02-05T06:49:08","guid":{"rendered":"https:\/\/www.europesays.com\/es\/380026\/"},"modified":"2026-02-05T06:49:08","modified_gmt":"2026-02-05T06:49:08","slug":"gta-6-take-two-reitera-la-fecha-de-lanzamiento-de-gta-6-y-zanja-las-especulaciones-sobre-la-edicion-fisica","status":"publish","type":"post","link":"https:\/\/www.europesays.com\/es\/380026\/","title":{"rendered":"GTA 6 | Take-Two reitera la fecha de lanzamiento de GTA 6 y zanja las especulaciones sobre la edici\u00f3n f\u00edsica"},"content":{"rendered":"<p class=\"ft-text ft-helper-align-justify\">No es habitual que una editora se vea obligada a asegurar de manera recurrente los planes de publicaci\u00f3n de un videojuego, pero como en todo, cada aspecto relacionado con \u2018<strong>GTA<\/strong>\u2019 adquiere una dimensi\u00f3n in\u00e9dita en la industria del ocio interactivo. Dicho de otro modo, Take-Two Interactive, como propietaria de Rockstar Games ha salido al paso del \u00faltimo repunte de rumores y mantiene que el lanzamiento de &#8216;<strong>GTA 6<\/strong>&#8216; contin\u00faa programado para el 19 de noviembre de 2026. La empresa ha reiterado ese marco temporal en su presentaci\u00f3n de resultados dirigido a inversores y, de paso, para salir al paso de dos frentes que se han repetido en las \u00faltimas semanas: el inicio de la campa\u00f1a promocional y la posible ausencia de copias f\u00edsicas en el estreno.<\/p>\n<p class=\"ft-text ft-helper-align-justify\"><strong>Un largo periodo de creaci\u00f3n<\/strong><\/p>\n<p class=\"ft-text ft-helper-align-justify\">Inicialmente, &#8216;GTA 6&#8217; estaba previsto para oto\u00f1o de 2025. Posteriormente, en mayo del a\u00f1o pasado, Take-Two anunci\u00f3 que se reprogramaba para el 26 de mayo de 2026. Rockstar actualiz\u00f3 de nuevo la previsi\u00f3n y estableci\u00f3 el estreno para el 19 de noviembre de 2026. Desde entonces, no han dejado de surgir especulaciones sobre nuevas revisiones en los plazos, algo que la editora intenta cortar de ra\u00edz con comunicaciones p\u00fablicas de continuidad en torno a la fecha.<\/p>\n<p class=\"ft-text ft-helper-align-justify\"><strong>Take-Two anticipa mucho movimiento alrededor de GTA 6<\/strong><\/p>\n<p class=\"ft-text ft-helper-align-justify\">Durante su intervenci\u00f3n ante los inversores, la direcci\u00f3n de Take-Two ha enmarcado &#8216;GTA 6&#8217; como un producto con potencial para reforzar sus estimaciones de cara al ejercicio fiscal 2027. En cualquier caso, lo \u00fanico confirmado de cara al p\u00fablico es la fecha de salida y las plataformas anunciadas, PS5 y Xbox Series X|S.<\/p>\n<p class=\"ft-text ft-helper-align-justify\"><strong>La campa\u00f1a promocional se pondr\u00e1 en marcha en verano<\/strong><\/p>\n<p class=\"ft-text ft-helper-align-justify\">Otra cuesti\u00f3n habitual tiene que ver con la cadencia de novedades. Tras el segundo tr\u00e1iler publicado en mayo de 2025, las comunicaciones oficiales han sido puntuales. Con ese panorama, Zelnick sit\u00faa la campa\u00f1a en verano de 2026, una estimaci\u00f3n que deja unos meses para publicar nuevos materiales antes del estreno.<\/p>\n<p class=\"ft-text ft-helper-align-justify\"><strong>La edici\u00f3n f\u00edsica estar\u00e1 disponible desde el estreno<\/strong><\/p>\n<p class=\"ft-text ft-helper-align-justify\">El \u00faltimo asunto gira en torno al formato f\u00edsico. A finales de enero se extendi\u00f3 la idea en torno a que Rockstar podr\u00eda aplazar la distribuci\u00f3n en disco para reducir filtraciones en la cadena de distribuci\u00f3n. Zelnick lo ha negado p\u00fablicamente. Seg\u00fan explica, el planteamiento es que la edici\u00f3n f\u00edsica est\u00e9 disponible desde el d\u00eda de lanzamiento, sin una diferencia de fechas respecto a la edici\u00f3n digital.<\/p>\n<p class=\"ft-text ft-helper-align-center\"><strong>Grand Theft Auto VI &#8211; Tr\u00e1iler 2<\/strong><\/p>\n<p class=\"ft-text ft-helper-align-justify\">Con este escenario, a partir de aqu\u00ed solo resta esperar al comienzo de la fase de promoci\u00f3n de verano y los pr\u00f3ximos materiales oficiales. La fecha confirmada se mantiene en el 19 de noviembre de 2026, Take-Two insiste en que a estas alturas no hay cambios anunciados.<\/p>\n","protected":false},"excerpt":{"rendered":"No es habitual que una editora se vea obligada a asegurar de manera recurrente los planes de publicaci\u00f3n&hellip;\n","protected":false},"author":2,"featured_media":380027,"comment_status":"","ping_status":"","sticky":false,"template":"","format":"standard","meta":{"footnotes":""},"categories":[81],"tags":[119,123,124,25,24,1151,14018,15709,117,121,122,23,42159,118,120,42561],"class_list":["post-380026","post","type-post","status-publish","format-standard","has-post-thumbnail","category-ciencia-y-tecnologia","tag-ciencia","tag-ciencia-y-tecnologia","tag-cienciaytecnologia","tag-es","tag-espana","tag-fecha","tag-lanzamiento","tag-reitera","tag-science","tag-science-and-technology","tag-scienceandtechnology","tag-spain","tag-take","tag-technology","tag-tecnologia","tag-two"],"share_on_mastodon":{"url":"https:\/\/pubeurope.com\/@es\/116016694139603038","error":""},"_links":{"self":[{"href":"https:\/\/www.europesays.com\/es\/wp-json\/wp\/v2\/posts\/380026","targetHints":{"allow":["GET"]}}],"collection":[{"href":"https:\/\/www.europesays.com\/es\/wp-json\/wp\/v2\/posts"}],"about":[{"href":"https:\/\/www.europesays.com\/es\/wp-json\/wp\/v2\/types\/post"}],"author":[{"embeddable":true,"href":"https:\/\/www.europesays.com\/es\/wp-json\/wp\/v2\/users\/2"}],"replies":[{"embeddable":true,"href":"https:\/\/www.europesays.com\/es\/wp-json\/wp\/v2\/comments?post=380026"}],"version-history":[{"count":0,"href":"https:\/\/www.europesays.com\/es\/wp-json\/wp\/v2\/posts\/380026\/revisions"}],"wp:featuredmedia":[{"embeddable":true,"href":"https:\/\/www.europesays.com\/es\/wp-json\/wp\/v2\/media\/380027"}],"wp:attachment":[{"href":"https:\/\/www.europesays.com\/es\/wp-json\/wp\/v2\/media?parent=380026"}],"wp:term":[{"taxonomy":"category","embeddable":true,"href":"https:\/\/www.europesays.com\/es\/wp-json\/wp\/v2\/categories?post=380026"},{"taxonomy":"post_tag","embeddable":true,"href":"https:\/\/www.europesays.com\/es\/wp-json\/wp\/v2\/tags?post=380026"}],"curies":[{"name":"wp","href":"https:\/\/api.w.org\/{rel}","templated":true}]}}