{"id":38025,"date":"2025-08-10T11:16:10","date_gmt":"2025-08-10T11:16:10","guid":{"rendered":"https:\/\/www.europesays.com\/es\/38025\/"},"modified":"2025-08-10T11:16:10","modified_gmt":"2025-08-10T11:16:10","slug":"estudio-secuelas-del-covid-persistente","status":"publish","type":"post","link":"https:\/\/www.europesays.com\/es\/38025\/","title":{"rendered":"Estudio secuelas del Covid persistente"},"content":{"rendered":"<p>Un estudio desarrollado por la Unidad de Investigaci\u00f3n de Atenci\u00f3n Primaria de Salamanca ha confirmado el impacto significativo que el COVID persistente tiene en la salud mental de las personas afectadas. La investigaci\u00f3n revela un <strong>aumento notable en el consumo de antidepresivos y ansiol\u00edticos<\/strong> en comparaci\u00f3n con la etapa previa a la pandemia, adem\u00e1s de detectar s\u00edntomas compatibles con depresi\u00f3n y ansiedad en la mayor\u00eda de los participantes.<\/p>\n<p>Bajo el t\u00edtulo \u201cEvaluaci\u00f3n de la salud mental en pacientes con COVID persistente. Estudio BioICOPER\u201d, el trabajo ha analizado la situaci\u00f3n emocional de m\u00e1s de 300 personas diagnosticadas con esta condici\u00f3n, poniendo el foco en un aspecto hasta ahora poco explorado: <strong>las consecuencias psicol\u00f3gicas del COVID persistente y la evoluci\u00f3n de la salud mental a medio y largo plazo.<\/strong> El estudio utiliza cuestionarios validados para medir la sintomatolog\u00eda ansioso-depresiva y recopila datos sobre el consumo de psicof\u00e1rmacos antes y despu\u00e9s del diagn\u00f3stico. <\/p>\n<p>Los resultados son concluyentes: <strong>la pandemia ha provocado un incremento superior al doble en el uso de estos medicamentos entre las personas afectadas por COVID persistente, lo que refuerza la necesidad urgente de implementar un abordaje integral desde Atenci\u00f3n Primaria<\/strong>.<\/p>\n<p><a href=\"https:\/\/www.europesays.com\/es\/wp-content\/uploads\/2025\/08\/Captura-de-pantalla-2025-07-21-123333.png\"><img fetchpriority=\"high\" decoding=\"async\" width=\"724\" height=\"478\" src=\"https:\/\/www.europesays.com\/es\/wp-content\/uploads\/2025\/08\/Captura-de-pantalla-2025-07-21-123333.png\" alt=\"\" class=\"wp-image-170038\"  \/><\/a><\/p>\n<p>\u201cLas personas con COVID persistente han sufrido un cambio radical en su vida, cargado de limitaciones f\u00edsicas y psicol\u00f3gicas. Su sufrimiento emocional sigue estando, en muchos casos, invisibilizado en la pr\u00e1ctica cl\u00ednica\u201d, explican los responsables del estudio, quienes insisten en la necesidad de integrar la atenci\u00f3n psicol\u00f3gica en el manejo de esta condici\u00f3n.<\/p>\n<p>Las secuelas del COVID persistente<\/p>\n<p>El trabajo tambi\u00e9n alerta sobre la <strong>falta de reconocimiento del sufrimiento mental entre los propios pacientes<\/strong>, muchos de los cuales no identifican la ansiedad o la depresi\u00f3n como problemas de salud a tratar, lo que dificulta el acceso a una atenci\u00f3n adecuada.<\/p>\n<p>La investigaci\u00f3n, en la que han colaborado distintas redes nacionales como la Red Espa\u00f1ola de Investigaci\u00f3n en COVID Persistente (REiCOP), contribuye a reforzar el conocimiento cient\u00edfico sobre las secuelas del COVID persistente y subraya la importancia de una estrategia sanitaria que contemple la atenci\u00f3n psicol\u00f3gica como un componente esencial del abordaje cl\u00ednico.<\/p>\n<p>Los responsables del estudio abogan por seguir impulsando la investigaci\u00f3n en esta \u00e1rea y mejorar la formaci\u00f3n de los profesionales sanitarios para ofrecer respuestas efectivas a una realidad que sigue afectando a miles de personas.<\/p>\n<p>Este estudio y, en concreto, la Dra. Silvia Arroyo Romero, m\u00e9dica de familia e investigadora en la Unidad de Investigaci\u00f3n de Atenci\u00f3n Primaria de Salamanca, ha recibido el <strong>Premio a la Mejor Comunicaci\u00f3n Original Oral \u2013 Premio Carlos L\u00f3pez Madro\u00f1ero<\/strong> en el marco del <strong>31\u00ba Congreso Nacional de la Sociedad Espa\u00f1ola de M\u00e9dicos Generales y de Familia (SEMG)<\/strong>.<\/p>\n","protected":false},"excerpt":{"rendered":"Un estudio desarrollado por la Unidad de Investigaci\u00f3n de Atenci\u00f3n Primaria de Salamanca ha confirmado el impacto significativo&hellip;\n","protected":false},"author":2,"featured_media":38026,"comment_status":"","ping_status":"","sticky":false,"template":"","format":"standard","meta":{"footnotes":""},"categories":[92],"tags":[5738,25,24,165,1294,166,23],"class_list":{"0":"post-38025","1":"post","2":"type-post","3":"status-publish","4":"format-standard","5":"has-post-thumbnail","7":"category-salud","8":"tag-al-dia","9":"tag-es","10":"tag-espana","11":"tag-health","12":"tag-investigacion","13":"tag-salud","14":"tag-spain"},"share_on_mastodon":{"url":"","error":""},"_links":{"self":[{"href":"https:\/\/www.europesays.com\/es\/wp-json\/wp\/v2\/posts\/38025","targetHints":{"allow":["GET"]}}],"collection":[{"href":"https:\/\/www.europesays.com\/es\/wp-json\/wp\/v2\/posts"}],"about":[{"href":"https:\/\/www.europesays.com\/es\/wp-json\/wp\/v2\/types\/post"}],"author":[{"embeddable":true,"href":"https:\/\/www.europesays.com\/es\/wp-json\/wp\/v2\/users\/2"}],"replies":[{"embeddable":true,"href":"https:\/\/www.europesays.com\/es\/wp-json\/wp\/v2\/comments?post=38025"}],"version-history":[{"count":0,"href":"https:\/\/www.europesays.com\/es\/wp-json\/wp\/v2\/posts\/38025\/revisions"}],"wp:featuredmedia":[{"embeddable":true,"href":"https:\/\/www.europesays.com\/es\/wp-json\/wp\/v2\/media\/38026"}],"wp:attachment":[{"href":"https:\/\/www.europesays.com\/es\/wp-json\/wp\/v2\/media?parent=38025"}],"wp:term":[{"taxonomy":"category","embeddable":true,"href":"https:\/\/www.europesays.com\/es\/wp-json\/wp\/v2\/categories?post=38025"},{"taxonomy":"post_tag","embeddable":true,"href":"https:\/\/www.europesays.com\/es\/wp-json\/wp\/v2\/tags?post=38025"}],"curies":[{"name":"wp","href":"https:\/\/api.w.org\/{rel}","templated":true}]}}