{"id":380595,"date":"2026-02-05T14:25:18","date_gmt":"2026-02-05T14:25:18","guid":{"rendered":"https:\/\/www.europesays.com\/es\/380595\/"},"modified":"2026-02-05T14:25:18","modified_gmt":"2026-02-05T14:25:18","slug":"los-paisajes-imaginados-de-jose-belmonte-saavedra-realzan-palencia","status":"publish","type":"post","link":"https:\/\/www.europesays.com\/es\/380595\/","title":{"rendered":"Los &#8216;Paisajes Imaginados&#8217; de Jos\u00e9 Belmonte Saavedra realzan Palencia"},"content":{"rendered":"<p><a class=\"v-mdl-ath__fig-a\" href=\"https:\/\/www.elnortedecastilla.es\/autor\/el-norte-2102.html\" title=\"El Norte\" rel=\"nofollow noopener\" target=\"_blank\"><br \/>\n<img decoding=\"async\" class=\"v-mdl-ath__img\" src=\"https:\/\/www.europesays.com\/es\/wp-content\/uploads\/2026\/02\/autor-2102-foto-2.png\" alt=\"El Norte\"\/><br \/>\n<\/a><\/p>\n<p class=\"v-mdl-ath__p v-mdl-ath__p--6\">\nMi\u00e9rcoles, 4 de febrero 2026, 18:05<\/p>\n<p class=\"v-p\">La sala de exposiciones del Centro Cultural Provincial de Palencia acoge desde hoy la muestra &#8216;Paisajes Imaginados&#8217;, del pintor palentino Jos\u00e9 Belmonte Saavedra, que permanecer\u00e1 abierta al p\u00fablico hasta el domingo 1 de marzo. <\/p>\n<p class=\"v-p\">La exposici\u00f3n fue inaugurada esta mi\u00e9rcoles por la diputada de Acci\u00f3n Cultural, Patricia P\u00e9rez, junto al propio artista y re\u00fane 34 obras realizadas con acr\u00edlico, en las que el color, la luz y la atm\u00f3sfera se convierten en los protagonistas de una visi\u00f3n personal y profundamente evocadora del paisaje. El escritor Juli\u00e1n Alonso, encargado del pr\u00f3logo de la exposici\u00f3n, se\u00f1al\u00f3 que se trata de \u00abuna exposici\u00f3n de paisajes, pero no una como tantas otras, pues requiere ser contemplada con los ojos bien abiertos, porque aporta una visi\u00f3n nueva de algo tan cambiante como es la atm\u00f3sfera de lo que vemos cuando salimos al campo\u00bb.<\/p>\n<p class=\"v-p\"><a href=\"https:\/\/www.elnortedecastilla.es\/palencia\/201610\/05\/jose-belmonte-expone-paisajes-20161005202426.html\" data-voc-vtm-id=\"in-text-traffic\" title=\"Jos\u00e9 Belmonte Saavedra\" data-mrf-link=\"www.elnortedecastilla.es\" rel=\"nofollow noopener\" target=\"_blank\">Jos\u00e9 Belmonte Saavedra<\/a> es un pintor que, aunque se prodiga poco, cuenta con una larga trayectoria de investigaci\u00f3n pict\u00f3rica. Desde hace a\u00f1os desarrolla una mirada profundamente personal sobre el paisaje, movi\u00e9ndose con naturalidad entre el impresionismo y el expresionismo, sin acomodarse en f\u00f3rmulas repetidas ni en los lugares comunes que dominan gran parte de la pintura de paisaje contempor\u00e1nea. Esp\u00edritu libre, Belmonte reh\u00faye la adscripci\u00f3n a escuelas, grupos o colectivos, defendiendo as\u00ed una independencia creativa que define su obra. <\/p>\n<p class=\"v-p\">En su pintura, el color no act\u00faa como mera reproducci\u00f3n fiel de la realidad, sino como un elemento constructivo con el que genera atm\u00f3sferas \u00edntimas y arm\u00f3nicas. La luz y una cuidada saturaci\u00f3n crom\u00e1tica confieren a muchos de sus cuadros la vibraci\u00f3n caracter\u00edstica de los paisajes tras la lluvia, cuando los colores parecen intensificarse. <\/p>\n<p class=\"v-p\">Las formas del territorio se estructuran mediante l\u00edneas gruesas, de clara vocaci\u00f3n fauve, que separan y ordenan el espacio. Su obra se sostiene sobre una s\u00f3lida armon\u00eda entre colores an\u00e1logos y complementarios. Ya sea a trav\u00e9s del predominio de gamas fr\u00edas contrastadas con acentos c\u00e1lidos, o a la inversa, el conjunto transmite siempre una sensaci\u00f3n de serenidad. A ello contribuye una perspectiva atmosf\u00e9rica que, en ocasiones, adquiere un car\u00e1cter casi dram\u00e1tico, especialmente cuando el artista opta por puntos de vista bajos que engrandecen cielos vastos y protagonistas. En estos escenarios aparecen siluetas de edificios industriales \u2014como un silo que domina el paisaje\u2014, monta\u00f1as lejanas y cenicientas o nubes apenas esbozadas que presagian la lluvia. <\/p>\n<p class=\"v-p\">El tratamiento del color es la herramienta fundamental con la que Belmonte construye la profundidad en espacios aparentemente desolados por la ausencia de figuras humanas. Sin embargo, la presencia puntual de la arquitectura introduce un elemento de escala y humanidad que equilibra la composici\u00f3n. As\u00ed ocurre en obras donde un silo se alza como hito territorial o en la representaci\u00f3n de las dos casetas de piedra de San Andr\u00e9s, situadas a ambos lados de un puente sobre el Canal de Castilla, que enmarcan y dotan de sentido humano al paisaje.<\/p>\n<p class=\"v-p\">La exposici\u00f3n se puede visitar de lunes a s\u00e1bado de 11.00 a 14.00 horas y de 17.00 a 21.00 horas, y domingos y festivos de 11.00 a 14.00 horas, en la Sala de Exposiciones del Centro Cultural Provincial. <\/p>\n<p>Reporta un error<\/p>\n","protected":false},"excerpt":{"rendered":"Mi\u00e9rcoles, 4 de febrero 2026, 18:05 La sala de exposiciones del Centro Cultural Provincial de Palencia acoge desde&hellip;\n","protected":false},"author":2,"featured_media":380596,"comment_status":"","ping_status":"","sticky":false,"template":"","format":"standard","meta":{"footnotes":""},"categories":[173],"tags":[229,233,231,230,3650,232,234,146,147,25,24,83469,2467,6752,38870,6442,77791,23],"class_list":["post-380595","post","type-post","status-publish","format-standard","has-post-thumbnail","category-arte-y-diseno","tag-arte","tag-arte-y-diseno","tag-arts","tag-arts-and-design","tag-belmonte","tag-design","tag-diseno","tag-entertainment","tag-entretenimiento","tag-es","tag-espana","tag-imaginados","tag-jose","tag-llegan","tag-paisajes","tag-palencia","tag-saavedra","tag-spain"],"share_on_mastodon":{"url":"https:\/\/pubeurope.com\/@es\/116018487388694324","error":""},"_links":{"self":[{"href":"https:\/\/www.europesays.com\/es\/wp-json\/wp\/v2\/posts\/380595","targetHints":{"allow":["GET"]}}],"collection":[{"href":"https:\/\/www.europesays.com\/es\/wp-json\/wp\/v2\/posts"}],"about":[{"href":"https:\/\/www.europesays.com\/es\/wp-json\/wp\/v2\/types\/post"}],"author":[{"embeddable":true,"href":"https:\/\/www.europesays.com\/es\/wp-json\/wp\/v2\/users\/2"}],"replies":[{"embeddable":true,"href":"https:\/\/www.europesays.com\/es\/wp-json\/wp\/v2\/comments?post=380595"}],"version-history":[{"count":0,"href":"https:\/\/www.europesays.com\/es\/wp-json\/wp\/v2\/posts\/380595\/revisions"}],"wp:featuredmedia":[{"embeddable":true,"href":"https:\/\/www.europesays.com\/es\/wp-json\/wp\/v2\/media\/380596"}],"wp:attachment":[{"href":"https:\/\/www.europesays.com\/es\/wp-json\/wp\/v2\/media?parent=380595"}],"wp:term":[{"taxonomy":"category","embeddable":true,"href":"https:\/\/www.europesays.com\/es\/wp-json\/wp\/v2\/categories?post=380595"},{"taxonomy":"post_tag","embeddable":true,"href":"https:\/\/www.europesays.com\/es\/wp-json\/wp\/v2\/tags?post=380595"}],"curies":[{"name":"wp","href":"https:\/\/api.w.org\/{rel}","templated":true}]}}