{"id":38066,"date":"2025-08-10T11:44:07","date_gmt":"2025-08-10T11:44:07","guid":{"rendered":"https:\/\/www.europesays.com\/es\/38066\/"},"modified":"2025-08-10T11:44:07","modified_gmt":"2025-08-10T11:44:07","slug":"la-aemet-actualiza-sus-avisos-por-calor-hasta-el-martes-cuando-habra-nivel-naranja-en-gran-canaria","status":"publish","type":"post","link":"https:\/\/www.europesays.com\/es\/38066\/","title":{"rendered":"La Aemet actualiza sus avisos por calor hasta el martes, cuando habr\u00e1 nivel naranja en Gran Canaria"},"content":{"rendered":"<p class=\"article-text\">\n        La Agencia Estatal de Meteorolog\u00eda ha actualizado sus avisos por riesgo por calor, al menos, hasta el pr\u00f3ximo martes, cuando el nivel m\u00e1ximo previsto es el naranja en la isla de Gran Canaria.\n    <\/p>\n<p>    <a href=\"https:\/\/www.eldiario.es\/canariasahora\/tiempo-canarias\/agaete-supero-36-grados-5-30-manana-domingo-aviso-rojo_1_12525862.html\" data-mrf-recirculation=\"saber-mas\" data-dl-event=\"saber-mas\" rel=\"nofollow noopener\" target=\"_blank\"><\/p>\n<p class=\"know-more__title\">Agaete super\u00f3 los 36 grados a las 5.30 de la ma\u00f1ana de este domingo de aviso rojo<\/p>\n<p>            <img decoding=\"async\" class=\"lazy\" loading=\"lazy\" data-src=\"https:\/\/static.eldiario.es\/clip\/03b370a1-8258-4328-8926-b7dcb53cbb74_16-9-aspect-ratio_default_0.jpg\" src=\"data:image\/svg+xml,%3Csvg xmlns=\" http:=\"\" viewbox=\"0 0 880 495\" alt=\"Agaete super\u00f3 los 36 grados a las 5.30 de la ma\u00f1ana de este domingo de aviso rojo\"\/><\/p>\n<p>                        <\/a><\/p>\n<p class=\"article-text\">\n        Este domingo est\u00e1n en aviso rojo gran parte de Gran Canaria, Tenerife, Lanzarote y Fuerteventura, por temperaturas de 40 grados.\n    <\/p>\n<p class=\"article-text\">\n        <strong>Domingo<\/strong>\n    <\/p>\n<p class=\"article-text\">\n        En \u201criesgo extremo\u201d o aviso rojo se encuentran cumbres, este, sur y oeste de Gran Canaria. Tambi\u00e9n Lanzarote, Fuerteventura, \u00e1rea metropolitana de Tenerife, este, sur y oeste de esta isla.\n    <\/p>\n<p class=\"article-text\">\n        El norte de Gran Canaria, cumbres, este y oeste de La Palma, La Gomera, El Hierro y el norte de Tenerife se encuentran en \u201criesgo importante\u201d o aviso naranja.\n    <\/p>\n<p class=\"article-text\">\n        Adem\u00e1s, en toda Gran Canaria, Fuerteventura y Lanzarote hay polvo en suspensi\u00f3n por con visibilidad 3000 metros. En Gran Canaria, afectar\u00e1 principalmente a median\u00edas y zonas altas.\n    <\/p>\n<p class=\"article-text\">\n        <strong>Lunes<\/strong>\n    <\/p>\n<p class=\"article-text\">\n        El aviso rojo o riesgo extremo afectar\u00e1 solo a la isla de Gran Canaria: a cumbres, este, sur y oeste. Las temperaturas pueden alcanzar los 40 grados.\n    <\/p>\n<p class=\"article-text\">\n        El norte de Gran Canaria, Fuerteventura, Lanzarote, cumbres, este y oeste de La Palma, La Gomera, El Hierro y Tenerife estar\u00e1 en riesgo importante o aviso naranja. Las temperaturas alcanzar\u00e1 entre los 36 y 39 grados.\n    <\/p>\n<p class=\"article-text\">\n        <strong>Martes<\/strong>\n    <\/p>\n<p class=\"article-text\">\n        Las cumbres de Gran Canaria, el este, oeste y sur de esta isla seguir\u00e1n en riesgo importante o aviso naranja. Las temperaturas alcanzar\u00e1n los 39 grados.\n    <\/p>\n<p>    <a href=\"https:\/\/www.eldiario.es\/canariasahora\/tiempo-canarias\/calima-agravara-domingo-ola-calor-afecta-ayer-canarias_1_12525126.html\" data-mrf-recirculation=\"saber-mas-abajo\" data-dl-event=\"saber-mas-abajo\" rel=\"nofollow noopener\" target=\"_blank\"><\/p>\n<p class=\"know-more__title\">La calima agravar\u00e1 este domingo la ola de calor que afecta desde ayer a Canarias\n<\/p>\n<p>            <img decoding=\"async\" class=\"lazy\" loading=\"lazy\" data-src=\"https:\/\/static.eldiario.es\/clip\/732b0202-ae76-43cd-a580-13b72fdfbba4_16-9-aspect-ratio_default_0.jpg\" src=\"data:image\/svg+xml,%3Csvg xmlns=\" http:=\"\" viewbox=\"0 0 880 495\" alt=\"La calima agravar\u00e1 este domingo la ola de calor que afecta desde ayer a Canarias\"\/><\/p>\n<p>                        <\/a><\/p>\n<p class=\"article-text\">\n        Lanzarote, Fuerteventura, cumbres de La Palma, este, sur y oeste de Tenerife estar\u00e1n en aviso amarillo o riesgo por calor con temperaturas que pueden alcanzar los 34 o 36 grados.\n    <\/p>\n","protected":false},"excerpt":{"rendered":"La Agencia Estatal de Meteorolog\u00eda ha actualizado sus avisos por riesgo por calor, al menos, hasta el pr\u00f3ximo&hellip;\n","protected":false},"author":2,"featured_media":38067,"comment_status":"","ping_status":"","sticky":false,"template":"","format":"standard","meta":{"footnotes":""},"categories":[8],"tags":[7495,2980,12389,17,18,4922,7221,25,24,13,14,3956,3104,11,19,20,7797,13110,9,3579,10,15,16,23,12,21,22],"class_list":{"0":"post-38066","1":"post","2":"type-post","3":"status-publish","4":"format-standard","5":"has-post-thumbnail","7":"category-espana","8":"tag-actualiza","9":"tag-aemet","10":"tag-avisos","11":"tag-breaking-news","12":"tag-breakingnews","13":"tag-calor","14":"tag-canaria","15":"tag-es","16":"tag-espana","17":"tag-featured-news","18":"tag-featurednews","19":"tag-gran","20":"tag-habra","21":"tag-headlines","22":"tag-latest-news","23":"tag-latestnews","24":"tag-martes","25":"tag-naranja","26":"tag-news","27":"tag-nivel","28":"tag-noticias","29":"tag-noticias-destacadas","30":"tag-noticiasdestacadas","31":"tag-spain","32":"tag-titulares","33":"tag-ultimas-noticias","34":"tag-ultimasnoticias"},"share_on_mastodon":{"url":"","error":""},"_links":{"self":[{"href":"https:\/\/www.europesays.com\/es\/wp-json\/wp\/v2\/posts\/38066","targetHints":{"allow":["GET"]}}],"collection":[{"href":"https:\/\/www.europesays.com\/es\/wp-json\/wp\/v2\/posts"}],"about":[{"href":"https:\/\/www.europesays.com\/es\/wp-json\/wp\/v2\/types\/post"}],"author":[{"embeddable":true,"href":"https:\/\/www.europesays.com\/es\/wp-json\/wp\/v2\/users\/2"}],"replies":[{"embeddable":true,"href":"https:\/\/www.europesays.com\/es\/wp-json\/wp\/v2\/comments?post=38066"}],"version-history":[{"count":0,"href":"https:\/\/www.europesays.com\/es\/wp-json\/wp\/v2\/posts\/38066\/revisions"}],"wp:featuredmedia":[{"embeddable":true,"href":"https:\/\/www.europesays.com\/es\/wp-json\/wp\/v2\/media\/38067"}],"wp:attachment":[{"href":"https:\/\/www.europesays.com\/es\/wp-json\/wp\/v2\/media?parent=38066"}],"wp:term":[{"taxonomy":"category","embeddable":true,"href":"https:\/\/www.europesays.com\/es\/wp-json\/wp\/v2\/categories?post=38066"},{"taxonomy":"post_tag","embeddable":true,"href":"https:\/\/www.europesays.com\/es\/wp-json\/wp\/v2\/tags?post=38066"}],"curies":[{"name":"wp","href":"https:\/\/api.w.org\/{rel}","templated":true}]}}