{"id":38084,"date":"2025-08-10T11:56:06","date_gmt":"2025-08-10T11:56:06","guid":{"rendered":"https:\/\/www.europesays.com\/es\/38084\/"},"modified":"2025-08-10T11:56:06","modified_gmt":"2025-08-10T11:56:06","slug":"jaime-garcia-maiquez-investigador-del-prado-empezaron-a-verse-piernas-por-donde-no-deberian-sociedad","status":"publish","type":"post","link":"https:\/\/www.europesays.com\/es\/38084\/","title":{"rendered":"Jaime Garc\u00eda-M\u00e1iquez, investigador del Prado: \u00abEmpezaron a verse piernas por donde no deber\u00edan\u00bb | Sociedad"},"content":{"rendered":"<p class=\"loc\">Madrid<\/p>\n<p>Es curioso lo que encontramos cuando sabemos mirar. A veces solo hay que buscar otra perspectiva, otras hace falta usar m\u00e1quinas para ver m\u00e1s all\u00e1. Pero siempre encontramos cosas insospechadas. Holbein lo sab\u00eda bien y por eso escondi\u00f3 una calavera en su cuadro Los Embajadores. Para verlo tienes que situarte en un punto muy concreto en una esquina.<\/p>\n<p>En el arte, encontrar cosas ocultas es muy com\u00fan, aunque no siempre son pistas ocultas intencionadamente. A veces al analizar un cuadro encontramos errores que su creador intent\u00f3 ocultar. Algo as\u00ed descubri\u00f3 Jaime Garc\u00eda-M\u00e1iquez, investigador del gabinete t\u00e9cnico del Museo del Prado, cuando radiografiaron a La condesa de Chinch\u00f3n, de Goya. \u00abEmpezaron a verse piernas por donde no deber\u00edan verse, saliendo de los hombros de la condesa\u00bb cuenta en el programa A Vivir, con Lourdes Lancho.<\/p>\n<p>Esta obra de Francisco de Goya esconde la historia de tres cuadros distintos. Comenz\u00f3 pintando al duque de Alba, pero no debi\u00f3 triunfar en el mercado y acab\u00f3 tap\u00e1ndolo con un retrato de Godoy. De nuevo no qued\u00f3 satisfecho y le dio la vuelta al lienzo para terminarlo con La condesa de Chich\u00f3n, que hoy se expone en el Museo del Prado.<\/p>\n<p>El reaprovechamiento, una pr\u00e1ctica entre artistas<\/p>\n<p>Pero Goya no era el \u00fanico que practicaba el reaprovechamiento de lienzos. Imaginad la sorpresa que debieron darse en el gabinete t\u00e9cnico cuando, al analizar un cuadro de Rubens, se encontraron lo que parec\u00eda ser un retrato an\u00f3nimo de Vel\u00e1zquez. <\/p>\n<p>Aunque no se puede asegurar su autor\u00eda, porque podr\u00eda ser del taller del artista, Jaime Garc\u00eda-M\u00e1iquez asegura que hay indicios serios de que sea una obra del famoso pintor. A Rubens ni siquiera le hizo falta tapar la pintura de su amigo, aprovech\u00f3 sus tonos para crear su propio retrato.<\/p>\n<p>Diego Vel\u00e1zquez es precisamente uno de los artistas m\u00e1s curiosos de analizar a trav\u00e9s de su arte. La evoluci\u00f3n de su t\u00e9cnica es tan grande que el experto asegura que si comparamos sus primeros cuadros con los \u00faltimos \u00abson dos artistas distintos, si no hubiera sido famoso ya entonces no podr\u00edamos vincular ni siquiera t\u00e9cnicamente estas dos pinturas\u00bb afirma el experto. Por lo tanto, necesitan conocer su vida para poder comprender el cambio a lo largo de su carrera.<\/p>\n<p>Aunque su cercan\u00eda con Rubens pueda enga\u00f1ar, Vel\u00e1zquez no era muy amistoso con otros artistas que pudieran opacarle. Incluso se hablaba de una \u00abmano negra que estaba frenando a muchos artistas muy buenos que no llegaban a destacar en la corte\u00bb cuenta Jaime Garc\u00eda-M\u00e1iquez. Aunque ese sigue siendo un misterio que quiz\u00e1 alg\u00fan d\u00eda resolvamos.<\/p>\n","protected":false},"excerpt":{"rendered":"Madrid Es curioso lo que encontramos cuando sabemos mirar. A veces solo hay que buscar otra perspectiva, otras&hellip;\n","protected":false},"author":2,"featured_media":38085,"comment_status":"","ping_status":"","sticky":false,"template":"","format":"standard","meta":{"footnotes":""},"categories":[173],"tags":[229,233,231,230,232,234,146,147,25,24,3980,18792,503,23],"class_list":{"0":"post-38084","1":"post","2":"type-post","3":"status-publish","4":"format-standard","5":"has-post-thumbnail","7":"category-arte-y-diseno","8":"tag-arte","9":"tag-arte-y-diseno","10":"tag-arts","11":"tag-arts-and-design","12":"tag-design","13":"tag-diseno","14":"tag-entertainment","15":"tag-entretenimiento","16":"tag-es","17":"tag-espana","18":"tag-goya","19":"tag-museo-del-prado","20":"tag-pintura","21":"tag-spain"},"share_on_mastodon":{"url":"","error":""},"_links":{"self":[{"href":"https:\/\/www.europesays.com\/es\/wp-json\/wp\/v2\/posts\/38084","targetHints":{"allow":["GET"]}}],"collection":[{"href":"https:\/\/www.europesays.com\/es\/wp-json\/wp\/v2\/posts"}],"about":[{"href":"https:\/\/www.europesays.com\/es\/wp-json\/wp\/v2\/types\/post"}],"author":[{"embeddable":true,"href":"https:\/\/www.europesays.com\/es\/wp-json\/wp\/v2\/users\/2"}],"replies":[{"embeddable":true,"href":"https:\/\/www.europesays.com\/es\/wp-json\/wp\/v2\/comments?post=38084"}],"version-history":[{"count":0,"href":"https:\/\/www.europesays.com\/es\/wp-json\/wp\/v2\/posts\/38084\/revisions"}],"wp:featuredmedia":[{"embeddable":true,"href":"https:\/\/www.europesays.com\/es\/wp-json\/wp\/v2\/media\/38085"}],"wp:attachment":[{"href":"https:\/\/www.europesays.com\/es\/wp-json\/wp\/v2\/media?parent=38084"}],"wp:term":[{"taxonomy":"category","embeddable":true,"href":"https:\/\/www.europesays.com\/es\/wp-json\/wp\/v2\/categories?post=38084"},{"taxonomy":"post_tag","embeddable":true,"href":"https:\/\/www.europesays.com\/es\/wp-json\/wp\/v2\/tags?post=38084"}],"curies":[{"name":"wp","href":"https:\/\/api.w.org\/{rel}","templated":true}]}}