{"id":380895,"date":"2026-02-05T18:01:07","date_gmt":"2026-02-05T18:01:07","guid":{"rendered":"https:\/\/www.europesays.com\/es\/380895\/"},"modified":"2026-02-05T18:01:07","modified_gmt":"2026-02-05T18:01:07","slug":"el-banco-sabadell-releva-a-cesar-gonzalez-bueno-y-nombra-a-marc-armengol-nuevo-consejero-delegado-economia","status":"publish","type":"post","link":"https:\/\/www.europesays.com\/es\/380895\/","title":{"rendered":"El Banco Sabadell releva a C\u00e9sar Gonz\u00e1lez-Bueno y nombra a Marc Armengol nuevo consejero delegado | Econom\u00eda"},"content":{"rendered":"<p class=\"\">El Banco Sabadell ha decidido relevar a C\u00e9sar Gonz\u00e1lez-Bueno como m\u00e1ximo responsable ejecutivo de la entidad y ha nombrado, en su lugar, a Marc Armengol, quien hasta ahora pilotaba la antigua filial brit\u00e1nica TSB, vendida al Santander. El cambio se produce en un contexto de transformaci\u00f3n para el banco catal\u00e1n, <a href=\"https:\/\/elpais.com\/expres\/2025-10-17\/las-claves-de-la-opa-del-bbva-sobre-el-sabadell-y-como-se-convirtio-en-una-derrota-inesperada.html\" target=\"_self\" rel=\"nofollow noopener\" title=\"https:\/\/elpais.com\/expres\/2025-10-17\/las-claves-de-la-opa-del-bbva-sobre-el-sabadell-y-como-se-convirtio-en-una-derrota-inesperada.html\">tras dejar atr\u00e1s la opa hostil que le lanz\u00f3 el BBVA<\/a>. La relaci\u00f3n entre Gonz\u00e1lez-Bueno y el Sabadell se finiquita de mutua voluntad y tras llegar a un acuerdo con Josep Oliu, que seguir\u00e1 presidiendo la entidad. \u201cEs el momento \u00f3ptimo\u201d ha informado el Sabadell, en un comunicado.<\/p>\n<p class=\"\"><a href=\"https:\/\/elpais.com\/noticias\/josep-oliu\/\" target=\"_self\" rel=\"nofollow noopener\" title=\"https:\/\/elpais.com\/noticias\/josep-oliu\/\">Josep Oliu<\/a> ha agradecido p\u00fablicamente la tarea que ha llevado a cabo quien hasta ahora ha sido su mano derecha: \u201cLos cambios que Gonz\u00e1lez-Bueno ha impulsado en la organizaci\u00f3n, y que han llevado al equipo a alcanzar varios r\u00e9cords hist\u00f3ricos de resultados y a multiplicar por m\u00e1s de 12 veces el valor de la acci\u00f3n de Banco Sabadell en cinco a\u00f1os, la mayor revalorizaci\u00f3n entre las empresas del Ibex en este periodo y la m\u00e1s alta tambi\u00e9n entre los bancos europeos\u201d.<\/p>\n<p class=\"\">El presidente del Sabadell ha dedicado varios halagos a Gonz\u00e1lez-Bueno: \u201cHa sido un consejero delegado excepcional, con una habilidad para la ejecuci\u00f3n fuera de lo com\u00fan. Adem\u00e1s, siempre ha puesto los intereses del banco por delante de los suyos propios\u201d.<\/p>\n<p class=\"\">El banco catal\u00e1n tiene previsto presentar este viernes sus resultados correspondientes al ejercicio 2025. Ser\u00e1 en su sede corporativa de Sant Cugat del Vall\u00e8s (Barcelona), en un acto donde se espera a Gonz\u00e1lez-Bueno. <\/p>\n<p class=\"\">El a\u00fan consejero delegado del Sabadell ten\u00eda un sueldo de 3,3 millones de euros al a\u00f1o, seg\u00fan los \u00faltimos datos conocidos, y correspondientes a 2024. En aquel ejercicio, el presidente Josep Oliu se embols\u00f3 1,9 millones. En mayo de aquel 2024, el BBVA lanzo una opa hostil sobre el <a href=\"https:\/\/cincodias.elpais.com\/noticias\/banco-de-sabadell\/\" rel=\"nofollow noopener\" target=\"_blank\">Banco Sabadell<\/a>, que durante meses tuvo a Gonz\u00e1lez-Bueno y a Oliu batallando contra las embestidas de la entidad que comanda Carlos Torres.<\/p>\n<p class=\"\">\u201cEstoy enormemente agradecido por el privilegio de haber podido participar en estos cinco a\u00f1os, que han sido excepcionales\u201d, ha valorado Gonz\u00e1lez-Bueno, en una nota publicada por el banco catal\u00e1n. \u201cCerramos un ciclo apasionante y exitoso, y es en este contexto en el que debemos plantar las semillas del futuro, aprovechando las extraordinarias oportunidades de transformaci\u00f3n que brinda un nuevo salto en la tecnolog\u00eda\u201d, ha abundado.<\/p>\n<p class=\"\">Marc Armengol ser\u00e1 el primer ejecutivo de Banco Sabadell previsiblemente a partir del mes de mayo, una vez celebrada la Junta de Accionistas y recibidas las autorizaciones preceptivas por parte del Banco Central Europeo.<\/p>\n","protected":false},"excerpt":{"rendered":"El Banco Sabadell ha decidido relevar a C\u00e9sar Gonz\u00e1lez-Bueno como m\u00e1ximo responsable ejecutivo de la entidad y ha&hellip;\n","protected":false},"author":2,"featured_media":380896,"comment_status":"","ping_status":"","sticky":false,"template":"","format":"standard","meta":{"footnotes":""},"categories":[80],"tags":[5219,3287,3285,82,95,94,25,24,3284,23],"class_list":["post-380895","post","type-post","status-publish","format-standard","has-post-thumbnail","category-economia","tag-banca","tag-banco-sabadell","tag-bbva","tag-business","tag-economia","tag-economy","tag-es","tag-espana","tag-opa","tag-spain"],"share_on_mastodon":{"url":"https:\/\/pubeurope.com\/@es\/116019336630612556","error":""},"_links":{"self":[{"href":"https:\/\/www.europesays.com\/es\/wp-json\/wp\/v2\/posts\/380895","targetHints":{"allow":["GET"]}}],"collection":[{"href":"https:\/\/www.europesays.com\/es\/wp-json\/wp\/v2\/posts"}],"about":[{"href":"https:\/\/www.europesays.com\/es\/wp-json\/wp\/v2\/types\/post"}],"author":[{"embeddable":true,"href":"https:\/\/www.europesays.com\/es\/wp-json\/wp\/v2\/users\/2"}],"replies":[{"embeddable":true,"href":"https:\/\/www.europesays.com\/es\/wp-json\/wp\/v2\/comments?post=380895"}],"version-history":[{"count":0,"href":"https:\/\/www.europesays.com\/es\/wp-json\/wp\/v2\/posts\/380895\/revisions"}],"wp:featuredmedia":[{"embeddable":true,"href":"https:\/\/www.europesays.com\/es\/wp-json\/wp\/v2\/media\/380896"}],"wp:attachment":[{"href":"https:\/\/www.europesays.com\/es\/wp-json\/wp\/v2\/media?parent=380895"}],"wp:term":[{"taxonomy":"category","embeddable":true,"href":"https:\/\/www.europesays.com\/es\/wp-json\/wp\/v2\/categories?post=380895"},{"taxonomy":"post_tag","embeddable":true,"href":"https:\/\/www.europesays.com\/es\/wp-json\/wp\/v2\/tags?post=380895"}],"curies":[{"name":"wp","href":"https:\/\/api.w.org\/{rel}","templated":true}]}}