{"id":38094,"date":"2025-08-10T12:01:10","date_gmt":"2025-08-10T12:01:10","guid":{"rendered":"https:\/\/www.europesays.com\/es\/38094\/"},"modified":"2025-08-10T12:01:10","modified_gmt":"2025-08-10T12:01:10","slug":"la-federacion-decidira-manana-sobre-la-continuidad-de-montse-tome-futbol-deportes","status":"publish","type":"post","link":"https:\/\/www.europesays.com\/es\/38094\/","title":{"rendered":"La Federaci\u00f3n decidir\u00e1 ma\u00f1ana sobre la continuidad de Montse Tom\u00e9 | F\u00fatbol | Deportes"},"content":{"rendered":"<p class=\"\">La seleccionadora espa\u00f1ola <a href=\"https:\/\/elpais.com\/noticias\/montserrat-tome-vazquez\/\" target=\"_self\" rel=\"nofollow noopener\" title=\"https:\/\/elpais.com\/noticias\/montserrat-tome-vazquez\/\">Montse Tom\u00e9<\/a> no continuar\u00e1 al frente del equipo femenino. La noticia, adelantada por MARCA y confirmada por El Pa\u00eds, se har\u00e1 efectiva el lunes en la reuni\u00f3n directiva de la RFEF. A pesar de que la decisi\u00f3n requiere la unanimidad de todos los directivos de la RFEF para tomarse, hay muy pocas dudas de que as\u00ed ser\u00e1. Seg\u00fan ha podido saber este peri\u00f3dico, la sustituci\u00f3n de Montse Tom\u00e9 como seleccionadora <a href=\"https:\/\/elpais.com\/deportes\/eurocopa-futbol-femenino\/2025-07-17\/la-euro-marca-el-futuro-de-montse-tome-luces-y-sombras-de-la-seleccionadora-a-la-que-la-fama-le-pillo-de-repente.html\" target=\"_self\" rel=\"nofollow noopener\" title=\"https:\/\/elpais.com\/deportes\/eurocopa-futbol-femenino\/2025-07-17\/la-euro-marca-el-futuro-de-montse-tome-luces-y-sombras-de-la-seleccionadora-a-la-que-la-fama-le-pillo-de-repente.html\">fue tomada antes de la Eurocopa<\/a>. Por lo que sucediera lo que sucediera en la cita continental, el futuro de la entrenadora asturiana ya estaba tomado. Es lo que ten\u00eda Reyes Bellver, la directora de f\u00fatbol femenino de la RFEF, en su cabeza desde su llegada al ente federativo. <\/p>\n<p class=\"\">De esta forma, Montse Tom\u00e9 dir\u00e1 adi\u00f3s a casi dos a\u00f1os de direcci\u00f3n del equipo campe\u00f3n del mundo. La seleccionadora nacional asumi\u00f3 el cargo en septiembre de 2023, en pleno terremoto por el Caso Rubiales y tras la sustituci\u00f3n de Jorge Vilda.<\/p>\n<p class=\"\">[Noticia de \u00faltima hora, habr\u00e1 ampliaci\u00f3n en breve]<\/p>\n","protected":false},"excerpt":{"rendered":"La seleccionadora espa\u00f1ola Montse Tom\u00e9 no continuar\u00e1 al frente del equipo femenino. La noticia, adelantada por MARCA y&hellip;\n","protected":false},"author":2,"featured_media":38095,"comment_status":"","ping_status":"","sticky":false,"template":"","format":"standard","meta":{"footnotes":""},"categories":[93],"tags":[1540,168,1539,25,24,282,1809,1538,1546,1541,23,167],"class_list":{"0":"post-38094","1":"post","2":"type-post","3":"status-publish","4":"format-standard","5":"has-post-thumbnail","7":"category-deportes","8":"tag-competiciones","9":"tag-deportes","10":"tag-entrenadores","11":"tag-es","12":"tag-espana","13":"tag-futbol","14":"tag-futbol-femenino","15":"tag-futbolistas","16":"tag-montse-tome","17":"tag-seleccion-espanola-futbol-femenino","18":"tag-spain","19":"tag-sports"},"share_on_mastodon":{"url":"","error":""},"_links":{"self":[{"href":"https:\/\/www.europesays.com\/es\/wp-json\/wp\/v2\/posts\/38094","targetHints":{"allow":["GET"]}}],"collection":[{"href":"https:\/\/www.europesays.com\/es\/wp-json\/wp\/v2\/posts"}],"about":[{"href":"https:\/\/www.europesays.com\/es\/wp-json\/wp\/v2\/types\/post"}],"author":[{"embeddable":true,"href":"https:\/\/www.europesays.com\/es\/wp-json\/wp\/v2\/users\/2"}],"replies":[{"embeddable":true,"href":"https:\/\/www.europesays.com\/es\/wp-json\/wp\/v2\/comments?post=38094"}],"version-history":[{"count":0,"href":"https:\/\/www.europesays.com\/es\/wp-json\/wp\/v2\/posts\/38094\/revisions"}],"wp:featuredmedia":[{"embeddable":true,"href":"https:\/\/www.europesays.com\/es\/wp-json\/wp\/v2\/media\/38095"}],"wp:attachment":[{"href":"https:\/\/www.europesays.com\/es\/wp-json\/wp\/v2\/media?parent=38094"}],"wp:term":[{"taxonomy":"category","embeddable":true,"href":"https:\/\/www.europesays.com\/es\/wp-json\/wp\/v2\/categories?post=38094"},{"taxonomy":"post_tag","embeddable":true,"href":"https:\/\/www.europesays.com\/es\/wp-json\/wp\/v2\/tags?post=38094"}],"curies":[{"name":"wp","href":"https:\/\/api.w.org\/{rel}","templated":true}]}}