{"id":38096,"date":"2025-08-10T12:02:06","date_gmt":"2025-08-10T12:02:06","guid":{"rendered":"https:\/\/www.europesays.com\/es\/38096\/"},"modified":"2025-08-10T12:02:06","modified_gmt":"2025-08-10T12:02:06","slug":"tienes-la-misma-posibilidad-de-contagiarte-en-verano-que-en-invierno","status":"publish","type":"post","link":"https:\/\/www.europesays.com\/es\/38096\/","title":{"rendered":"Tienes la misma posibilidad de contagiarte en verano que en invierno"},"content":{"rendered":"<p class=\"c-paragraph\">Han pasado ya m\u00e1s de cinco a\u00f1os desde que el mundo se paraliz\u00f3 por una pandemia de <a href=\"https:\/\/www.20minutos.es\/tags\/temas\/covid-19.html\" title=\"Covid-19\" rel=\"nofollow noopener\" target=\"_blank\">covid<\/a>. Las mascarillas, el uso de gel hidroalcoh\u00f3lico, los distanciamientos entre personas y los confinamientos han quedado ya relegados al pasado pero, a pesar de ello, <b>el virus sigue siendo real y sigue siendo capaz de provocar serias complicaciones <\/b>en algunas personas, especialmente en aquellas consideradas de riesgo.\u00a0<\/p>\n<p class=\"c-paragraph\">As\u00ed, aunque inicialmente se pronostic\u00f3 que se convertir\u00eda en una enfermedad estacional, lo cierto es que la presencia de este virus est\u00e1 aumentando este verano especialmente en pa\u00edses como <a href=\"https:\/\/www.20minutos.es\/tags\/lugares\/ee-uu.html\" title=\"EE UU\" rel=\"nofollow noopener\" target=\"_blank\">Estados Unidos<\/a> y <a href=\"https:\/\/www.20minutos.es\/tags\/lugares\/reino-unido.html\" title=\"Reino Unido\" rel=\"nofollow noopener\" target=\"_blank\">Reino Unido<\/a>,<b> lo que aleja a este virus de convertirse en una enfermedad invernal<\/b> parecida al resfriado com\u00fan, tal y como se esperaba. As\u00ed, muchas de las predicciones que se hicieron hace cinco a\u00f1os han resultado ser err\u00f3neas.\u00a0<\/p>\n<p class=\"c-paragraph\">Tal y como detalla el diario ingl\u00e9s The Guardian, los \u00faltimos datos de la Agencia de Seguridad Sanitaria del Reino Unido (UKHSA) muestran que el coronavirus est\u00e1 lejos de convertirse en un virus solo invernal. \u00abEs absolutamente cierto que es tan probable que <b>contraigas Covid en verano como en invierno\u00bb<\/b>, ha asegurado Danny Altmann, inmun\u00f3logo del Imperial College de Londres, al citado peri\u00f3dico.\u00a0<\/p>\n<p class=\"c-paragraph\">\u00abHa sido una discusi\u00f3n cambiante: \u00bfen qu\u00e9 momento nos calmamos y decidimos que se hab\u00eda convertido en un coronavirus end\u00e9mico como el resfriado com\u00fan? Creo que todav\u00eda estamos muy lejos de ese lugar. <b>Hay una especie de optimismo de que es solo un resfriado invernal, pero no es un resfriado<\/b>. Es bastante sintom\u00e1tico, especialmente en personas vulnerables y en el exceso de muertes. Tampoco es en absoluto estacional\u00bb, ha a\u00f1adido.\u00a0<\/p>\n<p class=\"c-paragraph\">Para el experto, aunque existe la percepci\u00f3n de que el covid-19 es similar a un resfriado com\u00fan, en realidad<b> se parece mucho m\u00e1s a la gripe en t\u00e9rminos de mortalidad<\/b>, por su impacto en los sistemas m\u00e9dicos de salud y por la gravedad de los s\u00edntomas que puedan llegar a ocasionarse al contraerlo.\u00a0<\/p>\n<p class=\"c-paragraph\">\u00abEstamos llegando al punto en el que hay una pregunta leg\u00edtima sobre si alguna vez ser\u00e1 un virus invernal.<b> No es un virus respiratorio t\u00edpico en t\u00e9rminos de estacionalidad\u00bb<\/b>, ha a\u00f1adido por otro lado Simon Williams, soci\u00f3logo de la Universidad de Swansea.\u00a0<\/p>\n<p>\u00bfEn qu\u00e9 variante estamos ahora?<\/p>\n<p class=\"c-paragraph\">Como remarcan los expertos, las principales v\u00edas de circulaci\u00f3n ahora mismo son las subvariantes de Omicron.<b> \u00abEstas son obviamente m\u00e1s leves que Wuhan o Delta\u00bb, <\/b>ha explicado el inmun\u00f3logo de Londres, detallando que no es que las variantes se hayan convertido progresivamente en variantes m\u00e1s leves, sino que la inmunidad de la poblaci\u00f3n es mucho mayor debido a las vacunas y a las infecciones previas que ya han pasado millones de personas en todo el mundo.\u00a0<\/p>\n<p class=\"c-paragraph\">De esta manera, los expertos aseguran que podemos esperar a que se sigan <b>produciendo m\u00e1s variantes y que el virus siga evolucionando<\/b> de igual forma que cada a\u00f1o se producen nuevas combinaciones del virus de la gripe. Eso s\u00ed, destacan que dado que pocas personas se hacen ya las pruebas de detecci\u00f3n de covid, es probable que los indicadores actuales no reflejen las verdaderas incidencias, que ser\u00edan mucho mayores.\u00a0<\/p>\n","protected":false},"excerpt":{"rendered":"Han pasado ya m\u00e1s de cinco a\u00f1os desde que el mundo se paraliz\u00f3 por una pandemia de covid.&hellip;\n","protected":false},"author":2,"featured_media":38097,"comment_status":"","ping_status":"","sticky":false,"template":"","format":"standard","meta":{"footnotes":""},"categories":[92],"tags":[1438,2270,2996,25,24,18796,165,166,23,18797],"class_list":{"0":"post-38096","1":"post","2":"type-post","3":"status-publish","4":"format-standard","5":"has-post-thumbnail","7":"category-salud","8":"tag-convierte","9":"tag-covid","10":"tag-enfermedad","11":"tag-es","12":"tag-espana","13":"tag-estacional","14":"tag-health","15":"tag-salud","16":"tag-spain","17":"tag-tienes"},"share_on_mastodon":{"url":"","error":""},"_links":{"self":[{"href":"https:\/\/www.europesays.com\/es\/wp-json\/wp\/v2\/posts\/38096","targetHints":{"allow":["GET"]}}],"collection":[{"href":"https:\/\/www.europesays.com\/es\/wp-json\/wp\/v2\/posts"}],"about":[{"href":"https:\/\/www.europesays.com\/es\/wp-json\/wp\/v2\/types\/post"}],"author":[{"embeddable":true,"href":"https:\/\/www.europesays.com\/es\/wp-json\/wp\/v2\/users\/2"}],"replies":[{"embeddable":true,"href":"https:\/\/www.europesays.com\/es\/wp-json\/wp\/v2\/comments?post=38096"}],"version-history":[{"count":0,"href":"https:\/\/www.europesays.com\/es\/wp-json\/wp\/v2\/posts\/38096\/revisions"}],"wp:featuredmedia":[{"embeddable":true,"href":"https:\/\/www.europesays.com\/es\/wp-json\/wp\/v2\/media\/38097"}],"wp:attachment":[{"href":"https:\/\/www.europesays.com\/es\/wp-json\/wp\/v2\/media?parent=38096"}],"wp:term":[{"taxonomy":"category","embeddable":true,"href":"https:\/\/www.europesays.com\/es\/wp-json\/wp\/v2\/categories?post=38096"},{"taxonomy":"post_tag","embeddable":true,"href":"https:\/\/www.europesays.com\/es\/wp-json\/wp\/v2\/tags?post=38096"}],"curies":[{"name":"wp","href":"https:\/\/api.w.org\/{rel}","templated":true}]}}