{"id":381399,"date":"2026-02-06T00:45:08","date_gmt":"2026-02-06T00:45:08","guid":{"rendered":"https:\/\/www.europesays.com\/es\/381399\/"},"modified":"2026-02-06T00:45:08","modified_gmt":"2026-02-06T00:45:08","slug":"megamo-lanza-megamo-gravel-racing-su-primer-equipo-competitivo-de-gravel-y-totalmente-femenino","status":"publish","type":"post","link":"https:\/\/www.europesays.com\/es\/381399\/","title":{"rendered":"Megamo lanza Megamo Gravel Racing, su primer equipo competitivo de gravel (y totalmente femenino)"},"content":{"rendered":"<p>Megamo ha presentado oficialmente Megamo Gravel Racing, su nuevo proyecto competitivo centrado en el gravel y, de forma espec\u00edfica, en el deporte femenino. La marca, con sede en Girona, da as\u00ed un paso adelante liderando su propia estructura deportiva en una disciplina que conecta de forma directa con su ADN y con su trayectoria ligada [\u2026]<\/p>\n<blockquote class=\"quote-card lateral\">\n<p>Un paso m\u00e1s en su historia en las carreras<\/p>\n<\/blockquote>\n<p>Megamo ha presentado oficialmente <strong>Megamo Gravel Racing<\/strong>, su nuevo proyecto competitivo centrado en el gravel y, de forma espec\u00edfica, en el deporte femenino. La marca, con sede en Girona, da as\u00ed un paso adelante liderando su propia estructura deportiva en una disciplina que conecta de forma directa con su ADN y con su trayectoria ligada hist\u00f3ricamente a la competici\u00f3n y al desarrollo de producto.<\/p>\n<p>\t Contin\u00faa tras los patrocinadores<\/p>\n<blockquote class=\"quote-card lateral\">\n<p>Ciclistas internacionales que viven en Girona, la sede de la marca<\/p>\n<\/blockquote>\n<p>El proyecto nace con una filosof\u00eda clara y declarada desde el inicio. Megamo Gravel Racing no se plantea como una iniciativa puntual, sino como el resultado de un proceso construido con tiempo, coherencia y decisiones bien definidas. La marca lo resume con un mensaje que marca el rumbo del equipo: Building Our Own Way.<\/p>\n<p>Girona es el eje central sobre el que se articula todo el proyecto. La ciudad donde Megamo se fund\u00f3 en 1987 es hoy uno de los grandes epicentros internacionales del gravel y el ciclismo, no solo como lugar de entrenamiento, sino tambi\u00e9n como entorno cultural y deportivo. Las corredoras del equipo residen en Girona, al igual que la Team Manager y el mec\u00e1nico, reforzando una conexi\u00f3n directa entre marca, personas y territorio desde la que el proyecto se proyecta hacia el exterior.<\/p>\n<p><img fetchpriority=\"high\" decoding=\"async\" class=\"size-large wp-image-160228 \" src=\"https:\/\/www.europesays.com\/es\/wp-content\/uploads\/2026\/02\/megamo-silk-02-1024x576.jpg\" alt=\"\" width=\"1024\" height=\"576\"  \/><\/p>\n<p class=\"wp-caption-text\">Megamo Gravel Racing<\/p>\n<blockquote class=\"quote-card lateral\">\n<p>Corredoras con una trayectoria ascendente<\/p>\n<\/blockquote>\n<p>El equipo estar\u00e1 formado por cuatro corredoras internacionales con una s\u00f3lida trayectoria en gravel. <strong>Lucy Hempstead<\/strong> llega desde Canad\u00e1 tras consolidarse como una de las referencias de las Gravel Earth Series. Desde Australia se incorpora <strong>Cassia Boglio<\/strong>, con podios en campeonatos nacionales y en pruebas de las UCI Gravel World Series. <strong>Theresa Rindler-Bachl<\/strong>, campeona nacional de gravel en Austria y con victorias internacionales como la Cape Epic en categor\u00eda mixta, completa un perfil de alto nivel competitivo, mientras que <strong>Sarah Diekmeyer<\/strong> aporta su experiencia en pruebas de larga distancia y en los recorridos m\u00e1s exigentes del calendario.<\/p>\n<p><img loading=\"lazy\" decoding=\"async\" class=\"size-large wp-image-160226 \" src=\"https:\/\/www.europesays.com\/es\/wp-content\/uploads\/2026\/02\/megamo-silk-01-1024x576.jpg\" alt=\"\" width=\"1024\" height=\"576\"  \/><\/p>\n<p class=\"wp-caption-text\">Megamo Gravel Racing<\/p>\n<blockquote class=\"quote-card lateral\">\n<p>Con un proyecto paralelo para la creaci\u00f3n de contenido<\/p>\n<\/blockquote>\n<p>Al frente del proyecto se sit\u00faa <strong>Alba Lara<\/strong> como Team Manager, con un enfoque basado en la gesti\u00f3n de personas y el conocimiento profundo del entorno competitivo. La parte t\u00e9cnica recae en <strong>Eduard Portal<\/strong>, con una amplia trayectoria y experiencia previa como mec\u00e1nico del antiguo Buff Megamo, considerado en su momento uno de los mejores equipos de marathon del mundo. El proyecto se completa con un equipo de creaci\u00f3n de contenido formado por <strong>Avanto Studio<\/strong>, junto a Roger Salanova y Mart\u00ed Mir\u00f3, encargados de mostrar el d\u00eda a d\u00eda del equipo desde dentro.<\/p>\n<p><img loading=\"lazy\" decoding=\"async\" class=\"size-large wp-image-160227 \" src=\"https:\/\/www.europesays.com\/es\/wp-content\/uploads\/2026\/02\/megamo-silk-03-1024x576.jpg\" alt=\"\" width=\"1024\" height=\"576\"  \/><\/p>\n<p class=\"wp-caption-text\">Megamo Gravel Racing<\/p>\n<blockquote class=\"quote-card lateral\">\n<p>Parte con importantes patrocinadores t\u00e9cnicos que apoyan el proyecto<\/p>\n<\/blockquote>\n<p>Megamo Gravel Racing cuenta adem\u00e1s con el respaldo de varios aliados estrat\u00e9gicos. <strong>SRAM<\/strong> act\u00faa como Official Team Partner junto a <strong>Zipp<\/strong>, <strong>Hammerhead<\/strong> y <strong>Time<\/strong>. <strong>Fizik<\/strong> aporta sillines, cascos, zapatillas y cintas de manillar, mientras que <strong>Vittoria<\/strong> suministra los neum\u00e1ticos. <strong>Z\u00e9fal<\/strong>, <strong>Wera<\/strong> y <strong>Quadis<\/strong> completan el ecosistema de colaboradores. En el apartado de vestimenta, las corredoras competir\u00e1n con diferentes marcas de ropa ciclista, concretamente <strong>Assos<\/strong>, <strong>Tanline<\/strong> y <strong>Q36.5<\/strong>, manteniendo una l\u00ednea est\u00e9tica com\u00fan para el equipo.<\/p>\n<p>La bicicleta oficial del equipo ser\u00e1 la <a href=\"https:\/\/esmtb.com\/nueva-megamo-silk-2026-mas-ligera-y-mas-racing-que-nunca-y-con-dos-versiones-de-carbono\/\" target=\"_blank\" rel=\"noopener nofollow\"><strong>Megamo Silk<\/strong><\/a>, en color Grave y equipada con SRAM RED, componentes Zipp, Hammerhead y Time, adem\u00e1s de perif\u00e9ricos Fizik y neum\u00e1ticos Vittoria de 50 mm. Se trata del mismo modelo disponible para el usuario final, fruto de a\u00f1os de desarrollo y evoluci\u00f3n, y no de un producto exclusivo creado \u00fanicamente para la competici\u00f3n.<\/p>\n<p><img loading=\"lazy\" decoding=\"async\" class=\"size-large wp-image-160224 \" src=\"https:\/\/www.europesays.com\/es\/wp-content\/uploads\/2026\/02\/megamo-silk-04-768x1024.jpg\" alt=\"\" width=\"768\" height=\"1024\"  \/><\/p>\n<p class=\"wp-caption-text\">Megamo Gravel Racing<\/p>\n<blockquote class=\"quote-card lateral\">\n<p>Las Gravel Earth Series ser\u00e1n el eje de su calendario<\/p>\n<\/blockquote>\n<p>En el plano deportivo, el gran objetivo de la temporada ser\u00e1 la lucha por la clasificaci\u00f3n general de las <a href=\"https:\/\/esmtb.com\/calendario-gravel-earth-series-2026-12-carreras-y-4-de-ellas-en-espana\/\" target=\"_blank\" rel=\"noopener nofollow\">Gravel Earth Series<\/a>, sin perder de vista los campeonatos nacionales de cada corredora y la presencia en las principales pruebas de las UCI Gravel World Series. El debut oficial del proyecto tendr\u00e1 lugar el 14 de febrero en Santa Vall, en Sant Gregori, aunque el primer estreno competitivo llegar\u00e1 antes, el domingo 8 de febrero, con la participaci\u00f3n de Cassia Boglio, Lucy Hempstead y Theresa Rindler Bachl en la Bescanonina, en Girona.<\/p>\n<p>Megamo Gravel Racing ya ha iniciado tambi\u00e9n su actividad en redes sociales a trav\u00e9s del perfil <a href=\"https:\/\/www.instagram.com\/megamogravelracing\/\" target=\"_blank\" rel=\"noopener nofollow\">@megamogravelracing<\/a> en Instagram, YouTube y TikTok, desde donde se contar\u00e1 la evoluci\u00f3n de este nuevo proyecto competitivo nacido en Girona y pensado para competir al m\u00e1ximo nivel en el gravel internacional.<\/p>\n<p><script async src=\"\/\/www.instagram.com\/embed.js\"><\/script><\/p>\n","protected":false},"excerpt":{"rendered":"Megamo ha presentado oficialmente Megamo Gravel Racing, su nuevo proyecto competitivo centrado en el gravel y, de forma&hellip;\n","protected":false},"author":2,"featured_media":381400,"comment_status":"","ping_status":"","sticky":false,"template":"","format":"standard","meta":{"footnotes":""},"categories":[273],"tags":[313,312,168,25,24,18236,83588,23,167],"class_list":["post-381399","post","type-post","status-publish","format-standard","has-post-thumbnail","category-ciclismo","tag-ciclismo","tag-cycling","tag-deportes","tag-es","tag-espana","tag-gravel","tag-megamo","tag-spain","tag-sports"],"share_on_mastodon":{"url":"https:\/\/pubeurope.com\/@es\/116020925206645350","error":""},"_links":{"self":[{"href":"https:\/\/www.europesays.com\/es\/wp-json\/wp\/v2\/posts\/381399","targetHints":{"allow":["GET"]}}],"collection":[{"href":"https:\/\/www.europesays.com\/es\/wp-json\/wp\/v2\/posts"}],"about":[{"href":"https:\/\/www.europesays.com\/es\/wp-json\/wp\/v2\/types\/post"}],"author":[{"embeddable":true,"href":"https:\/\/www.europesays.com\/es\/wp-json\/wp\/v2\/users\/2"}],"replies":[{"embeddable":true,"href":"https:\/\/www.europesays.com\/es\/wp-json\/wp\/v2\/comments?post=381399"}],"version-history":[{"count":0,"href":"https:\/\/www.europesays.com\/es\/wp-json\/wp\/v2\/posts\/381399\/revisions"}],"wp:featuredmedia":[{"embeddable":true,"href":"https:\/\/www.europesays.com\/es\/wp-json\/wp\/v2\/media\/381400"}],"wp:attachment":[{"href":"https:\/\/www.europesays.com\/es\/wp-json\/wp\/v2\/media?parent=381399"}],"wp:term":[{"taxonomy":"category","embeddable":true,"href":"https:\/\/www.europesays.com\/es\/wp-json\/wp\/v2\/categories?post=381399"},{"taxonomy":"post_tag","embeddable":true,"href":"https:\/\/www.europesays.com\/es\/wp-json\/wp\/v2\/tags?post=381399"}],"curies":[{"name":"wp","href":"https:\/\/api.w.org\/{rel}","templated":true}]}}