{"id":381797,"date":"2026-02-06T06:23:07","date_gmt":"2026-02-06T06:23:07","guid":{"rendered":"https:\/\/www.europesays.com\/es\/381797\/"},"modified":"2026-02-06T06:23:07","modified_gmt":"2026-02-06T06:23:07","slug":"manuel-bautista-el-gran-hombre-promocionado-por-ayuso-al-que-sus-rivales-ven-desleal-religioso-y-burocratico-noticias-de-mad","status":"publish","type":"post","link":"https:\/\/www.europesays.com\/es\/381797\/","title":{"rendered":"Manuel Bautista, el \u201cgran hombre\u201d promocionado por Ayuso al que sus rivales ven \u201cdesleal\u201d, \u201creligioso\u201d y \u201cburocr\u00e1tico\u201d | Noticias de Madrid"},"content":{"rendered":"<p class=\"\">\u2014Este cambio de candidato altera sustancialmente el proyecto.<\/p>\n<p class=\"\">Corre 2022, y <a href=\"https:\/\/elpais.com\/ccaa\/2019\/09\/09\/madrid\/1568045915_545405.html\" target=\"_blank\" rel=\"noreferrer nofollow noopener\" title=\"https:\/\/elpais.com\/ccaa\/2019\/09\/09\/madrid\/1568045915_545405.html\">Mirina Cort\u00e9s<\/a>, la l\u00edder del PP en M\u00f3stoles, acaba de ser aplastada por la maquinaria de la organizaci\u00f3n a la que representa. El equipo de la presidenta, Isabel D\u00edaz Ayuso, ha decidido sustituirla por Manuel Bautista, un hombre sin trayectoria pol\u00edtica de renombre en la ciudad, de cara a la candidatura municipal de 2023. La hoy diputada auton\u00f3mica no comparte la decisi\u00f3n, seg\u00fan expresa entonces en un comunicado, pero finalmente la acepta \u201csin reservas\u201d. Es una exhibici\u00f3n del poder interno de la baronesa, que elige a quien ha sido su viceconsejero de organizaci\u00f3n educativa para intentar arrebatarle al PSOE la segunda ciudad m\u00e1s poblada de la Comunidad de Madrid, con 215.000 habitantes. Esa apuesta por ese perfil con experiencia de gesti\u00f3n, <a href=\"https:\/\/cadenaser.com\/cmadrid\/2023\/01\/17\/afiliados-simpatizantes-y-votantes-del-pp-de-mostoles-presentan-un-escrito-en-genova-rechazando-lo-que-esta-ocurriendo-en-el-pp-de-mostoles-desde-hace-unos-meses-ser-madrid-oeste\/\" target=\"_blank\" rel=\"noreferrer nofollow noopener\" title=\"https:\/\/cadenaser.com\/cmadrid\/2023\/01\/17\/afiliados-simpatizantes-y-votantes-del-pp-de-mostoles-presentan-un-escrito-en-genova-rechazando-lo-que-esta-ocurriendo-en-el-pp-de-mostoles-desde-hace-unos-meses-ser-madrid-oeste\/\">que provoc\u00f3 una protesta por escrito de afiliados en M\u00f3stoles<\/a> al considerar que Bautista no conoc\u00eda la realidad local, coloca ahora a D\u00edaz Ayuso en el centro de un hurac\u00e1n, tras revelar EL PA\u00cdS que su partido opt\u00f3 por <a href=\"https:\/\/elpais.com\/espana\/2026-02-04\/el-pp-de-madrid-presiono-a-una-edil-para-tapar-una-acusacion-de-acoso-contra-el-alcalde-de-mostoles-el-amparo-pasa-por-que-te-quites-de-la-cabeza-cualquier-denuncia.html\" target=\"_blank\" rel=\"noreferrer nofollow noopener\" title=\"https:\/\/elpais.com\/espana\/2026-02-04\/el-pp-de-madrid-presiono-a-una-edil-para-tapar-una-acusacion-de-acoso-contra-el-alcalde-de-mostoles-el-amparo-pasa-por-que-te-quites-de-la-cabeza-cualquier-denuncia.html\">presionar a una edil mostole\u00f1a para tapar una acusaci\u00f3n de acoso contra el alcalde de la ciudad<\/a>.<\/p>\n<p>M\u00e1s informaci\u00f3n<\/p>\n<p class=\"\">\u201cPara Bautista fue un ascenso, por mucho que tuviera que salir del Gobierno regional\u201d, explica una fuente que lo ha sido todo en el PP, y que conoce sus pecados con la hondura de un confesor veterano. \u201cSi te dicen que te vayas de alcalde a Casarrubuelos, o a un municipio mediano, no lo es. M\u00f3stoles, s\u00ed. Pol\u00edticamente es m\u00e1s importante que ser viceconsejero. Es un ascenso\u201d, recalca. Y remata: \u201cAquel fue un movimiento de Ayuso y de su gente\u201d.<\/p>\n<p class=\"\">La referencia remite a un grupo muy restringido de pol\u00edticos. Uno es Alfonso Serrano, el secretario general del PP en Madrid, y la mano que mueve los hilos internos del partido que Ayuso preside desde 2021. Otro es Ana Mill\u00e1n, diputada regional, vicepresidenta de la Asamblea, y n\u00famero tres de una organizaci\u00f3n en la que ha ascendido bajo la protecci\u00f3n de la presidenta, que la ha designado para todos esos puestos mientras estaba siendo investigada por la presunta comisi\u00f3n de un delito de <a href=\"https:\/\/elpais.com\/espana\/madrid\/2024-07-01\/fue-en-un-bar-del-pueblo-asi-arranco-el-caso-de-presunta-prevaricacion-de-ana-millan-colaboradora-clave-de-ayuso.html\" target=\"_blank\" rel=\"noreferrer nofollow noopener\" title=\"https:\/\/elpais.com\/espana\/madrid\/2024-07-01\/fue-en-un-bar-del-pueblo-asi-arranco-el-caso-de-presunta-prevaricacion-de-ana-millan-colaboradora-clave-de-ayuso.html\">prevaricaci\u00f3n administrativa<\/a> en su etapa como concejala del Ayuntamiento de Arroyomolinos. Mill\u00e1n, a la que describen como una trabajadora incansable, fue una de las voces que defendi\u00f3 internamente la candidatura de Bautista, seg\u00fan fuentes populares, cuando Ayuso <a href=\"https:\/\/elpais.com\/espana\/madrid\/2022-07-18\/ayuso-pone-en-campana-a-los-candidatos-del-pp-en-16-bastiones-de-la-izquierda-en-el-cinturon-de-madrid.html\" target=\"_blank\" rel=\"noreferrer nofollow noopener\" title=\"https:\/\/elpais.com\/espana\/madrid\/2022-07-18\/ayuso-pone-en-campana-a-los-candidatos-del-pp-en-16-bastiones-de-la-izquierda-en-el-cinturon-de-madrid.html\">quiso renovar las listas electorales con cargos a los que conoc\u00eda de su ejecutivo<\/a>. <\/p>\n<p class=\"\">\u201cComo pol\u00edtico, Bautista es un bur\u00f3crata\u201d, opina Emilio Delgado, diputado regional de M\u00e1s Madrid, residente en M\u00f3stoles, y durante muchos a\u00f1os concejal en el municipio. \u201cYa estuvo salpicado de lejos por <a href=\"https:\/\/elpais.com\/espana\/madrid\/2026-01-27\/la-jueza-del-caso-fp-estrecha-el-cerco-sobre-el-gobierno-de-ayuso-al-investigar-a-un-exalto-cargo.html\" target=\"_self\" rel=\"nofollow noopener\" title=\"https:\/\/elpais.com\/espana\/madrid\/2026-01-27\/la-jueza-del-caso-fp-estrecha-el-cerco-sobre-el-gobierno-de-ayuso-al-investigar-a-un-exalto-cargo.html\">el caso FP\u201d,<\/a> a\u00f1ade en referencia a la etapa de Bautista como viceconsejero, y pese a que nadie ha solicitado oficialmente informaci\u00f3n al hoy regidor sobre el caso que investiga la presunta comisi\u00f3n de un delito de prevaricaci\u00f3n en el Gobierno auton\u00f3mico por supuestamente <a href=\"https:\/\/elpais.com\/espana\/madrid\/2026-01-27\/la-jueza-del-caso-fp-estrecha-el-cerco-sobre-el-gobierno-de-ayuso-al-investigar-a-un-exalto-cargo.html\" target=\"_blank\" rel=\"noreferrer nofollow noopener\" title=\"https:\/\/elpais.com\/espana\/madrid\/2026-01-27\/la-jueza-del-caso-fp-estrecha-el-cerco-sobre-el-gobierno-de-ayuso-al-investigar-a-un-exalto-cargo.html\">trocear contratos para decidir a dedo qui\u00e9n hac\u00eda reformas en centros educativos<\/a>. \u201cPara la alcald\u00eda ha sido nefasto\u201d, describe. \u201cTambi\u00e9n es una persona muy beata, religiosa, que ha impregnado de ese tono religioso todas las fiestas&#8230; aunque visto lo visto, es religioso para seg\u00fan qu\u00e9 cosas\u201d. <\/p>\n<p><img decoding=\"auto\" class=\"_re lazyload a_m-h\" height=\"276\"  width=\"414\"  src=\"https:\/\/www.europesays.com\/es\/wp-content\/uploads\/2026\/02\/1770358987_987_M3H5R7ZPJJBKZK4MEMWL5ZSYHM.jpg\" loading=\"lazy\"\/>Manuel Bautista e Isabel D\u00edaz Ayuso, en un acto electoral de la campa\u00f1a de 2023. A. P\u00e9rez Meca (Europa Press)<\/p>\n<p class=\"\">En primera fila de las <a href=\"https:\/\/www.mostoles.es\/es\/noticias\/semana-santa-mostoles-vivido-intensidad-emocion\" target=\"_blank\" rel=\"noreferrer nofollow noopener\" title=\"https:\/\/www.mostoles.es\/es\/noticias\/semana-santa-mostoles-vivido-intensidad-emocion\">procesiones de Semana Santa<\/a>, receptor de una estampa de San Pablo VI, y <a href=\"https:\/\/www.mostoles.es\/es\/noticias\/alcalde-inauguro-belen-municipal-plaza-cultura\" target=\"_blank\" rel=\"noreferrer nofollow noopener\" title=\"https:\/\/www.mostoles.es\/es\/noticias\/alcalde-inauguro-belen-municipal-plaza-cultura\">primer visitante del bel\u00e9n municipal<\/a>, Bautista, de 52 a\u00f1os, ha presumido de aplicar en M\u00f3stoles la receta del PP de Madrid. A saber: bajar impuestos, como el IBI. Tambi\u00e9n buscar el cuerpo a cuerpo con el Gobierno de Pedro S\u00e1nchez en Espa\u00f1a a trav\u00e9s de los problemas de la <a href=\"https:\/\/elpais.com\/espana\/2026-02-02\/cercanias-el-hermano-pobre-de-la-red-ferroviaria.html\" target=\"_blank\" rel=\"noreferrer nofollow noopener\" title=\"https:\/\/elpais.com\/espana\/2026-02-02\/cercanias-el-hermano-pobre-de-la-red-ferroviaria.html\">l\u00ednea C-5 de Cercan\u00edas<\/a> (que transporta al 15% de los viajeros de toda la red); o de la negativa a que la R-5 sea gratuita mientras duren las obras de <a href=\"https:\/\/elpais.com\/espana\/madrid\/2026-01-17\/la-pesadilla-de-las-obras-de-soterramiento-de-la-a-5-continua-un-ano-despues-en-campamento-y-lucero-el-trafico-colapsa-el-barrio.html\" target=\"_blank\" rel=\"noreferrer nofollow noopener\" title=\"https:\/\/elpais.com\/espana\/madrid\/2026-01-17\/la-pesadilla-de-las-obras-de-soterramiento-de-la-a-5-continua-un-ano-despues-en-campamento-y-lucero-el-trafico-colapsa-el-barrio.html\">soterramiento de la A-5 a su paso por Madrid capital.<\/a> Ha levantado ampollas a derecha e izquierda. <\/p>\n<p class=\"\">\u201cNo es un hombre que hable con la verdad. Es desleal\u201d, expone Nieva Mach\u00edn, la portavoz en M\u00f3stoles de Vox, <a href=\"https:\/\/elpais.com\/espana\/elecciones-madrid\/2023-06-17\/el-pp-de-ayuso-se-alia-con-vox-para-gobernar-en-mostoles-y-alcala-de-henares.html\" target=\"_blank\" rel=\"noreferrer nofollow noopener\" title=\"https:\/\/elpais.com\/espana\/elecciones-madrid\/2023-06-17\/el-pp-de-ayuso-se-alia-con-vox-para-gobernar-en-mostoles-y-alcala-de-henares.html\">el partido que invisti\u00f3 a Bautista como alcalde<\/a>, firm\u00f3 un acuerdo de gobierno, y luego lo ha abandonado porque el regidor ha asumido las competencias de Cultura correspondientes a un edil que dej\u00f3 el partido ultra. \u201cMe ha costado much\u00edsimo tener reuniones de gobierno con \u00e9l\u201d, lamenta Mach\u00edn. \u201cEst\u00e1 m\u00e1s preocupado del autobombo, las fotos, y aparecer en eventos, que de tomar decisiones, de gestionar el d\u00eda a d\u00eda de la ciudad para generar un entorno con industria o vivienda asequible para los j\u00f3venes\u201d. <\/p>\n<p class=\"\">Esto a\u00f1aden desde el PSOE local: \u201cEs una persona que no vive en esta ciudad, y que la alcald\u00eda se la toma como un trabajo. No le gusta la calle, ha abandonado nuestros barrios. Est\u00e1 m\u00e1s c\u00f3modo en eventos y fotos. Pretende ser campechano, pero es fr\u00edo y autoritario en los plenos. A veces incluso intentando humillar desde su posici\u00f3n como presidente\u201d.<\/p>\n<p class=\"\">El retrato que hace la oposici\u00f3n del alcalde de la segunda ciudad m\u00e1s poblada de Madrid difiere mucho de la descripci\u00f3n que hizo Ayuso en la campa\u00f1a del 2023. Ocurri\u00f3 en un d\u00eda primaveral. \u201cManuel Bautista, Manolo a partir de ahora (&#8230;) es un gran hombre, muy sentido, que quiere y cree en lo que hace\u201d, dijo la presidenta <a href=\"https:\/\/www.youtube.com\/watch?v=N9pmFLXEve8\" target=\"_blank\" rel=\"noreferrer nofollow noopener\" title=\"https:\/\/www.youtube.com\/watch?v=N9pmFLXEve8\">cuando lleg\u00f3 su turno<\/a> y empez\u00f3 a dejar un gui\u00f1o tras otro al candidato. \u201cMi lealtad con todos los mostole\u00f1os se traduce en un candidato como Manuel\u201d.<\/p>\n<p class=\"\">Un a\u00f1o despu\u00e9s, Ayuso volvi\u00f3 a visitar M\u00f3stoles, elegido como escenario para celebrar el aplastante triunfo del PP en las municipales madrile\u00f1as y lanzar la campa\u00f1a de las europeas. Todo un s\u00edmbolo del peso electoral de la ciudad, y de los galones del alcalde bendecido con la complicidad de la presidenta regional. <\/p>\n<p class=\"\">\u201cCon Manuel ha llegado un gobierno de libertad, apertura y ganas\u201d, dijo entonces. <\/p>\n<p class=\"\">Bautista lleg\u00f3 a la candidatura a la alcald\u00eda sin haber hecho camino en M\u00f3stoles como pol\u00edtico. S\u00ed fue concejal en Fuenlabrada (2011-2015), <a href=\"https:\/\/www.mostoles.es\/es\/ayuntamiento\/alcaldia\/conoce-alcalde\" target=\"_blank\" rel=\"noreferrer nofollow noopener\" title=\"https:\/\/www.mostoles.es\/es\/ayuntamiento\/alcaldia\/conoce-alcalde\">seg\u00fan consta en su biograf\u00eda oficial<\/a>. Tambi\u00e9n diputado en la Asamblea. Adem\u00e1s, imparti\u00f3 clases de Infantil y Secundaria, y lleg\u00f3 a director de la Escuela Infantil P\u00fablica La Rampa (Coslada), del CEIP Mario Benedetti (Rivas Vaciamadrid) y del CEIP Maestra Trinidad Garc\u00eda (Fuenlabrada). <\/p>\n<p class=\"\">Con el salto a la pol\u00edtica llegaron los nombramientos ejecutivos. As\u00ed, asumi\u00f3 la Direcci\u00f3n de \u00c1rea Territorial Madrid Sur y el cargo de Director General de Educaci\u00f3n Infantil y Primaria. Tambi\u00e9n, el de Director General de Educaci\u00f3n Concertada y Becas de la Comunidad de Madrid, as\u00ed como el de viceconsejero de Organizaci\u00f3n Educativa de la Comunidad de Madrid.<\/p>\n<p>De Ayuso a Moreno Bonilla<\/p>\n<p class=\"\">Ese fue su trampol\u00edn hacia M\u00f3stoles, una de las piezas clave de la pol\u00edtica madrile\u00f1a. Recuperar la ciudad tras dos legislaturas en manos del PSOE, y como cabeza de puente del PP en el cintur\u00f3n rojo del sur de Madrid, fue una prioridad estrat\u00e9gica del equipo de Ayuso. La otra fue luchar por la alcald\u00eda de Fuenlabrada, tarea encomendada a otra protegida de la baronesa, Noelia N\u00fa\u00f1ez, que no logr\u00f3 el objetivo, fue premiada con el acta de diputada nacional, y acab\u00f3 por dimitir tras descubrirse que hab\u00eda <a href=\"https:\/\/elpais.com\/espana\/2025-07-23\/la-diputada-del-pp-noelia-nunez-dimite-de-todos-sus-cargos-tras-la-polemica-de-su-curriculum.html\" target=\"_blank\" rel=\"noreferrer nofollow noopener\" title=\"https:\/\/elpais.com\/espana\/2025-07-23\/la-diputada-del-pp-noelia-nunez-dimite-de-todos-sus-cargos-tras-la-polemica-de-su-curriculum.html\">falseado su curr\u00edculum<\/a>. <\/p>\n<p class=\"\">Para Bautista, el trayecto tampoco est\u00e1 siendo apacible. Gan\u00f3 las elecciones y el peso propio de M\u00f3stoles ha hecho frecuente que se codee con los pesos pesados del PP, de D\u00edaz Ayuso al presidente de Andaluc\u00eda, <a href=\"https:\/\/elpais.com\/espana\/elecciones-madrid\/2023-04-21\/diaz-ayuso-y-moreno-bonilla-se-alian-para-seducir-a-los-socialistas-desencantados-con-sanchez.html\" target=\"_blank\" rel=\"noreferrer nofollow noopener\" title=\"https:\/\/elpais.com\/espana\/elecciones-madrid\/2023-04-21\/diaz-ayuso-y-moreno-bonilla-se-alian-para-seducir-a-los-socialistas-desencantados-con-sanchez.html\">Juan Manuel Moreno Bonilla<\/a>. <\/p>\n<p class=\"\">Sin embargo, no logr\u00f3 la mayor\u00eda absoluta en las <a href=\"https:\/\/elpais.com\/espana\/elecciones\/municipales\/12\/28\/92\/\" target=\"_blank\" rel=\"noreferrer nofollow noopener\" title=\"https:\/\/elpais.com\/espana\/elecciones\/municipales\/12\/28\/92\/\">elecciones municipales de 2023<\/a>. Aliado con Vox, el acuerdo entre los dos partidos acaba de saltar por los aires. Ahora, la revelaci\u00f3n de EL PA\u00cdS no solo le coloca en el centro de una pol\u00e9mica que afecta al PP al completo, del mostole\u00f1o al nacional. Tambi\u00e9n pone en cuesti\u00f3n su futuro pol\u00edtico. <\/p>\n","protected":false},"excerpt":{"rendered":"\u2014Este cambio de candidato altera sustancialmente el proyecto. Corre 2022, y Mirina Cort\u00e9s, la l\u00edder del PP en&hellip;\n","protected":false},"author":2,"featured_media":381798,"comment_status":"","ping_status":"","sticky":false,"template":"","format":"standard","meta":{"footnotes":""},"categories":[8],"tags":[10239,17,18,1467,25,24,13,14,25746,11,3515,19,20,205,28616,9,10,15,16,18514,23,12,21,22],"class_list":["post-381797","post","type-post","status-publish","format-standard","has-post-thumbnail","category-espana","tag-acoso-sexual","tag-breaking-news","tag-breakingnews","tag-comunidad-de-madrid","tag-es","tag-espana","tag-featured-news","tag-featurednews","tag-gobierno-comunidad-madrid","tag-headlines","tag-isabel-diaz-ayuso","tag-latest-news","tag-latestnews","tag-madrid","tag-mostoles","tag-news","tag-noticias","tag-noticias-destacadas","tag-noticiasdestacadas","tag-pp-madrid","tag-spain","tag-titulares","tag-ultimas-noticias","tag-ultimasnoticias"],"share_on_mastodon":{"url":"https:\/\/pubeurope.com\/@es\/116022254274966257","error":""},"_links":{"self":[{"href":"https:\/\/www.europesays.com\/es\/wp-json\/wp\/v2\/posts\/381797","targetHints":{"allow":["GET"]}}],"collection":[{"href":"https:\/\/www.europesays.com\/es\/wp-json\/wp\/v2\/posts"}],"about":[{"href":"https:\/\/www.europesays.com\/es\/wp-json\/wp\/v2\/types\/post"}],"author":[{"embeddable":true,"href":"https:\/\/www.europesays.com\/es\/wp-json\/wp\/v2\/users\/2"}],"replies":[{"embeddable":true,"href":"https:\/\/www.europesays.com\/es\/wp-json\/wp\/v2\/comments?post=381797"}],"version-history":[{"count":0,"href":"https:\/\/www.europesays.com\/es\/wp-json\/wp\/v2\/posts\/381797\/revisions"}],"wp:featuredmedia":[{"embeddable":true,"href":"https:\/\/www.europesays.com\/es\/wp-json\/wp\/v2\/media\/381798"}],"wp:attachment":[{"href":"https:\/\/www.europesays.com\/es\/wp-json\/wp\/v2\/media?parent=381797"}],"wp:term":[{"taxonomy":"category","embeddable":true,"href":"https:\/\/www.europesays.com\/es\/wp-json\/wp\/v2\/categories?post=381797"},{"taxonomy":"post_tag","embeddable":true,"href":"https:\/\/www.europesays.com\/es\/wp-json\/wp\/v2\/tags?post=381797"}],"curies":[{"name":"wp","href":"https:\/\/api.w.org\/{rel}","templated":true}]}}