{"id":382029,"date":"2026-02-06T09:16:12","date_gmt":"2026-02-06T09:16:12","guid":{"rendered":"https:\/\/www.europesays.com\/es\/382029\/"},"modified":"2026-02-06T09:16:12","modified_gmt":"2026-02-06T09:16:12","slug":"coral-psicodelico-efimeras-desconcertadas-y-una-arana-hambrienta-entre-los-ganadores-de-close-up-photographer-of-the-year","status":"publish","type":"post","link":"https:\/\/www.europesays.com\/es\/382029\/","title":{"rendered":"Coral psicod\u00e9lico, ef\u00edmeras desconcertadas y una ara\u00f1a hambrienta, entre los ganadores de Close-up Photographer of the Year"},"content":{"rendered":"<p data-uri=\"es.cms.cnn.com\/_components\/editor-note\/instances\/cmla15woq00033j6qng74t2ef@published\" data-editable=\"text\" data-component-name=\"editor-note\" class=\"editor-note vossi-editor-note inline-placeholder \" data-article-gutter=\"true\">\n    Nota del editor: Llamado a la Tierra es una serie editorial de CNN comprometida con reportar los desaf\u00edos ambientales que enfrenta nuestro planeta, adem\u00e1s de mostrar las soluciones a esos retos. La Iniciativa<a href=\"https:\/\/www.rolex.org\/es\/environment\" target=\"_blank\" rel=\"nofollow noopener\"> Perpetual Planet, <\/a>de Rolex, se ha asociado con CNN para crear conciencia y educaci\u00f3n sobre los asuntos de sostenibilidad claves y para inspirar acciones positivas.\n<\/p>\n<p>      CNN<br \/>\n        \u00a0\u2014\u00a0<\/p>\n<p class=\"paragraph inline-placeholder vossi-paragraph\" data-uri=\"es.cms.cnn.com\/_components\/paragraph\/instances\/cmla0yp51001s26p535ct05tj@published\" data-editable=\"text\" data-component-name=\"paragraph\" data-article-gutter=\"true\">\n            Una imagen psicod\u00e9lica de un coral, un enjambre de ef\u00edmeras y una ara\u00f1a muy hambrienta figuran entre las fotograf\u00edas ganadoras del premio Close-up Photographer of the Year.\n    <\/p>\n<p class=\"paragraph inline-placeholder vossi-paragraph\" data-uri=\"es.cms.cnn.com\/_components\/paragraph\/instances\/cmla1bulp000c3j6qar9uq08o@published\" data-editable=\"text\" data-component-name=\"paragraph\" data-article-gutter=\"true\">\n            El premio, en su s\u00e9ptima edici\u00f3n, recibi\u00f3 m\u00e1s de 12.000 im\u00e1genes procedentes de 63 pa\u00edses, evaluadas por fot\u00f3grafos, naturalistas y editores, de acuerdo con un comunicado de prensa.\n    <\/p>\n<p class=\"paragraph inline-placeholder vossi-paragraph\" data-uri=\"es.cms.cnn.com\/_components\/paragraph\/instances\/cmla1bulp000d3j6q5uo3pugt@published\" data-editable=\"text\" data-component-name=\"paragraph\" data-article-gutter=\"true\">\n            Las obras concursaron en 11 categor\u00edas, entre las que se incluyen animales, insectos, mariposas y lib\u00e9lulas, ar\u00e1cnidos, retratos de invertebrados, submarino, plantas, hongos y mohos mucilaginosos.\n    <\/p>\n<p class=\"paragraph inline-placeholder vossi-paragraph\" data-uri=\"es.cms.cnn.com\/_components\/paragraph\/instances\/cmla1bulp000e3j6qvelc5rco@published\" data-editable=\"text\" data-component-name=\"paragraph\" data-article-gutter=\"true\">\n            La ganadora absoluta, titulada \u201cFractal Forest\u201d, es una fotograf\u00eda submarina de un coral blando con forma de coliflor tomada por Ross Gudgeon en el estrecho de Lembeh, Indonesia, le vali\u00f3 al fot\u00f3grafo australiano el primer premio de 2.500 libras esterlinas (unos US$ 3.420).\n    <\/p>\n<p class=\"paragraph inline-placeholder vossi-paragraph\" data-uri=\"es.cms.cnn.com\/_components\/paragraph\/instances\/cmla1bulp000f3j6qyms1epua@published\" data-editable=\"text\" data-component-name=\"paragraph\" data-article-gutter=\"true\">\n            Gudgeon explic\u00f3 que el coral recibe su nombre por sus \u201cnumerosos p\u00f3lipos peque\u00f1os, redondeados y con forma de protuberancia que le dan una textura esponjosa\u201d. Detall\u00f3 que introdujo con cuidado un lente macro gran angular a trav\u00e9s de las ramas del coral para fotografiar la especie desde dentro.\n    <\/p>\n<p class=\"paragraph inline-placeholder vossi-paragraph\" data-uri=\"es.cms.cnn.com\/_components\/paragraph\/instances\/cmla1bulp000g3j6qsfcjwyye@published\" data-editable=\"text\" data-component-name=\"paragraph\" data-article-gutter=\"true\">\n            El estrecho es un punto de inter\u00e9s para el buceo y la biodiversidad que separa la peque\u00f1a isla de Lembeh y la provincia de Sulawesi Septentrional. Es uno de los lugares favoritos de los fot\u00f3grafos submarinos macro que buscan criaturas extra\u00f1as y maravillosas, pero se encuentra cerca de un gran puerto moderno.\n    <\/p>\n<p>       <img decoding=\"async\" src=\"https:\/\/www.europesays.com\/es\/wp-content\/uploads\/2026\/02\/30e71ecb-5c95-458d-9d60-c70dff6fab3e.jpg\" alt=\"La ganadora de la categor\u00eda Insectos fue una imagen de un enjambre de ef\u00edmeras sobre el r\u00edo Danubio en Hungr\u00eda, tomada durante el verano de 2024 por el fot\u00f3grafo Imre Poty\u00f3.\" class=\"image__dam-img image__dam-img--loading\" onload=\"this.classList.remove('image__dam-img--loading')\" onerror=\"imageLoadError(this)\" height=\"605\" width=\"860\" loading=\"lazy\"\/><\/p>\n<p class=\"paragraph inline-placeholder vossi-paragraph\" data-uri=\"es.cms.cnn.com\/_components\/paragraph\/instances\/cmla1bulp000h3j6qkj7u9y8r@published\" data-editable=\"text\" data-component-name=\"paragraph\" data-article-gutter=\"true\">\n            Algunas fotograf\u00edas contrastan el mundo natural y el impacto de la humanidad.\n    <\/p>\n<p class=\"paragraph inline-placeholder vossi-paragraph\" data-uri=\"es.cms.cnn.com\/_components\/paragraph\/instances\/cmla1bulp000i3j6qjc6gasl7@published\" data-editable=\"text\" data-component-name=\"paragraph\" data-article-gutter=\"true\">\n            La fotograf\u00eda ganadora en la categor\u00eda de insectos, titulada \u201cBlue Army\u201d, capt\u00f3 una compleja escena ambiental en la ciudad de Szentendre, en Hungr\u00eda.\n    <\/p>\n<p class=\"paragraph inline-placeholder vossi-paragraph\" data-uri=\"es.cms.cnn.com\/_components\/paragraph\/instances\/cmla1bulp000j3j6qevg1m3at@published\" data-editable=\"text\" data-component-name=\"paragraph\" data-article-gutter=\"true\">\n            \u201cDespu\u00e9s de algunas d\u00e9cadas, la espectacular y amenazada ef\u00edmera del Danubio ha regresado al r\u00edo Danubio, probablemente debido a la mejora de la calidad del agua, tras haber desaparecido de los r\u00edos de Europa Central a causa de la contaminaci\u00f3n\u201d, explic\u00f3 el fot\u00f3grafo Imre Poty\u00f3 en el pie de foto de su obra.\n    <\/p>\n<p class=\"paragraph inline-placeholder vossi-paragraph\" data-uri=\"es.cms.cnn.com\/_components\/paragraph\/instances\/cmla1bulp000k3j6qi3n3gmbo@published\" data-editable=\"text\" data-component-name=\"paragraph\" data-article-gutter=\"true\">\n            La fotograf\u00eda fue tomada en el verano de 2024 desde el interior del r\u00edo, y Poty\u00f3 afirm\u00f3 que las personas que se encontraban junto al r\u00edo quedaron \u201cabrumadas\u201d por \u201cmillones\u201d de ef\u00edmeras durante un periodo de calor y sequ\u00eda.\n    <\/p>\n<p class=\"paragraph inline-placeholder vossi-paragraph\" data-uri=\"es.cms.cnn.com\/_components\/paragraph\/instances\/cmla1bulp000l3j6q76sc95mk@published\" data-editable=\"text\" data-component-name=\"paragraph\" data-article-gutter=\"true\">\n            \u201cLas luces atraen a las ef\u00edmeras\u201d, explic\u00f3. \u201cDurante el festival de finales de agosto, densas nubes de estos insectos envolvieron restaurantes, puestos, bares de vino y conciertos, convirti\u00e9ndose en un espect\u00e1culo imperdible y alarmante.\n    <\/p>\n<p class=\"paragraph inline-placeholder vossi-paragraph\" data-uri=\"es.cms.cnn.com\/_components\/paragraph\/instances\/cmla1bulp000m3j6qdbf5xbnn@published\" data-editable=\"text\" data-component-name=\"paragraph\" data-article-gutter=\"true\">\n            \u201cLas ef\u00edmeras giraban alrededor de las luces durante mucho tiempo, incapaces de liberarse, y tristemente mor\u00edan sobre el asfalto\u201d.\n    <\/p>\n<p>       <img decoding=\"async\" src=\"https:\/\/www.europesays.com\/es\/wp-content\/uploads\/2026\/02\/8fe6654c-2c99-46be-a019-079315fc894b-1.jpg\" alt=\"El fot\u00f3grafo estadounidense Jameson Hawkins-Kimmel, de catorce a\u00f1os, obtuvo el tercer puesto en la categor\u00eda Joven por su imagen \" emerald=\"\" glow=\"\" esmeralda=\"\" de=\"\" una=\"\" rana=\"\" arb=\"\" cubana=\"\" en=\"\" el=\"\" jard=\"\" trasero=\"\" su=\"\" casa=\"\" florida.=\"\" class=\"image__dam-img image__dam-img--loading\" onload=\"this.classList.remove('image__dam-img--loading')\" onerror=\"imageLoadError(this)\" height=\"574\" width=\"860\" loading=\"lazy\"\/><\/p>\n<p class=\"paragraph inline-placeholder vossi-paragraph\" data-uri=\"es.cms.cnn.com\/_components\/paragraph\/instances\/cmla1bulp000n3j6q1yfdph24@published\" data-editable=\"text\" data-component-name=\"paragraph\" data-article-gutter=\"true\">\n            Por otra parte, Pedro Luna capt\u00f3 a la polilla del boj, originaria de Asia pero considerada una especie invasora en Catalu\u00f1a, Espa\u00f1a, donde fue fotografiada. Una rana arb\u00f3rea cubana, retratada por el finalista de la categor\u00eda Joven Fot\u00f3grafo Jameson Hawkins-Kimmel en el patio trasero de su casa en Florida, tambi\u00e9n es considerada invasora en ese estado.\n    <\/p>\n<p class=\"paragraph inline-placeholder vossi-paragraph\" data-uri=\"es.cms.cnn.com\/_components\/paragraph\/instances\/cmla1bulp000o3j6qtzr6b7pv@published\" data-editable=\"text\" data-component-name=\"paragraph\" data-article-gutter=\"true\">\n            Sin embargo, la mayor\u00eda de los fot\u00f3grafos optaron por un enfoque cerrado en sus sujetos, tanto peque\u00f1os como grandes.\n    <\/p>\n<p class=\"paragraph inline-placeholder vossi-paragraph\" data-uri=\"es.cms.cnn.com\/_components\/paragraph\/instances\/cmla1bulp000p3j6q61o66au1@published\" data-editable=\"text\" data-component-name=\"paragraph\" data-article-gutter=\"true\">\n            \u201cEsta ha sido la competencia m\u00e1s dura hasta ahora\u201d, afirm\u00f3 Tracy Calder, cofundadora del certamen, en un comunicado.\n    <\/p>\n<p class=\"paragraph inline-placeholder vossi-paragraph\" data-uri=\"es.cms.cnn.com\/_components\/paragraph\/instances\/cmla1bulp000q3j6qm1utcf1r@published\" data-editable=\"text\" data-component-name=\"paragraph\" data-article-gutter=\"true\">\n            Sobre la imagen ganadora de Gudgeon, Calder se\u00f1al\u00f3 que \u201cencarna todo lo que la fotograf\u00eda de primer plano puede lograr: nos muestra una perspectiva que nunca hab\u00edamos visto y revela una belleza oculta en un sujeto familiar. Los jueces quedaron cautivados\u201d.\n    <\/p>\n","protected":false},"excerpt":{"rendered":"Nota del editor: Llamado a la Tierra es una serie editorial de CNN comprometida con reportar los desaf\u00edos&hellip;\n","protected":false},"author":2,"featured_media":382030,"comment_status":"","ping_status":"","sticky":false,"template":"","format":"standard","meta":{"footnotes":""},"categories":[173],"tags":[229,233,231,230,10622,57575,232,234,146,147,25,24,8420,150,83680,1409,23],"class_list":["post-382029","post","type-post","status-publish","format-standard","has-post-thumbnail","category-arte-y-diseno","tag-arte","tag-arte-y-diseno","tag-arts","tag-arts-and-design","tag-close-up","tag-coral","tag-design","tag-diseno","tag-entertainment","tag-entretenimiento","tag-es","tag-espana","tag-fotografias","tag-instanoticias","tag-llamado-a-la-tierra","tag-naturaleza","tag-spain"],"share_on_mastodon":{"url":"https:\/\/pubeurope.com\/@es\/116022934602165200","error":""},"_links":{"self":[{"href":"https:\/\/www.europesays.com\/es\/wp-json\/wp\/v2\/posts\/382029","targetHints":{"allow":["GET"]}}],"collection":[{"href":"https:\/\/www.europesays.com\/es\/wp-json\/wp\/v2\/posts"}],"about":[{"href":"https:\/\/www.europesays.com\/es\/wp-json\/wp\/v2\/types\/post"}],"author":[{"embeddable":true,"href":"https:\/\/www.europesays.com\/es\/wp-json\/wp\/v2\/users\/2"}],"replies":[{"embeddable":true,"href":"https:\/\/www.europesays.com\/es\/wp-json\/wp\/v2\/comments?post=382029"}],"version-history":[{"count":0,"href":"https:\/\/www.europesays.com\/es\/wp-json\/wp\/v2\/posts\/382029\/revisions"}],"wp:featuredmedia":[{"embeddable":true,"href":"https:\/\/www.europesays.com\/es\/wp-json\/wp\/v2\/media\/382030"}],"wp:attachment":[{"href":"https:\/\/www.europesays.com\/es\/wp-json\/wp\/v2\/media?parent=382029"}],"wp:term":[{"taxonomy":"category","embeddable":true,"href":"https:\/\/www.europesays.com\/es\/wp-json\/wp\/v2\/categories?post=382029"},{"taxonomy":"post_tag","embeddable":true,"href":"https:\/\/www.europesays.com\/es\/wp-json\/wp\/v2\/tags?post=382029"}],"curies":[{"name":"wp","href":"https:\/\/api.w.org\/{rel}","templated":true}]}}