{"id":382355,"date":"2026-02-06T13:17:09","date_gmt":"2026-02-06T13:17:09","guid":{"rendered":"https:\/\/www.europesays.com\/es\/382355\/"},"modified":"2026-02-06T13:17:09","modified_gmt":"2026-02-06T13:17:09","slug":"el-equipo-de-ayuso-lanza-un-bulo-para-difamar-a-la-mujer-que-ha-denunciado-por-acoso-sexual-a-un-alcalde-del-pp-noticias-de-madrid","status":"publish","type":"post","link":"https:\/\/www.europesays.com\/es\/382355\/","title":{"rendered":"El equipo de Ayuso lanza un bulo para difamar a la mujer que ha denunciado por acoso sexual a un alcalde del PP | Noticias de Madrid"},"content":{"rendered":"<p class=\"\">El equipo de Isabel D\u00edaz Ayuso <a href=\"https:\/\/elpais.com\/espana\/madrid\/2026-02-05\/el-pp-trata-de-tumbar-el-relato-de-la-concejal-con-una-cadena-de-correos-que-sin-embargo-refuerza-el-testimonio-de-la-victima.html\" target=\"_self\" rel=\"nofollow noopener\" title=\"https:\/\/elpais.com\/espana\/madrid\/2026-02-05\/el-pp-trata-de-tumbar-el-relato-de-la-concejal-con-una-cadena-de-correos-que-sin-embargo-refuerza-el-testimonio-de-la-victima.html\">ha difundido un bulo<\/a> sobre la mujer que ha denunciado por acoso sexual a un alcalde del PP. En un mensaje, uno de los asesores de la presidenta de Madrid asegura que la presunta v\u00edctima denunci\u00f3 a\u00f1os atr\u00e1s por este mismo delito al director del colegio en el que trabajaba, en Fuenlabrada. Para respaldar esa informaci\u00f3n, reproducen el encabezado de un juicio oral en un juzgado de Fuenlabrada por un delito leve de coacciones y amenazas en el que ella aparece como denunciante. El abogado de la mujer confirma que este caso nada tiene que ver con un asunto de acoso sexual.<\/p>\n<p class=\"\">En efecto, el proceso judicial, al que ha tenido acceso EL PA\u00cdS, existe y culmin\u00f3 con la condena al director del colegio, pero no tiene nada que ver con un caso de abuso sexual. Seg\u00fan la sentencia, la mujer se present\u00f3 en el despacho de su superior, junto a una compa\u00f1era, para pedirle al director que tomara medidas contra otro profesor y este se neg\u00f3. Era 12 de junio de 2018.<\/p>\n<p class=\"\">\u201cEl denunciado\u201d, se lee en el escrito, \u201cse dirigi\u00f3 a ambas a grandes voces dici\u00e9ndoles que, si se formulaba denuncia contra el referido profesor, abrir\u00eda un expediente disciplinario a los autores de la denuncia. Y, dirigi\u00e9ndose a la denunciante [nombre omitido], le reiter\u00f3 a gritos: \u2018esc\u00fachame bien: si pones por escrito o haces alguna declaraci\u00f3n sobre [nombre omitido], esto te va a costar el cargo y te abro un expediente disciplinario\u2019. Lo anterior gener\u00f3 en la denunciante una profunda sensaci\u00f3n de inquietud y desasosiego\u201d.<\/p>\n<p class=\"\">La sentencia tambi\u00e9n da por acreditado que el director, cuatro d\u00edas despu\u00e9s de ese incidente, le pidi\u00f3 que dimitiera su cargo. Ella se neg\u00f3 y entonces \u00e9l le dijo: \u201cVas a dejarlo porque tienes dos hijos peque\u00f1os\u2026, y es lo mejor para ti&#8230;\u201d. La profesora no acept\u00f3 y fue entonces cuando el director tom\u00f3 la decisi\u00f3n por ella. \u201cEl denunciado llam\u00f3 al jefe de estudios, [nombre omitido], que estaba en un despacho contiguo, y, en su presencia, dijo: \u2018es para comunicar que [nombre omitido] va a dejar su cargo el 3 de septiembre\u2019\u201d. <\/p>\n<p class=\"\">El juzgado conden\u00f3 en primera instancia al director del centro como autor de un delito continuado de coacciones leves recogido en el art\u00edculo 172.3 del C\u00f3digo Penal y le impuso como pena el pago de una multa de 10,50 euros durante 70 d\u00edas. El total era de 1.050 euros. Su abogado present\u00f3 un recurso que fue inadmitido.<\/p>\n<p class=\"\">Con la difusi\u00f3n de datos inexactos, cuando no directamente mentira, los asesores de Ayuso quieren dar a entender que la concejal, que denuncia por acoso laboral y sexual al alcalde de M\u00f3stoles, Manuel Bautista, es una persona conflictiva que con anterioridad hab\u00eda acusado a otro hombre de la misma conducta. El mismo d\u00eda que EL PA\u00cdS dio a conocer <a href=\"https:\/\/elpais.com\/espana\/2026-02-04\/el-pp-de-madrid-presiono-a-una-edil-para-tapar-una-acusacion-de-acoso-contra-el-alcalde-de-mostoles-el-amparo-pasa-por-que-te-quites-de-la-cabeza-cualquier-denuncia.html\" target=\"_self\" rel=\"nofollow noopener\" title=\"https:\/\/elpais.com\/espana\/2026-02-04\/el-pp-de-madrid-presiono-a-una-edil-para-tapar-una-acusacion-de-acoso-contra-el-alcalde-de-mostoles-el-amparo-pasa-por-que-te-quites-de-la-cabeza-cualquier-denuncia.html\">esta historia en exclusiva<\/a>, el equipo de la presidenta tambi\u00e9n difundi\u00f3 una cadena de correos que en teor\u00eda ven\u00eda de demostrar que la v\u00edctima no hab\u00eda verbalizado durante su reuni\u00f3n con los dirigentes del PP de Madrid que se trataba de un caso de acoso sexual. Sin embargo, esa misma informaci\u00f3n desmiente ese argumento, ya que est\u00e1 incluido el propio mensaje distribuido. En el primer env\u00edo de correos del equipo de Ayuso, que rompe la confidencialidad de la denunciante, se ve el nombre de ella. A los minutos, sus asesores dijeron que se hab\u00eda tratado de \u201cun error\u201d.<\/p>\n<p class=\"\">El esc\u00e1ndalo ha sacudido al Gobierno de la presidenta de Madrid. La concejala pidi\u00f3 ser recibida por Ayuso, pero nunca lo hizo. En su lugar escuch\u00f3 las explicaciones del alcalde de M\u00f3stoles. El secretario general del PP de Madrid, Alfonso Serrano, y Ana Mill\u00e1n, n\u00famero tres del PP de Madrid y vicepresidenta de la Asamblea regional, s\u00ed la recibieron y la animaron a no presentar una denuncia en los juzgados. En una transcripci\u00f3n de esa reuni\u00f3n a la que ha tenido acceso EL PA\u00cdS, Mill\u00e1n dice: \u201cEs un acoso de manual\u201d. Tambi\u00e9n queda claro que se incumplieron los protocolos de lucha contra el acoso de la propia Comunidad de Madrid, al no \u201cprestar atenci\u00f3n\u201d y \u201ctramitar\u201d los episodios de acaso. <\/p>\n<p class=\"\">En este caso, la denuncia lleg\u00f3 a la sede del partido en G\u00e9nova, donde el expediente qued\u00f3 archivo definitivamente, por lo que Serrano ha definido como \u201cfalta de pruebas\u201d. Ella nunca fue recibida por el partido, ni ninguno de sus testigos. <a href=\"https:\/\/elpais.com\/espana\/2026-02-06\/la-exconcejala-de-mostoles-denunciara-por-acoso-al-alcalde-manuel-bautista.html\" target=\"_self\" rel=\"nofollow noopener\" title=\"https:\/\/elpais.com\/espana\/2026-02-06\/la-exconcejala-de-mostoles-denunciara-por-acoso-al-alcalde-manuel-bautista.html\">La exconcejala va a llevar la denuncia a los juzgados<\/a>, seg\u00fan ha podido saber este peri\u00f3dico. <\/p>\n","protected":false},"excerpt":{"rendered":"El equipo de Isabel D\u00edaz Ayuso ha difundido un bulo sobre la mujer que ha denunciado por acoso&hellip;\n","protected":false},"author":2,"featured_media":382356,"comment_status":"","ping_status":"","sticky":false,"template":"","format":"standard","meta":{"footnotes":""},"categories":[8],"tags":[46039,10239,4109,17,18,1467,25,24,13,14,11,3515,19,20,205,11388,28616,9,10,15,16,956,18514,1699,23,12,21,22],"class_list":["post-382355","post","type-post","status-publish","format-standard","has-post-thumbnail","category-espana","tag-acoso-laboral","tag-acoso-sexual","tag-alcaldia","tag-breaking-news","tag-breakingnews","tag-comunidad-de-madrid","tag-es","tag-espana","tag-featured-news","tag-featurednews","tag-headlines","tag-isabel-diaz-ayuso","tag-latest-news","tag-latestnews","tag-madrid","tag-mas-madrid","tag-mostoles","tag-news","tag-noticias","tag-noticias-destacadas","tag-noticiasdestacadas","tag-pp","tag-pp-madrid","tag-psoe","tag-spain","tag-titulares","tag-ultimas-noticias","tag-ultimasnoticias"],"share_on_mastodon":{"url":"https:\/\/pubeurope.com\/@es\/116023882243003203","error":""},"_links":{"self":[{"href":"https:\/\/www.europesays.com\/es\/wp-json\/wp\/v2\/posts\/382355","targetHints":{"allow":["GET"]}}],"collection":[{"href":"https:\/\/www.europesays.com\/es\/wp-json\/wp\/v2\/posts"}],"about":[{"href":"https:\/\/www.europesays.com\/es\/wp-json\/wp\/v2\/types\/post"}],"author":[{"embeddable":true,"href":"https:\/\/www.europesays.com\/es\/wp-json\/wp\/v2\/users\/2"}],"replies":[{"embeddable":true,"href":"https:\/\/www.europesays.com\/es\/wp-json\/wp\/v2\/comments?post=382355"}],"version-history":[{"count":0,"href":"https:\/\/www.europesays.com\/es\/wp-json\/wp\/v2\/posts\/382355\/revisions"}],"wp:featuredmedia":[{"embeddable":true,"href":"https:\/\/www.europesays.com\/es\/wp-json\/wp\/v2\/media\/382356"}],"wp:attachment":[{"href":"https:\/\/www.europesays.com\/es\/wp-json\/wp\/v2\/media?parent=382355"}],"wp:term":[{"taxonomy":"category","embeddable":true,"href":"https:\/\/www.europesays.com\/es\/wp-json\/wp\/v2\/categories?post=382355"},{"taxonomy":"post_tag","embeddable":true,"href":"https:\/\/www.europesays.com\/es\/wp-json\/wp\/v2\/tags?post=382355"}],"curies":[{"name":"wp","href":"https:\/\/api.w.org\/{rel}","templated":true}]}}