{"id":382667,"date":"2026-02-06T17:05:07","date_gmt":"2026-02-06T17:05:07","guid":{"rendered":"https:\/\/www.europesays.com\/es\/382667\/"},"modified":"2026-02-06T17:05:07","modified_gmt":"2026-02-06T17:05:07","slug":"gonzalez-bueno-sobre-su-relevo-al-frente-del-banco-sabadell-la-iniciativa-la-tome-yo-economia","status":"publish","type":"post","link":"https:\/\/www.europesays.com\/es\/382667\/","title":{"rendered":"Gonz\u00e1lez-Bueno, sobre su relevo al frente del Banco Sabadell: \u201cLa iniciativa la tom\u00e9 yo\u201d | Econom\u00eda"},"content":{"rendered":"<p class=\"\">El factor sorpresa ha sido determinante para propiciar la salida de <a href=\"https:\/\/elpais.com\/economia\/2026-02-05\/gonzalez-bueno-tenia-un-blindaje-de-hasta-cuatro-millones-de-euros.html\" target=\"_blank\" rel=\"noreferrer nofollow noopener\" title=\"https:\/\/elpais.com\/economia\/2026-02-05\/gonzalez-bueno-tenia-un-blindaje-de-hasta-cuatro-millones-de-euros.html\">C\u00e9sar Gonz\u00e1lez-Bueno<\/a> (Madrid, 65 a\u00f1os) de la cabina de mando de Banco Sabadell despu\u00e9s de cinco a\u00f1os pilotando la entidad, y tras un fatigoso \u00faltimo esprint para repeler la opa del BBVA. Este viernes, durante la comparecencia para presentar los resultados de 2025, el a\u00fan consejero delegado ha tenido que contestar largo y tendido sobre las causas que han motivado su adi\u00f3s del banco catal\u00e1n, justo en \u00e9poca de calma tras haber capeado la ofensiva del banco vasco que preside Carlos Torres. Gonz\u00e1lez-Bueno ha se\u00f1alado que suya fue la decisi\u00f3n de dar un paso atr\u00e1s. \u201cLa iniciativa fue m\u00eda\u201d, ha aseverado. Y ha a\u00f1adido que se la comunic\u00f3 a <a href=\"https:\/\/elpais.com\/economia\/2025-06-29\/josep-oliu-y-carlos-torres-el-pulso-de-poder-que-enciende-la-batalla-entre-bancos.html\" target=\"_blank\" rel=\"noreferrer nofollow noopener\" title=\"https:\/\/elpais.com\/economia\/2025-06-29\/josep-oliu-y-carlos-torres-el-pulso-de-poder-que-enciende-la-batalla-entre-bancos.html\">Josep Oliu<\/a>. El presidente del Sabadell, que cumplir\u00e1 77 a\u00f1os en abril, reaccion\u00f3 con \u201csorpresa\u201d y buscaron causar ese mismo impacto: ambos, y de com\u00fan acuerdo, anunciaron el relevo este jueves, en v\u00edsperas de la presentaci\u00f3n de resultados de 2025.<\/p>\n<p class=\"\">\u201cMe pareci\u00f3 que si no era ahora ser\u00eda dentro de un a\u00f1o, y dentro de un a\u00f1o supon\u00eda un l\u00edo. El elemento sorpresa es buen\u00edsimo y ahora no se lo esperaba nadie\u201d, ha revelado el m\u00e1ximo ejecutivo del Sabadell. A corto plazo la entidad no contempla m\u00e1s cambios con fusiones o adquisiciones, pero se divisa una monta\u00f1a rusa de cambios tecnol\u00f3gicos, impulsada por la inteligencia artificial. El nuevo consejero delegado tendr\u00e1 la misi\u00f3n de sacarle partido sin que nada descarrile. <\/p>\n<p class=\"\">Oliu no ha estado presente en el acto que se ha celebrado este viernes en Sant Cugat del Vall\u00e8s (Barcelona), pero Gonz\u00e1lez-Bueno ha asegurado que todo lo que ha ocurrido en las \u00faltimas horas es fruto de un acuerdo \u201camistoso\u201d y hasta \u201ccari\u00f1oso\u201d. \u201cMe voy agradecido, feliz, satisfecho e ilusionado con mi futuro\u201d. M\u00e1s all\u00e1 de revelar que es un hombre con \u201cmuchas aficiones\u201d y de dar por seguro que no se emplear\u00e1 en nada que tenga que ver con el negocio de la banca en Espa\u00f1a, Gonz\u00e1lez-Bueno dice que no sale de un fuego para caer en otras brasas. \u201cNo tengo nada, me voy porque creo que es el momento. Las cosas, si surgen, surgir\u00e1n\u201d, ha dicho. \u201cDe momento voy a seguir absolutamente centrado en mis tareas\u201d, ha dicho Gonz\u00e1lez Bueno, pero su mandato est\u00e1 en tiempo de descuento, porque la incorporaci\u00f3n de <a href=\"https:\/\/elpais.com\/economia\/2026-02-05\/el-sabadell-se-pone-en-manos-de-marc-armengol-un-viejo-conocido-con-ganas-de-pasar-a-la-accion.html\" target=\"_blank\" rel=\"noreferrer nofollow noopener\" title=\"https:\/\/elpais.com\/economia\/2026-02-05\/el-sabadell-se-pone-en-manos-de-marc-armengol-un-viejo-conocido-con-ganas-de-pasar-a-la-accion.html\">Marc Armengol<\/a> (Montcada i Reixac, Barcelona. 49 a\u00f1os) como nuevo consejero delegado se ha fijado para el mes de mayo. <\/p>\n<p class=\"\">Seg\u00fan explica Gonz\u00e1lez-Bueno, el buen rollo que dice tener con Oliu les ha llevado, incluso, a pactar el nombre de su sustituto: \u201cTen\u00edamos claro que Marc era el sucesor\u201d. Marc Armengol viene de comandar TSB, el negocio brit\u00e1nico del Sabadell que fue traspasado al Banco Santander el pasado verano. <\/p>\n<p class=\"\">El actual consejero delegado no ha revelado en qu\u00e9 momento germin\u00f3 la idea de ceder el testigo, ni si las tensiones de la opa fueron un acicate. \u201cDurante la opa no pensamos en otra cosa m\u00e1s que en ganar\u201d, ha dicho. Con su marcha, reivindica que al final se ha visto que toda la artiller\u00eda que us\u00f3 el Sabadell para repeler el ataque del BBVA \u201cno era para guardar el puesto\u201d. Si se va con pena, Gonz\u00e1lez-Bueno lo disimula: \u201cEstoy encantado, feliz, he dado todo lo que ten\u00eda dentro y el banco me tratado con cari\u00f1o. Es un momento fant\u00e1stico\u201d, ha dicho.<\/p>\n","protected":false},"excerpt":{"rendered":"El factor sorpresa ha sido determinante para propiciar la salida de C\u00e9sar Gonz\u00e1lez-Bueno (Madrid, 65 a\u00f1os) de la&hellip;\n","protected":false},"author":2,"featured_media":382668,"comment_status":"","ping_status":"","sticky":false,"template":"","format":"standard","meta":{"footnotes":""},"categories":[80],"tags":[3287,3288,3285,82,10654,6559,95,94,25,24,14873,6558,23],"class_list":["post-382667","post","type-post","status-publish","format-standard","has-post-thumbnail","category-economia","tag-banco-sabadell","tag-bancos","tag-bbva","tag-business","tag-carlos-torres-vila","tag-cesar-gonzalez-bueno","tag-economia","tag-economy","tag-es","tag-espana","tag-josep-oliu","tag-opa-hostil","tag-spain"],"share_on_mastodon":{"url":"","error":""},"_links":{"self":[{"href":"https:\/\/www.europesays.com\/es\/wp-json\/wp\/v2\/posts\/382667","targetHints":{"allow":["GET"]}}],"collection":[{"href":"https:\/\/www.europesays.com\/es\/wp-json\/wp\/v2\/posts"}],"about":[{"href":"https:\/\/www.europesays.com\/es\/wp-json\/wp\/v2\/types\/post"}],"author":[{"embeddable":true,"href":"https:\/\/www.europesays.com\/es\/wp-json\/wp\/v2\/users\/2"}],"replies":[{"embeddable":true,"href":"https:\/\/www.europesays.com\/es\/wp-json\/wp\/v2\/comments?post=382667"}],"version-history":[{"count":0,"href":"https:\/\/www.europesays.com\/es\/wp-json\/wp\/v2\/posts\/382667\/revisions"}],"wp:featuredmedia":[{"embeddable":true,"href":"https:\/\/www.europesays.com\/es\/wp-json\/wp\/v2\/media\/382668"}],"wp:attachment":[{"href":"https:\/\/www.europesays.com\/es\/wp-json\/wp\/v2\/media?parent=382667"}],"wp:term":[{"taxonomy":"category","embeddable":true,"href":"https:\/\/www.europesays.com\/es\/wp-json\/wp\/v2\/categories?post=382667"},{"taxonomy":"post_tag","embeddable":true,"href":"https:\/\/www.europesays.com\/es\/wp-json\/wp\/v2\/tags?post=382667"}],"curies":[{"name":"wp","href":"https:\/\/api.w.org\/{rel}","templated":true}]}}