{"id":38275,"date":"2025-08-10T13:56:13","date_gmt":"2025-08-10T13:56:13","guid":{"rendered":"https:\/\/www.europesays.com\/es\/38275\/"},"modified":"2025-08-10T13:56:13","modified_gmt":"2025-08-10T13:56:13","slug":"un-drama-basado-en-una-historia-real-que-hay-que-ver-si-o-si","status":"publish","type":"post","link":"https:\/\/www.europesays.com\/es\/38275\/","title":{"rendered":"un drama basado en una historia real que hay que ver s\u00ed o s\u00ed"},"content":{"rendered":"<p><img decoding=\"async\" class=\"voc-author__img\" src=\"https:\/\/www.europesays.com\/es\/wp-content\/uploads\/2025\/08\/autor-7048-foto-2.png\" alt=\"Patricia Marcos\"\/><\/p>\n<p>10\/08\/2025<br \/>\n<br \/><strong><br \/>\nActualizado a las 14:07h.<br \/>\n<\/strong><\/p>\n<p class=\"voc-p\" style=\"\">Las plataformas de streaming se han convertido en un nuevo escaparate para las producciones cinematogr\u00e1ficas. De esta forma, tras su estreno en cines, muchas pel\u00edculas tienen una segunda oportunidad en ventanas como <a href=\"https:\/\/www.abc.es\/play\/series\/netflix-confirma-tercera-temporada-miercoles-estreno-segunda-20250806110337-nt.html\" title=\"www.abc.es\" data-voc-vtm-id=\"in-text-traffic\" data-mrf-link=\"www.abc.es\" rel=\"nofollow noopener\" target=\"_blank\">Netflix,<\/a><strong> Movistar Plus+, Prime Video o Filmin<\/strong>.<\/p>\n<p class=\"voc-p\" style=\"\">El viernes 1 de agosto, <strong>Movistar Plus+ y Filmin <\/strong>estrenaron una pel\u00edcula que lleg\u00f3 a los cines en abril de este a\u00f1o y fue respaldada por la cr\u00edtica cinematogr\u00e1fica. La cinta, protagonizada por <strong>Mario Casas,<\/strong> se ha convertido en un \u00e9xito, coloc\u00e1ndose entre lo m\u00e1s visto de las plataformas.<\/p>\n<p class=\"voc-p\" style=\"\">La pel\u00edcula est\u00e1 dirigida por <strong>Gerard Oms<\/strong>, quien debuta como director de cine con un proyecto muy personal. Hablamos de <strong>&#8216;Muy lejos&#8217;<\/strong> (&#8216;Mult Lluny&#8217; en catal\u00e1n), una cinta que aborda temas como la inmigraci\u00f3n, el racismo o la sexualidad.<\/p>\n<p class=\"voc-p\" style=\"\">&#8216;Muy lejos&#8217; narra la historia de Sergio (Mario Casas), un joven que viaja a <strong>Utrecht <\/strong>con su familia para asistir a un partido de f\u00fatbol. Sin embargo, un episodio de <strong>ataque de ansiedad <\/strong>antes de coger el vuelo de vuelta a Barcelona hace que decida quedarse en Holanda. <\/p>\n<p class=\"voc-p\" style=\"\">Incapaz de dar una explicaci\u00f3n coherente a su familia, Sergio <strong>corta el contacto con su pasado<\/strong>. A partir de ese momento, tendr\u00e1 que sobrevivir en Holanda sin apenas dinero, sin hogar, sin amigos y sin conocer el idioma. Un viaje de reinvenci\u00f3n, en el que el joven deber\u00e1 hallar qui\u00e9n es realmente.<\/p>\n<p>\nBasada en la historia real de su director\n<\/p>\n<p class=\"voc-p\" style=\"\">La pel\u00edcula de<strong> Gerard Oms <\/strong>est\u00e1 basada en una historia muy personal. Y es que el cineasta emigr\u00f3 a Holanda durante la crisis econ\u00f3mica de 2008 buscando encontrarse a s\u00ed mismo. \u00abEn aquel entonces estaba sufriendo y buscaba una respuesta. No entend\u00eda por qu\u00e9 no era capaz de <strong>aceptar mi identidad sexual<\/strong>\u00bb, cont\u00f3 el director en &#8216;Las ma\u00f1anas de RNE&#8217;.<\/p>\n<p class=\"voc-p\" style=\"\">\u00abEl ataque que vive Sergio en el aeropuerto es ficcionado. Es la \u00fanica parte inventada. Todo lo dem\u00e1s, todo lo que pasa despu\u00e9s, est\u00e1 basado en mi experiencia.<strong> Ese viaje es real<\/strong>\u00bb, cont\u00f3 Oms, quien se\u00f1al\u00f3 que la pel\u00edcula nace con una pregunta: \u00ab\u00bfPor qu\u00e9 un chico, nacido en una familia progresista de clase trabajadora en la Espa\u00f1a de los 80, que creci\u00f3 en los 90, no era capaz de aceptarse en su identidad sexual?\u00bb.<\/p>\n<p><img decoding=\"async\" loading=\"lazy\" src=\"https:\/\/www.europesays.com\/es\/wp-content\/uploads\/2025\/08\/muy-lejos-kkTD--760x427@diario_abc.jpg\" class=\"voc-img\" width=\"760\" height=\"427\" alt=\"Mario Casas y David Verdaguer\" data-voc-vtm-id=\"in-text-traffic\"\/><\/p>\n<p>Mario Casas y David Verdaguer<\/p>\n<p>ABC<\/p>\n<p class=\"voc-p\" style=\"\"> \u00ab&#8217;Muy lejos&#8217; no tiene la voluntad de explicar algo, sino que es una pel\u00edcula que pretende <strong>acompa\u00f1ar a alguien que est\u00e1 dudando y sufriendo<\/strong>\u00bb, apunt\u00f3.<\/p>\n<p class=\"voc-p\" style=\"\">Mario Casas protagoniza de forma magistral esta pel\u00edcula en el papel de Sergio. Tambi\u00e9n forman parte del reparto <strong>David Verdaguer, Ilyass El Ouahdani, Ra\u00fal Prieto, <\/strong>Nausicaa Bonn\u00edn y Daniel Medr\u00e1n, entre otros.<\/p>\n<p>\nBuena acogida entre la cr\u00edtica\n<\/p>\n<p class=\"voc-p\" style=\"\">&#8216;Muy lejos&#8217; lleg\u00f3 a los cines el <strong>pasado 11 de abril<\/strong>, aunque comenz\u00f3 a gestarse hace 6 a\u00f1os, en plena pandemia. \u00abNos hicimos amigos rodando<strong> &#8216;No matar\u00e1s&#8217;<\/strong>. \u00c9l era acting coach de Milena Smith y, cuando lo vi trabajar, enseguida percib\u00ed su talento, tanto para entrenar como para dirigir\u00bb, cont\u00f3 Mario Casas en &#8216;Las ma\u00f1anas de RNE&#8217;.<\/p>\n<p><img decoding=\"async\" loading=\"lazy\" src=\"https:\/\/www.europesays.com\/es\/wp-content\/uploads\/2025\/08\/mario-casas-lejos-kkTD--760x427@diario_abc.jpg\" class=\"voc-img\" width=\"760\" height=\"427\" alt=\"Mario Casas en 'Muy lejos'\" data-voc-vtm-id=\"in-text-traffic\"\/><\/p>\n<p>Mario Casas en &#8216;Muy lejos&#8217;<\/p>\n<p>ABC<\/p>\n<p class=\"voc-p\" style=\"\">La recepci\u00f3n por parte de la cr\u00edtica fue muy positiva. &#8216;Muy lejos&#8217; se present\u00f3 en la Secci\u00f3n Oficial del <strong>Festival de M\u00e1laga <\/strong>este a\u00f1o, donde Mario Casas obtuvo la <strong>Biznaga de Plata <\/strong>a mejor interpretaci\u00f3n masculina, mientras que Oms se hizo con el Premio Especial del Jurado de la Cr\u00edtica.<\/p>\n<p class=\"voc-p\" style=\"\">Considerado por muchos cr\u00edticos como el mejor trabajo de Mario Casas hasta la fecha, &#8216;Muy lejos&#8217; se ha hecho ahora con el favor de un p\u00fablico m\u00e1s amplio desde su estreno, el 1 de agosto, en <strong>Movistar Plus+ y Filmin<\/strong>. En ambas plataformas, la pel\u00edcula ha tenido una buena acogida, coloc\u00e1ndose entre lo m\u00e1s visto.<\/p>\n<p>Reportar un error<\/p>\n","protected":false},"excerpt":{"rendered":"10\/08\/2025 Actualizado a las 14:07h. Las plataformas de streaming se han convertido en un nuevo escaparate para las&hellip;\n","protected":false},"author":2,"featured_media":38276,"comment_status":"","ping_status":"","sticky":false,"template":"","format":"standard","meta":{"footnotes":""},"categories":[169],"tags":[18854,3738,177,146,147,25,24,176,656,175,1257,810,23],"class_list":{"0":"post-38275","1":"post","2":"type-post","3":"status-publish","4":"format-standard","5":"has-post-thumbnail","7":"category-cine","8":"tag-arrasando","9":"tag-casas","10":"tag-cine","11":"tag-entertainment","12":"tag-entretenimiento","13":"tag-es","14":"tag-espana","15":"tag-film","16":"tag-mario","17":"tag-movies","18":"tag-pelicula","19":"tag-plataformas","20":"tag-spain"},"share_on_mastodon":{"url":"","error":""},"_links":{"self":[{"href":"https:\/\/www.europesays.com\/es\/wp-json\/wp\/v2\/posts\/38275","targetHints":{"allow":["GET"]}}],"collection":[{"href":"https:\/\/www.europesays.com\/es\/wp-json\/wp\/v2\/posts"}],"about":[{"href":"https:\/\/www.europesays.com\/es\/wp-json\/wp\/v2\/types\/post"}],"author":[{"embeddable":true,"href":"https:\/\/www.europesays.com\/es\/wp-json\/wp\/v2\/users\/2"}],"replies":[{"embeddable":true,"href":"https:\/\/www.europesays.com\/es\/wp-json\/wp\/v2\/comments?post=38275"}],"version-history":[{"count":0,"href":"https:\/\/www.europesays.com\/es\/wp-json\/wp\/v2\/posts\/38275\/revisions"}],"wp:featuredmedia":[{"embeddable":true,"href":"https:\/\/www.europesays.com\/es\/wp-json\/wp\/v2\/media\/38276"}],"wp:attachment":[{"href":"https:\/\/www.europesays.com\/es\/wp-json\/wp\/v2\/media?parent=38275"}],"wp:term":[{"taxonomy":"category","embeddable":true,"href":"https:\/\/www.europesays.com\/es\/wp-json\/wp\/v2\/categories?post=38275"},{"taxonomy":"post_tag","embeddable":true,"href":"https:\/\/www.europesays.com\/es\/wp-json\/wp\/v2\/tags?post=38275"}],"curies":[{"name":"wp","href":"https:\/\/api.w.org\/{rel}","templated":true}]}}