{"id":38292,"date":"2025-08-10T14:06:09","date_gmt":"2025-08-10T14:06:09","guid":{"rendered":"https:\/\/www.europesays.com\/es\/38292\/"},"modified":"2025-08-10T14:06:09","modified_gmt":"2025-08-10T14:06:09","slug":"el-portugues-tomas-bastos-gana-el-circuito-de-novilladas-de-extremadura-2","status":"publish","type":"post","link":"https:\/\/www.europesays.com\/es\/38292\/","title":{"rendered":"El portugu\u00e9s Tom\u00e1s Bastos gana el Circuito de Novilladas de Extremadura"},"content":{"rendered":"<p class=\"v-mdl-ath__p v-mdl-ath__p--2\">\nJuan Ram\u00f3n Negro Gal\u00e1nj\n<\/p>\n<p class=\"v-mdl-ath__p v-mdl-ath__p--6\">\nDomingo, 10 de agosto 2025, 13:07<\/p>\n<p class=\"v-p\">El portugu\u00e9s <strong>Tom\u00e1s Bastos<\/strong> ha ganado el<strong> III Circuito de Novilladas de Extremadura<\/strong>. La gran final tuvo lugar este pasado s\u00e1bado en la localidad cacere\u00f1a de Alc\u00e1ntara.<\/p>\n<p class=\"v-p\">El consejero de Presidencia, Interior y Di\u00e1logo Social, <strong>Abel Bautista<\/strong>, y el ganadero <strong>Victorino Mart\u00edn<\/strong> han sido los encargados de hacer entrega al novillero luso del trofeo por su <strong>\u00abdestacada actuaci\u00f3n\u00bb<\/strong> en el circuito, seg\u00fan ha rese\u00f1ado la Junta de Extremadura en nota de prensa.<\/p>\n<p class=\"v-p\">Este evento est\u00e1 impulsado por la <strong>Fundaci\u00f3n Toro de Lidia<\/strong>, en colaboraci\u00f3n con la <strong>Junta de Extremadura<\/strong> y las <strong>Diputaciones de Badajoz y C\u00e1ceres<\/strong>, para apoyar y reconocer el talento de las j\u00f3venes promesas del toreo en la regi\u00f3n.<\/p>\n<p>150.000 euros<\/p>\n<p class=\"v-p\">Durante su intervenci\u00f3n, el consejero ha indicado que la tauromaquia aporta a la regi\u00f3n una \u00abimportante <strong>vertebraci\u00f3n en el territorio<\/strong>, la tauromaquia da vida a nuestros pueblos y ciudades por donde pasa este circuito de novilladas\u00ab\u00bb, al tiempo que ha resaltado que desde el Ejecutivo regional seguir\u00e1n apostando por ella con una <strong>inversi\u00f3n de 150.000 euros<\/strong>.<\/p>\n<p class=\"v-p\">En este sentido, Bautista ha recordado que en Extremadura pastan alrededor de 120 ganader\u00edas de reses bravas, que generan aproximadamente 30 millones de euros y m\u00e1s de 1.000 puestos de trabajo.<\/p>\n<p class=\"v-p\">Del mismo modo, el consejero tambi\u00e9n ha se\u00f1alado que en 2025 se prev\u00e9 la celebraci\u00f3n de <strong>700 festejos taurinos<\/strong> en la regi\u00f3n, lo que, ha considerado, \u00abconfirma que la tauromaquia goza de buena salud\u00bb.<\/p>\n<p>Comenta<\/p>\n<p>Reporta un error<\/p>\n","protected":false},"excerpt":{"rendered":"Juan Ram\u00f3n Negro Gal\u00e1nj Domingo, 10 de agosto 2025, 13:07 El portugu\u00e9s Tom\u00e1s Bastos ha ganado el III&hellip;\n","protected":false},"author":2,"featured_media":38293,"comment_status":"","ping_status":"","sticky":false,"template":"","format":"standard","meta":{"footnotes":""},"categories":[277],"tags":[15693,373,3201,168,25,24,7234,4355,13510,18858,23,167,3080,374],"class_list":{"0":"post-38292","1":"post","2":"type-post","3":"status-publish","4":"format-standard","5":"has-post-thumbnail","7":"category-toreo","8":"tag-bastos","9":"tag-bullfighting","10":"tag-circuito","11":"tag-deportes","12":"tag-es","13":"tag-espana","14":"tag-extremadura","15":"tag-gana","16":"tag-novilladas","17":"tag-portugues","18":"tag-spain","19":"tag-sports","20":"tag-tomas","21":"tag-toreo"},"share_on_mastodon":{"url":"","error":""},"_links":{"self":[{"href":"https:\/\/www.europesays.com\/es\/wp-json\/wp\/v2\/posts\/38292","targetHints":{"allow":["GET"]}}],"collection":[{"href":"https:\/\/www.europesays.com\/es\/wp-json\/wp\/v2\/posts"}],"about":[{"href":"https:\/\/www.europesays.com\/es\/wp-json\/wp\/v2\/types\/post"}],"author":[{"embeddable":true,"href":"https:\/\/www.europesays.com\/es\/wp-json\/wp\/v2\/users\/2"}],"replies":[{"embeddable":true,"href":"https:\/\/www.europesays.com\/es\/wp-json\/wp\/v2\/comments?post=38292"}],"version-history":[{"count":0,"href":"https:\/\/www.europesays.com\/es\/wp-json\/wp\/v2\/posts\/38292\/revisions"}],"wp:featuredmedia":[{"embeddable":true,"href":"https:\/\/www.europesays.com\/es\/wp-json\/wp\/v2\/media\/38293"}],"wp:attachment":[{"href":"https:\/\/www.europesays.com\/es\/wp-json\/wp\/v2\/media?parent=38292"}],"wp:term":[{"taxonomy":"category","embeddable":true,"href":"https:\/\/www.europesays.com\/es\/wp-json\/wp\/v2\/categories?post=38292"},{"taxonomy":"post_tag","embeddable":true,"href":"https:\/\/www.europesays.com\/es\/wp-json\/wp\/v2\/tags?post=38292"}],"curies":[{"name":"wp","href":"https:\/\/api.w.org\/{rel}","templated":true}]}}