{"id":382989,"date":"2026-02-06T21:09:37","date_gmt":"2026-02-06T21:09:37","guid":{"rendered":"https:\/\/www.europesays.com\/es\/382989\/"},"modified":"2026-02-06T21:09:37","modified_gmt":"2026-02-06T21:09:37","slug":"nuestra-pareja-hijos-familia-y-amigos-tambien-salvan-vidas","status":"publish","type":"post","link":"https:\/\/www.europesays.com\/es\/382989\/","title":{"rendered":"Nuestra pareja, hijos, familia y amigos\u2026 tambi\u00e9n salvan vidas"},"content":{"rendered":"<p id=\"eO6KsqHoMx-\" data-wc=\"131\">El portavoz del PP y vicesecretario de Cultura del PP, <strong>Borja S\u00e9mper,<\/strong> que <a class=\"hm-link ho-link\" href=\"https:\/\/www.hola.com\/actualidad\/20250714844074\/borja-semper-anuncia-que-tiene-cancer\/\" data-mrf-recirculation=\"article-body-link\" rel=\"nofollow noopener\" target=\"_blank\">anunci\u00f3 el pasado mes de julio que padece c\u00e1ncer<\/a>, <strong>ha tomado la palabra en el D\u00eda Mundial Contra el C\u00e1ncer\u00a0<\/strong>para mostrar su agradecimiento no solo a los m\u00e9dicos y a todos los profesionales que atienden a los enfermos, sino tambi\u00e9n a sus familiares y amigos que le han acompa\u00f1ado en este duro proceso. \u00abAdem\u00e1s de recordar que la investigaci\u00f3n y el diagn\u00f3stico precoz salvan vidas, me quiero acordar de todos los profesionales de oncolog\u00eda y <strong>de quienes nos acompa\u00f1an en el duro proceso: nuestra pareja, hijos, familia y amigos\u2026 tambi\u00e9n salvan vidas<\/strong>\u00ab, ha escrito el pol\u00edtico en su perfil de X. Este mensaje lleno de significado llega varios meses despu\u00e9s de haber concluido su tratamiento de quimioterapia.\u00a0<\/p>\n<p> <img src=\"https:\/\/www.europesays.com\/es\/wp-content\/uploads\/2026\/02\/7273e992b736-gettyimages-1974990219.jpg\"   width=\"1024\" height=\"682\" loading=\"lazy\" decoding=\"async\" alt=\"Borja S\u00e9mper en una conferencia de prensa en enero de 2024\" fetchpriority=\"auto\" class=\"image ho-image\"\/>\u00a9 Getty ImagesBorja S\u00e9mper en una conferencia de prensa en enero de 2024<\/p>\n<p> <img src=\"https:\/\/www.europesays.com\/es\/wp-content\/uploads\/2026\/02\/1deb6239cc91-gz1t8raw4aazd2p.jpg\"   width=\"1024\" height=\"683\" loading=\"lazy\" decoding=\"async\" alt=\"Borja S\u00e9mper regresa al trabajo despu\u00e9s de su verano m\u00e1s complicado\" fetchpriority=\"auto\" class=\"image ho-image\"\/>\u00a9 @bsemperBorja S\u00e9mper regresa al trabajo despu\u00e9s de sus meses m\u00e1s complicados<\/p>\n<p id=\"eN1NqDYTGT\" data-wc=\"164\">El mandatario vasco anunci\u00f3 el pasado verano su diagn\u00f3stico y explic\u00f3 que afortunadamente su enfermedad estaba en un estado primigenio y, por lo tanto, la expectativa m\u00e9dica es de curaci\u00f3n. Aunque admiti\u00f3 que los primeros d\u00edas tras conocer la noticia fueron especialmente duros \u2014\u201c<a class=\"hm-link ho-link\" href=\"https:\/\/www.hola.com\/actualidad\/20250815850436\/el-verano-dificil-de-borja-semper-y-barbara-goenaga-en-cadiz-saber-que-cada-momento-de-la-vida-es-un-regalo\/\" rel=\"noopener nofollow\" target=\"_blank\" data-mrf-recirculation=\"article-body-link\">fueron cinco terribles d\u00edas hasta saber la dimensi\u00f3n que ten\u00eda<\/a>\u201d\u2014, hoy se aferra a la esperanza. Despu\u00e9s de cuatro meses de tratamiento, reapareci\u00f3 para dar un mensaje muy optimista para se\u00f1alar que llevaba ya cuatro semanas sin quimioterapia\u00bb. \u00ab<a class=\"hm-link ho-link\" href=\"https:\/\/www.hola.com\/actualidad\/20251208871728\/borja-semper-cancer-quimioterapia-pelo\/\" data-mrf-recirculation=\"article-body-link\" rel=\"nofollow noopener\" target=\"_blank\">Empieza a salir pelo<\/a><strong>\u00a0y poco a poco recupero \u00e1nimo y fuerzas para afrontar lo que queda por delante\u00bb<\/strong>, confesaba en diciembre. \u00a0\u00abDe momento todo va bien\u00bb, se\u00f1alaba con una sonrisa y el pulgar hacia arriba, en se\u00f1al de que la cosa iba por buen camino. Durante todo este duro proceso, la familia ha sido un pilar fundamental para el pol\u00edtico guipuzcoano. <a class=\"hm-link ho-link\" href=\"https:\/\/www.hola.com\/actualidad\/20251113867412\/barbara-goenaga-borja-semper-ultima-hora-cancer\/\" data-mrf-recirculation=\"article-body-link\" rel=\"nofollow noopener\" target=\"_blank\">Su pareja, la actriz B\u00e1rbara Goenaga, y sus hijos<\/a> no se han separado de su lado y son su mejor medicina.\u00a0<\/p>\n<p> <img src=\"https:\/\/www.europesays.com\/es\/wp-content\/uploads\/2026\/02\/dd7d2949dab9-borja.jpg\"   width=\"1024\" height=\"1024\" loading=\"lazy\" decoding=\"async\" alt=\"Borja S\u00e9mper y B\u00e1rbara Goenaga, durante su viaje\" fetchpriority=\"auto\" class=\"image ho-image\"\/>\u00a9 barbaragoenagaBorja S\u00e9mper y B\u00e1rbara Goenaga, durante su viaje<br \/>\n&#8216;Puede tocarle a cualquiera&#8217;<\/p>\n<p id=\"eZ6pAG08mSE\" data-wc=\"230\">Goenaga ha aprovechado tambi\u00e9n el D\u00eda Mundial del C\u00e1ncer <strong>para visibilizar las palabras de Lourdes, una enferma cuyo mundo cambi\u00f3 hace seis a\u00f1os al escuchar su diagn\u00f3stico<\/strong>. \u00abHace seis a\u00f1os escuch\u00e9 unas palabras que marcaron un antes y un despu\u00e9s en mi vida: c\u00e1ncer Hoy, sigue siendo incurable. Cada d\u00eda es un camino lleno de emociones contradictorias: miedo, tristeza, esperanza, momentos de alegr\u00eda, agotamiento, dolor e incertidumbre. . . Ser \u201csuperviviente\u201d puede parecer un t\u00edtulo inspirador, pero la verdad es que no es un trayecto \u00e9pico ni sencillo. Es un proceso real, fr\u00e1gil y profundamente humano\u00bb, expresa en una carta de lo m\u00e1s sincera que ha conmovido a la actriz. \u00abAdem\u00e1s de recordar lo imprescindible, que la investigaci\u00f3n y el diagn\u00f3stico precoz salvan vidas, quiero tambi\u00e9n rendir homenaje a quienes nos sostienen cada d\u00eda. \u00a0Quiero enviar un abrazo sincero a todos: a quienes resisten, a quienes conviven con la enfermedad, a quienes la han superado, a quienes cuidan, a quienes investigan, a quienes acompa\u00f1an, a quienes ya no est\u00e1n. \u00a0El c\u00e1ncer no es una guerra. El c\u00e1ncer no se gana ni se pierde. <strong>No es algo lejano: puede tocarle a cualquiera<\/strong>. Si est\u00e1s leyendo esto y sabes de lo que hablo porque lo sufres t\u00fa, o alguien cercano, te abrazo con toda mi alma\u00bb, se\u00f1ala en un texto, que <strong>B\u00e1rbara Goneaga corrobora l\u00ednea por l\u00ednea con un emotivo \u00abAm\u00e9n, Lourdes\u00bb.\u00a0<\/strong><\/p>\n<p> <img src=\"https:\/\/www.europesays.com\/es\/wp-content\/uploads\/2026\/02\/49e6a396f603-bizitzako-momentu-bakoitza-zorte-bat-dela-jakitea.jpg\"   width=\"1024\" height=\"1024\" loading=\"lazy\" decoding=\"async\" alt=\"Borja S\u00e9mper y B\u00e1rbara Goenaga, en una imagen de sus redes sociales\" fetchpriority=\"auto\" class=\"image ho-image\"\/>\u00a9 barbaragoenagaEste verano, la pareja hizo una escapada a la playa<\/p>\n<p data-wc=\"149\" id=\"ed9Uq2wS1R\">La pareja lleva once a\u00f1os unida y ha forjado <strong>una gran familia con Telmo y Eliot,<\/strong> los dos hijos que tienen en com\u00fan;<strong>\u00a0Pablo,\u00a0<\/strong>fruto del primer matrimonio de S\u00e9mper con Mar\u00eda Azc\u00e1rate; <strong>y Ar\u00e1n,\u00a0<\/strong>hijo de la actriz de su relaci\u00f3n anterior con \u00d3scar Jaenada. \u00a0Goenaga fue clave en el diagn\u00f3stico del pol\u00edtico, ya que su insistencia le llev\u00f3 a realizarse las pruebas m\u00e9dicas que finalmente confirmaron la enfermedad. \u00abMi mujer me insisti\u00f3 para que me hiciera pruebas, y le hice caso, porque yo tengo una tendencia natural a dejar relegadas mis cosas\u00bb, confes\u00f3 en una entrevista en\u00a0Onda Cero. Desde entonces, ella se ha convertido en su br\u00fajula y<a class=\"hm-link ho-link\" href=\"https:\/\/www.hola.com\/actualidad\/20250815850436\/el-verano-dificil-de-borja-semper-y-barbara-goenaga-en-cadiz-saber-que-cada-momento-de-la-vida-es-un-regalo\/\" data-mrf-recirculation=\"article-body-link\" rel=\"nofollow noopener\" target=\"_blank\">\u00a0transitan juntos por este dif\u00edcil trance<\/a>. Pero las noticias que nos trasladan son optimistas, como el mensaje de la int\u00e9rprete donde desvelaba que, a pesar de que estaba siendo algo \u00abdur\u00edsimo\u00bb, por suerte todo iba por buen camino.\u00a0<\/p>\n<p> <img src=\"https:\/\/www.europesays.com\/es\/wp-content\/uploads\/2026\/02\/55b7846761a2-gz1t8q-w4aauaxj.jpg\"   width=\"1024\" height=\"871\" loading=\"lazy\" decoding=\"async\" alt=\"Borja S\u00e9mper regresa al trabajo tras anunciar que tiene c\u00e1ncer\" fetchpriority=\"auto\" class=\"image ho-image\"\/>Borja S\u00e9mper regresa al trabajo tras anunciar que tiene c\u00e1ncer<\/p>\n<p><\/p>\n<p id=\"eOZ9HPGOuG\" data-wc=\"90\">S\u00e9mper, que el pasado mes de enero <a class=\"hm-link ho-link\" href=\"https:\/\/www.hola.com\/actualidad\/20260110877135\/borja-semper-cumple-50-anos-con-una-segunda-oportunidad-el-tiempo-pasa-a-tener-otra-dimension\/\" data-mrf-recirculation=\"article-body-link\" rel=\"nofollow noopener\" target=\"_blank\">cumpli\u00f3 50 a\u00f1os<\/a>, regresa poco a poco a su trabajo en el despacho de G\u00e9nova <strong>animado y con energ\u00edas renovadas.<\/strong> Aunque no ha retomado su agenda diaria, \u00a0el pol\u00edtico asisti\u00f3 a principios de enero a la primera reuni\u00f3n del comit\u00e9 de direcci\u00f3n del PP presidida por Alberto N\u00fa\u00f1ez Feij\u00f3o y sigui\u00f3 desde su despacho el escrutinio de las elecciones de Extremadura. \u00a0Esta <a class=\"hm-link ho-link\" href=\"https:\/\/www.hola.com\/actualidad\/20251222874171\/borja-semper-reaparece-publico-tras-5-meses-de-lucha-contra-el-cancer\/\" data-mrf-recirculation=\"article-body-link\" rel=\"nofollow noopener\" target=\"_blank\">reincorporaci\u00f3n gradual<\/a> marca un nuevo paso en su recuperaci\u00f3n y, aunque est\u00e1 pendiente de una operaci\u00f3n, todo avanza de manera satisfactoria.<\/p>\n","protected":false},"excerpt":{"rendered":"El portavoz del PP y vicesecretario de Cultura del PP, Borja S\u00e9mper, que anunci\u00f3 el pasado mes de&hellip;\n","protected":false},"author":2,"featured_media":382990,"comment_status":"","ping_status":"","sticky":false,"template":"","format":"standard","meta":{"footnotes":""},"categories":[174],"tags":[517,22657,22722,255,146,147,25,24,256,23],"class_list":["post-382989","post","type-post","status-publish","format-standard","has-post-thumbnail","category-famosos","tag-actualidad","tag-barbara-goenaga","tag-borja-semper","tag-celebrities","tag-entertainment","tag-entretenimiento","tag-es","tag-espana","tag-famosos","tag-spain"],"share_on_mastodon":{"url":"https:\/\/pubeurope.com\/@es\/116025738219414786","error":""},"_links":{"self":[{"href":"https:\/\/www.europesays.com\/es\/wp-json\/wp\/v2\/posts\/382989","targetHints":{"allow":["GET"]}}],"collection":[{"href":"https:\/\/www.europesays.com\/es\/wp-json\/wp\/v2\/posts"}],"about":[{"href":"https:\/\/www.europesays.com\/es\/wp-json\/wp\/v2\/types\/post"}],"author":[{"embeddable":true,"href":"https:\/\/www.europesays.com\/es\/wp-json\/wp\/v2\/users\/2"}],"replies":[{"embeddable":true,"href":"https:\/\/www.europesays.com\/es\/wp-json\/wp\/v2\/comments?post=382989"}],"version-history":[{"count":0,"href":"https:\/\/www.europesays.com\/es\/wp-json\/wp\/v2\/posts\/382989\/revisions"}],"wp:featuredmedia":[{"embeddable":true,"href":"https:\/\/www.europesays.com\/es\/wp-json\/wp\/v2\/media\/382990"}],"wp:attachment":[{"href":"https:\/\/www.europesays.com\/es\/wp-json\/wp\/v2\/media?parent=382989"}],"wp:term":[{"taxonomy":"category","embeddable":true,"href":"https:\/\/www.europesays.com\/es\/wp-json\/wp\/v2\/categories?post=382989"},{"taxonomy":"post_tag","embeddable":true,"href":"https:\/\/www.europesays.com\/es\/wp-json\/wp\/v2\/tags?post=382989"}],"curies":[{"name":"wp","href":"https:\/\/api.w.org\/{rel}","templated":true}]}}