{"id":38302,"date":"2025-08-10T14:14:34","date_gmt":"2025-08-10T14:14:34","guid":{"rendered":"https:\/\/www.europesays.com\/es\/38302\/"},"modified":"2025-08-10T14:14:34","modified_gmt":"2025-08-10T14:14:34","slug":"belen-ecija-y-jaime-sanchez-disfrutan-de-una-segunda-luna-de-miel-inolvidable-en-este-paraiso-tropical","status":"publish","type":"post","link":"https:\/\/www.europesays.com\/es\/38302\/","title":{"rendered":"Bel\u00e9n \u00c9cija y Jaime S\u00e1nchez disfrutan de una segunda luna de miel inolvidable en este para\u00edso tropical"},"content":{"rendered":"<p id=\"eKdKqC2iy5x\" data-wc=\"107\"><strong>Bel\u00e9n \u00c9cija, hija de la reconocida actriz Bel\u00e9n Rueda y el productor Daniel \u00c9cija, junto a su marido Jaime S\u00e1nchez, siguen viviendo un viaje que se ha convertido en una aut\u00e9ntica extensi\u00f3n de su luna de miel.\u00a0<\/strong>Despu\u00e9s de darse el \u201cs\u00ed, quiero\u201d el pasado 14 de junio en una emotiva boda celebrada en Menorca, la pareja inici\u00f3 una aventura inolvidable recorriendo Namibia. Ahora, han querido compartir con sus seguidores im\u00e1genes de su nueva etapa en un destino de ensue\u00f1o. <strong>Rodeados de paisajes paradis\u00edacos y planes llenos de romanticismo, disfrutan de las islas Seychelles, donde contin\u00faan la que es la segunda parte de este viaje tan especial.<\/strong><\/p>\n<p> <img src=\"https:\/\/www.europesays.com\/es\/wp-content\/uploads\/2025\/08\/b09c8e4e8caf-belen-18.jpg\"   width=\"819\" height=\"1024\" loading=\"lazy\" decoding=\"async\" alt=\"Media Image\" fetchpriority=\"auto\" class=\"image ho-image\"\/>\u00a9 belenecijar<\/p>\n<p> <img src=\"https:\/\/www.europesays.com\/es\/wp-content\/uploads\/2025\/08\/d391f705825a-belen-4.jpg\"   width=\"820\" height=\"1024\" loading=\"lazy\" decoding=\"async\" alt=\"Media Image\" fetchpriority=\"auto\" class=\"image ho-image\"\/>\u00a9 belenecijar<\/p>\n<p> <img src=\"https:\/\/www.europesays.com\/es\/wp-content\/uploads\/2025\/08\/023f9cf7f875-belen-9.jpg\"   width=\"819\" height=\"1024\" loading=\"lazy\" decoding=\"async\" alt=\"Media Image\" fetchpriority=\"auto\" class=\"image ho-image\"\/>\u00a9 belenecijar<\/p>\n<p> <img src=\"https:\/\/www.europesays.com\/es\/wp-content\/uploads\/2025\/08\/f1c2e6c0d40b-belen-7.jpg\"   width=\"819\" height=\"1024\" loading=\"lazy\" decoding=\"async\" alt=\"Media Image\" fetchpriority=\"auto\" class=\"image ho-image\"\/>\u00a9 belenecijar<\/p>\n<p id=\"enro52SLTPk\" data-wc=\"72\"><strong>Tras despedirse de la vibrante y salvaje Namibia, Bel\u00e9n \u00c9cija y Jaime S\u00e1nchez pusieron rumbo a las id\u00edlicas islas Seychelles, un archipi\u00e9lago paradis\u00edaco situado en pleno oc\u00e9ano \u00cdndico<\/strong>. Reconocidas mundialmente por sus playas de arena blanca y aguas cristalinas, estas islas ofrecen un entorno de belleza natural excepcional y una biodiversidad marina \u00fanica que las convierte en uno de los destinos m\u00e1s deseados para quienes buscan un refugio de paz y naturaleza.<\/p>\n<p> <img src=\"https:\/\/www.europesays.com\/es\/wp-content\/uploads\/2025\/08\/87dab8a09992-belen-16.jpg\"   width=\"820\" height=\"1024\" loading=\"lazy\" decoding=\"async\" alt=\"Media Image\" fetchpriority=\"auto\" class=\"image ho-image\"\/>\u00a9 belenecijar<\/p>\n<p> <img src=\"https:\/\/www.europesays.com\/es\/wp-content\/uploads\/2025\/08\/13a75de50d49-belen-1.jpg\"   width=\"819\" height=\"1024\" loading=\"lazy\" decoding=\"async\" alt=\"Media Image\" fetchpriority=\"auto\" class=\"image ho-image\"\/>\u00a9 belenecijar<\/p>\n<p> <img src=\"https:\/\/www.europesays.com\/es\/wp-content\/uploads\/2025\/08\/3608eea468fb-belen-15.jpg\"   width=\"819\" height=\"1024\" loading=\"lazy\" decoding=\"async\" alt=\"Media Image\" fetchpriority=\"auto\" class=\"image ho-image\"\/>\u00a9 belenecijar<\/p>\n<p id=\"eMzxfce1J4d\" data-wc=\"59\">En este escenario de ensue\u00f1o, la pareja ha podido entregarse plenamente a la calma y al disfrute del entorno.<strong>\u00a0Los d\u00edas transcurren entre momentos relajados, saboreando fruta tropical reci\u00e9n cortada, nadando en aguas tan transparentes que permiten admirar con detalle la vida marina, y practicando snorkeling en playas repletas de coloridos peces que parecen sacados de un acuario natural.\u00a0<\/strong><\/p>\n<p> <img src=\"https:\/\/www.europesays.com\/es\/wp-content\/uploads\/2025\/08\/4ce0dcd892f3-belen-8.jpg\"   width=\"819\" height=\"1024\" loading=\"lazy\" decoding=\"async\" alt=\"Media Image\" fetchpriority=\"auto\" class=\"image ho-image\"\/>\u00a9 belenecijar<\/p>\n<p> <img src=\"https:\/\/www.europesays.com\/es\/wp-content\/uploads\/2025\/08\/75e0a8fb4e1f-belen-6.jpg\"   width=\"819\" height=\"1024\" loading=\"lazy\" decoding=\"async\" alt=\"Media Image\" fetchpriority=\"auto\" class=\"image ho-image\"\/>\u00a9 belenecijar<\/p>\n<p> <img src=\"https:\/\/www.europesays.com\/es\/wp-content\/uploads\/2025\/08\/e1378d47a02c-belen-2.jpg\"   width=\"819\" height=\"1024\" loading=\"lazy\" decoding=\"async\" alt=\"Media Image\" fetchpriority=\"auto\" class=\"image ho-image\"\/>\u00a9 belenecijar<\/p>\n<p id=\"eAQTwyi0Al\" data-wc=\"49\">No faltan tampoco los paseos en bicicleta por senderos que parecen extra\u00eddos de una postal, <strong>la b\u00fasqueda de conchas y fragmentos de coral en la arena,<\/strong> y las cenas \u00edntimas al aire libre, siempre acompa\u00f1adas de copas de champ\u00e1n y atardeceres que deslumbran por su belleza serena y envolvente.<\/p>\n<p> <img src=\"https:\/\/www.europesays.com\/es\/wp-content\/uploads\/2025\/08\/9852daec080a-belen-21.jpg\"   width=\"819\" height=\"1024\" loading=\"lazy\" decoding=\"async\" alt=\"Media Image\" fetchpriority=\"auto\" class=\"image ho-image\"\/>\u00a9 belenecijar<\/p>\n<p> <img src=\"https:\/\/www.europesays.com\/es\/wp-content\/uploads\/2025\/08\/e3724ccde765-belen-19.jpg\"   width=\"576\" height=\"1024\" loading=\"lazy\" decoding=\"async\" alt=\"Media Image\" fetchpriority=\"auto\" class=\"image ho-image\"\/>\u00a9 belenecijar<\/p>\n<p> <img src=\"https:\/\/www.europesays.com\/es\/wp-content\/uploads\/2025\/08\/8f85e3328e00-belen-11.jpg\"   width=\"819\" height=\"1024\" loading=\"lazy\" decoding=\"async\" alt=\"Media Image\" fetchpriority=\"auto\" class=\"image ho-image\"\/>\u00a9 belenecijar<\/p>\n<p id=\"eyvDoGFZvyv\" data-wc=\"107\">Las Seychelles, adem\u00e1s de sus playas ic\u00f3nicas como Anse Lazio o Anse Source d\u2019Argent \u2014famosas por sus formaciones rocosas de granito y su entorno espectacular\u2014, ofrecen a sus visitantes un sinf\u00edn de posibilidades para explorar. <strong>Los parques marinos y reservas naturales invitan a sumergirse en la riqueza submarina o a caminar por senderos selv\u00e1ticos, mientras que los jardines bot\u00e1nicos y la gastronom\u00eda local, que combina influencias africanas, francesas e indias, completan una experiencia sensorial inolvidable.\u00a0<\/strong>As\u00ed, Bel\u00e9n y Jaime contin\u00faan disfrutando de esta segunda etapa de su luna de miel, en la que la belleza natural, el romanticismo y la tranquilidad son los protagonistas de cada instante.<\/p>\n<p> <img src=\"https:\/\/www.europesays.com\/es\/wp-content\/uploads\/2025\/08\/a676becb6464-belen-5.jpg\"   width=\"820\" height=\"1024\" loading=\"lazy\" decoding=\"async\" alt=\"Media Image\" fetchpriority=\"auto\" class=\"image ho-image\"\/>\u00a9 belenecijar<\/p>\n<p> <img src=\"https:\/\/www.europesays.com\/es\/wp-content\/uploads\/2025\/08\/2a400f554601-belen-10.jpg\"   width=\"819\" height=\"1024\" loading=\"lazy\" decoding=\"async\" alt=\"Media Image\" fetchpriority=\"auto\" class=\"image ho-image\"\/>\u00a9 belenecijar<\/p>\n<p> <img src=\"https:\/\/www.europesays.com\/es\/wp-content\/uploads\/2025\/08\/63ddce5888dc-belen-3.jpg\"   width=\"819\" height=\"1024\" loading=\"lazy\" decoding=\"async\" alt=\"Media Image\" fetchpriority=\"auto\" class=\"image ho-image\"\/>\u00a9 belenecijar<\/p>\n<p> <img src=\"https:\/\/www.europesays.com\/es\/wp-content\/uploads\/2025\/08\/d523ba844eab-belen-14.jpg\"   width=\"819\" height=\"1024\" loading=\"lazy\" decoding=\"async\" alt=\"Media Image\" fetchpriority=\"auto\" class=\"image ho-image\"\/>\u00a9 belenecijar<br \/>\nDe la boda de ensue\u00f1o en Menorca al continente africano<\/p>\n<p id=\"eZcCAUuzaha\" data-wc=\"108\">La boda de Bel\u00e9n y Jaime fue un evento lleno de emociones y detalles cuidados. \u201c \u00ab<strong>N<\/strong><strong>o me creo a\u00fan lo que hemos vivido estos d\u00edas<\/strong>&#8230; Ha pasado todo tan r\u00e1pido, pero han pasado tantas cosas al mismo tiempo, he visto tanta emoci\u00f3n, tantas sonrisas y tantas caras a las que quiero, que nos han visto crecer como pareja, y personas que han cruzado medio mundo para venir a acompa\u00f1arnos. Alguna que otra l\u00e1grima, todas de alegr\u00eda, m\u00e1s de las que imagin\u00e9 que pod\u00eda ver juntas. Y es que <strong>estos tres d\u00edas han sido los d\u00edas m\u00e1s llenos de magia de mi vida<\/strong>\u00ab, confesaba Bel\u00e9n tras la celebraci\u00f3n.<\/p>\n<p> <img src=\"https:\/\/www.europesays.com\/es\/wp-content\/uploads\/2025\/08\/c3702bd36fa2-dsc00256.jpg\"   width=\"1024\" height=\"682\" loading=\"lazy\" decoding=\"async\" alt=\"La preboda de Bel\u00e9n \u00c9cija y Jaime S\u00e1nchez\" fetchpriority=\"auto\" class=\"image ho-image\"\/>\u00a9 Gemma Canela<\/p>\n<p> <img src=\"https:\/\/www.europesays.com\/es\/wp-content\/uploads\/2025\/08\/577af8a29ea4-9x8a3408.jpg\"   width=\"682\" height=\"1024\" loading=\"lazy\" decoding=\"async\" alt=\"Bel\u00e9n \u00c9cija el d\u00eda de su boda\" fetchpriority=\"auto\" class=\"image ho-image\"\/>\u00a9 Paloma Gonz\u00e1lez Rey<\/p>\n<p id=\"ezH9gvY3YqZ\" data-wc=\"125\">El enlace tuvo lugar en la parroquia de San Climent, cerca de Mah\u00f3n, y reuni\u00f3 a 300 invitados. La pareja inici\u00f3 la fiesta con una preboda navegando por las aguas cristalinas de la isla y finalizando en el chiringuito Binidali Beach Bar Som Sis, un lugar muy especial para la familia. En aquel d\u00eda tan especial, Bel\u00e9n deslumbr\u00f3 con un vestido de seda marfil de esp\u00edritu bohemio y Jaime con un traje marfil a juego. <strong>Entre las an\u00e9cdotas m\u00e1s emotivas destac\u00f3 el momento en que Bel\u00e9n Rueda, la madre de la novia, se emocion\u00f3 al recibir el ramo, mientras que la madre del novio, Elena, deslumbr\u00f3 con un vestido confeccionado a partir de un sari aut\u00e9ntico de la India, reflejando su conexi\u00f3n con ese pa\u00eds.<\/strong><\/p>\n<p> <img src=\"https:\/\/www.europesays.com\/es\/wp-content\/uploads\/2025\/08\/eecf0280f509-dsc00706.jpg\"   width=\"682\" height=\"1024\" loading=\"lazy\" decoding=\"async\" alt=\"La preboda de Bel\u00e9n \u00c9cija y Jaime S\u00e1nchez\" fetchpriority=\"auto\" class=\"image ho-image\"\/>\u00a9 Gemma Canela<\/p>\n<p> <img src=\"https:\/\/www.europesays.com\/es\/wp-content\/uploads\/2025\/08\/9ac0bc3a03f1-foto2-ig.jpg\"   width=\"819\" height=\"1024\" loading=\"lazy\" decoding=\"async\" alt=\"Media Image\" fetchpriority=\"auto\" class=\"image ho-image\"\/>\u00a9 belenecijar<\/p>\n<p id=\"edrSbqywXqN\" data-wc=\"59\">Despu\u00e9s del enlace, la pareja arranc\u00f3 su luna de miel con un \u201ctour por el desierto de Namibia\u201d, que Bel\u00e9n describi\u00f3 en sus redes con entusiasmo: \u201c<strong>Intensidad nivel 2000. Todos los estados en seis horas<\/strong>\u201d. Juntos cantaron y celebraron ese comienzo tan especial, y ya en Namibia vivieron experiencias \u00fanicas que les acercaron a la naturaleza en estado puro.<\/p>\n<p> <img src=\"https:\/\/www.europesays.com\/es\/wp-content\/uploads\/2025\/08\/feba42d84a88-u584964034cut.jpg\"   width=\"1024\" height=\"682\" loading=\"lazy\" decoding=\"async\" alt=\"El mensaje de Daniel \u00c9cija que ha emocionado tras el \u2018s\u00ed, quiero\u2019 de su hija Bel\u00e9n\" fetchpriority=\"auto\" class=\"image ho-image\"\/>\u00a9 GTRES<\/p>\n<p> <img src=\"https:\/\/www.europesays.com\/es\/wp-content\/uploads\/2025\/08\/45f2c8e7f989-dsc00654.jpg\"   width=\"682\" height=\"1024\" loading=\"lazy\" decoding=\"async\" alt=\"La preboda de Bel\u00e9n \u00c9cija y Jaime S\u00e1nchez\" fetchpriority=\"auto\" class=\"image ho-image\"\/>\u00a9 Gemma Canela<br \/>\nNamibia, un safari de sensaciones inolvidables<\/p>\n<p id=\"ecos3DmtiZl\" data-wc=\"72\"><strong>Namibia fue su primer destino nupcial, un lugar para descubrir paisajes majestuosos y fauna salvaje<\/strong>. Entre los rincones m\u00e1s impresionantes que exploraron se encuentran las dunas rojizas de Sossusvlei, con sus m\u00e1s de 300 metros de altura, ideales para admirar al amanecer o desde una avioneta. No falt\u00f3 la emblem\u00e1tica Duna 45, que escalaron para disfrutar de vistas inolvidables, as\u00ed como el antiguo lago seco Deadvlei y el profundo ca\u00f1\u00f3n de Sesriem.<\/p>\n<p> <img src=\"https:\/\/www.europesays.com\/es\/wp-content\/uploads\/2025\/08\/b5d35a5cc045-belen-ecija-estilo-1.jpg\"   width=\"1080\" height=\"1800\" loading=\"lazy\" decoding=\"async\" alt=\"Media Image\" fetchpriority=\"auto\" class=\"image ho-image\"\/>\u00a9 @belenecijar<\/p>\n<p> <img src=\"https:\/\/www.europesays.com\/es\/wp-content\/uploads\/2025\/08\/c77a77b337d0-belen-ecija-look-invitada-boda-2.jpg\"   width=\"576\" height=\"1024\" loading=\"lazy\" decoding=\"async\" alt=\"Bel\u00e9n \u00c9cija y su marido, Jaime S\u00e1nchez\" fetchpriority=\"auto\" class=\"image ho-image\"\/>\u00a9 @belenecijar<\/p>\n<p id=\"ewkNl6l5yJA\" data-wc=\"57\"><strong>El Parque Nacional Namib-Naukluft, con casi 50.000 kil\u00f3metros cuadrados, les regal\u00f3 experiencias como observar los misteriosos fairy circles y admirar la fauna que habita en las dunas costeras.<\/strong> Tambi\u00e9n visitaron la costa de los Esqueletos, un lugar tan inh\u00f3spito como fascinante, donde pudieron contemplar colonias de leones marinos y, para los m\u00e1s aventureros, olas perfectas para surfear.<\/p>\n<p> <img src=\"https:\/\/www.europesays.com\/es\/wp-content\/uploads\/2025\/08\/b8fbfe6186d0-belen-ecija-looks-estilo-1.jpg\"   width=\"819\" height=\"1024\" loading=\"lazy\" decoding=\"async\" alt=\"Bel\u00e9n \u00c9cija\" fetchpriority=\"auto\" class=\"image ho-image\"\/>\u00a9 @belenecijar<\/p>\n<p> <img src=\"https:\/\/www.europesays.com\/es\/wp-content\/uploads\/2025\/08\/83405e706093-belen-ecija-looks-estilo-4.jpg\"   width=\"1080\" height=\"1800\" loading=\"lazy\" decoding=\"async\" alt=\"Bel\u00e9n \u00c9cija\" fetchpriority=\"auto\" class=\"image ho-image\"\/>\u00a9 @belenecijar<\/p>\n<p id=\"ek056n_n1T8\" data-wc=\"86\">En el Parque Nacional Etosha, uno de los m\u00e1s grandes de \u00c1frica, disfrutaron de encuentros cercanos con jirafas, leones y ant\u00edlopes, todo en un entorno que parece sacado de un documental. \u201cViva esa energ\u00eda bonita que gast\u00e1is\u201d, escribi\u00f3 Bel\u00e9n Rueda, emocionada por la felicidad de su hija.\u00a0<strong>No falt\u00f3 una visita cultural a la tribu Himba, donde la pareja pudo conocer las tradiciones ancestrales de este pueblo fascinante, ni a sitios declarados Patrimonio de la Humanidad, como el Bosque Petrificado y Twyfelfontein, con sus petroglifos milenarios.<\/strong><\/p>\n<p> <img src=\"https:\/\/www.europesays.com\/es\/wp-content\/uploads\/2025\/08\/dffe2592da44-captura-de-pantalla-2025-06-19-132503.png\"   width=\"1024\" height=\"553\" loading=\"lazy\" decoding=\"async\" alt=\"Bel\u00e9n \u00c9cija y Jaime S\u00e1nchez empiezan su luna de miel\" fetchpriority=\"auto\" class=\"image ho-image\"\/>\u00a9 belenecijar<\/p>\n","protected":false},"excerpt":{"rendered":"Bel\u00e9n \u00c9cija, hija de la reconocida actriz Bel\u00e9n Rueda y el productor Daniel \u00c9cija, junto a su marido&hellip;\n","protected":false},"author":2,"featured_media":38303,"comment_status":"","ping_status":"","sticky":false,"template":"","format":"standard","meta":{"footnotes":""},"categories":[174],"tags":[517,5725,255,146,147,25,24,256,18863,12553,23],"class_list":{"0":"post-38302","1":"post","2":"type-post","3":"status-publish","4":"format-standard","5":"has-post-thumbnail","7":"category-famosos","8":"tag-actualidad","9":"tag-belen-ecija","10":"tag-celebrities","11":"tag-entertainment","12":"tag-entretenimiento","13":"tag-es","14":"tag-espana","15":"tag-famosos","16":"tag-luna-de-miel","17":"tag-mas-noticias","18":"tag-spain"},"share_on_mastodon":{"url":"","error":""},"_links":{"self":[{"href":"https:\/\/www.europesays.com\/es\/wp-json\/wp\/v2\/posts\/38302","targetHints":{"allow":["GET"]}}],"collection":[{"href":"https:\/\/www.europesays.com\/es\/wp-json\/wp\/v2\/posts"}],"about":[{"href":"https:\/\/www.europesays.com\/es\/wp-json\/wp\/v2\/types\/post"}],"author":[{"embeddable":true,"href":"https:\/\/www.europesays.com\/es\/wp-json\/wp\/v2\/users\/2"}],"replies":[{"embeddable":true,"href":"https:\/\/www.europesays.com\/es\/wp-json\/wp\/v2\/comments?post=38302"}],"version-history":[{"count":0,"href":"https:\/\/www.europesays.com\/es\/wp-json\/wp\/v2\/posts\/38302\/revisions"}],"wp:featuredmedia":[{"embeddable":true,"href":"https:\/\/www.europesays.com\/es\/wp-json\/wp\/v2\/media\/38303"}],"wp:attachment":[{"href":"https:\/\/www.europesays.com\/es\/wp-json\/wp\/v2\/media?parent=38302"}],"wp:term":[{"taxonomy":"category","embeddable":true,"href":"https:\/\/www.europesays.com\/es\/wp-json\/wp\/v2\/categories?post=38302"},{"taxonomy":"post_tag","embeddable":true,"href":"https:\/\/www.europesays.com\/es\/wp-json\/wp\/v2\/tags?post=38302"}],"curies":[{"name":"wp","href":"https:\/\/api.w.org\/{rel}","templated":true}]}}