{"id":383227,"date":"2026-02-07T00:20:08","date_gmt":"2026-02-07T00:20:08","guid":{"rendered":"https:\/\/www.europesays.com\/es\/383227\/"},"modified":"2026-02-07T00:20:08","modified_gmt":"2026-02-07T00:20:08","slug":"los-jugadores-y-cuerpo-tecnico-del-rayo-vallecano-alzan-la-voz-y-piden-unas-condiciones-dignas-de-trabajo-a-la-directiva-del-club-futbol-deportes","status":"publish","type":"post","link":"https:\/\/www.europesays.com\/es\/383227\/","title":{"rendered":"Los jugadores y cuerpo t\u00e9cnico del Rayo Vallecano alzan la voz y piden \u201cunas condiciones dignas de trabajo\u201d a la directiva del club | F\u00fatbol | Deportes"},"content":{"rendered":"<p class=\"\">Los jugadores y el cuerpo t\u00e9cnico del Rayo Vallecano han dicho basta y, a trav\u00e9s de la AFE (Asociaci\u00f3n de Futbolistas Espa\u00f1oles), han emitido un comunicado denunciando <a href=\"https:\/\/elpais.com\/deportes\/futbol\/2026-01-24\/el-milagro-futbolistico-del-destartalado-rayo-vallecano.html\" target=\"_self\" rel=\"nofollow noopener\" title=\"https:\/\/elpais.com\/deportes\/futbol\/2026-01-24\/el-milagro-futbolistico-del-destartalado-rayo-vallecano.html\">los innumerables problemas que est\u00e1n sufriendo<\/a>. El objetivo, seg\u00fan explican, es reclamar unas condiciones de trabajo dignas, propias de un club de Primera Divisi\u00f3n. Previamente, varios jugadores y el entrenador, \u00cd\u00f1igo P\u00e9rez, se han quejado en ruedas de prensa sobre, entre otras cosas, el terrible estado del c\u00e9sped del estadio, un problema que el club lleva arrastrando varias temporadas.<\/p>\n<p>Rayo<\/p>\n<p class=\"\"><a href=\"https:\/\/elpais.com\/deportes\/futbol\/2025-11-06\/el-rayo-tira-de-epica-y-remonta-en-el-descuento-ante-el-lech-poznan.html#?rel=mas\" target=\"_self\" rel=\"nofollow noopener\" title=\"https:\/\/elpais.com\/deportes\/futbol\/2025-11-06\/el-rayo-tira-de-epica-y-remonta-en-el-descuento-ante-el-lech-poznan.html#?rel=mas\">La plantilla<\/a> empieza el comunicado reclamando un mejor trato a los aficionados del club: \u201cLa afici\u00f3n del Rayo Vallecano es un pilar fundamental y uno de los mayores activos del club, y creemos firmemente que esta afici\u00f3n merece un mayor cuidado y consideraci\u00f3n\u201d han dicho, explicando su fidelidad y compromiso \u201ces digna de admiraci\u00f3n, independientemente de las circunstancias del equipo\u201d. <\/p>\n<p class=\"\">Despu\u00e9s llega el turno de la ciudad deportiva. Los jugadores denuncian que \u201cdurante la pretemporada, la plantilla estuvo cerca de tres meses sin poder entrenar en la Ciudad Deportiva debido al mal estado de los campos\u00bb y que se vieron obligados a salir de las instalaciones \u201cpara poder hacerlo en un campo que reuniera las condiciones necesarias para desempe\u00f1ar profesionalmente nuestro trabajo\u201d, llegando al punto de tener que entrenar en terrenos de juego de hierba artificial. Explican que esta situaci\u00f3n prolongada <a href=\"https:\/\/elpais.com\/deportes\/futbol\/2025-12-11\/el-rayo-logra-una-vital-victoria-en-polonia-ante-el-jagiellonia.html#?rel=mas\" target=\"_self\" rel=\"nofollow noopener\" title=\"https:\/\/elpais.com\/deportes\/futbol\/2025-12-11\/el-rayo-logra-una-vital-victoria-en-polonia-ante-el-jagiellonia.html#?rel=mas\">afecta de manera directa al trabajo diario<\/a>, a la planificaci\u00f3n y a la normalidad que requiere un equipo profesional de Primera Divisi\u00f3n.<\/p>\n<p class=\"\">El tercer y \u00faltimo de los problemas presentados por el Rayo es el estado del estadio de Vallecas. La plantilla califica el terreno de juego como \u201cinestable e impracticable\u201d, y que \u201cno re\u00fane las condiciones m\u00ednimas exigibles para disputar un partido de la m\u00e1xima categor\u00eda\u201d. Adem\u00e1s, el escrito a\u00f1ade que a esta situaci\u00f3n se suman deficiencias en las instalaciones que los jugadores utilizan a diario, como \u201cla falta de agua caliente en las duchas en determinados d\u00edas, una limpieza que no siempre ha sido la adecuada y unas instalaciones obsoletas que no se corresponden con los est\u00e1ndares que requiere un club de Primera Divisi\u00f3n para un correcto desempe\u00f1o\u201d profesional.<\/p>\n<p class=\"\">El comunicado sigue explicando que \u201ctodos estos puntos han sido trasladados previamente a la presidencia del club en diferentes ocasiones\u201d pero que las soluciones prometidas y las explicaciones recibidas hasta el momento no han resuelto de manera efectiva \u201cuna situaci\u00f3n que no puede prolongarse m\u00e1s, ya que vemos peligrar nuestra integridad f\u00edsica y nuestras condiciones b\u00e1sicas de trabajo\u201d. Terminan aclarando que este comunicado no tiene como objetivo generar conflicto ni desviar la atenci\u00f3n del partido que el club disputa este s\u00e1bado, a las 14.00 contra el Oviedo, pero que la plantilla considera que es el momento de expresar p\u00fablicamente que esta situaci\u00f3n debe cambiar.<\/p>\n","protected":false},"excerpt":{"rendered":"Los jugadores y el cuerpo t\u00e9cnico del Rayo Vallecano han dicho basta y, a trav\u00e9s de la AFE&hellip;\n","protected":false},"author":2,"featured_media":383228,"comment_status":"","ping_status":"","sticky":false,"template":"","format":"standard","meta":{"footnotes":""},"categories":[93],"tags":[10975,1540,168,1539,25,24,282,1538,83820,14382,23,167],"class_list":["post-383227","post","type-post","status-publish","format-standard","has-post-thumbnail","category-deportes","tag-afe","tag-competiciones","tag-deportes","tag-entrenadores","tag-es","tag-espana","tag-futbol","tag-futbolistas","tag-martin-presa","tag-rayo-vallecano","tag-spain","tag-sports"],"share_on_mastodon":{"url":"https:\/\/pubeurope.com\/@es\/116026489100681133","error":""},"_links":{"self":[{"href":"https:\/\/www.europesays.com\/es\/wp-json\/wp\/v2\/posts\/383227","targetHints":{"allow":["GET"]}}],"collection":[{"href":"https:\/\/www.europesays.com\/es\/wp-json\/wp\/v2\/posts"}],"about":[{"href":"https:\/\/www.europesays.com\/es\/wp-json\/wp\/v2\/types\/post"}],"author":[{"embeddable":true,"href":"https:\/\/www.europesays.com\/es\/wp-json\/wp\/v2\/users\/2"}],"replies":[{"embeddable":true,"href":"https:\/\/www.europesays.com\/es\/wp-json\/wp\/v2\/comments?post=383227"}],"version-history":[{"count":0,"href":"https:\/\/www.europesays.com\/es\/wp-json\/wp\/v2\/posts\/383227\/revisions"}],"wp:featuredmedia":[{"embeddable":true,"href":"https:\/\/www.europesays.com\/es\/wp-json\/wp\/v2\/media\/383228"}],"wp:attachment":[{"href":"https:\/\/www.europesays.com\/es\/wp-json\/wp\/v2\/media?parent=383227"}],"wp:term":[{"taxonomy":"category","embeddable":true,"href":"https:\/\/www.europesays.com\/es\/wp-json\/wp\/v2\/categories?post=383227"},{"taxonomy":"post_tag","embeddable":true,"href":"https:\/\/www.europesays.com\/es\/wp-json\/wp\/v2\/tags?post=383227"}],"curies":[{"name":"wp","href":"https:\/\/api.w.org\/{rel}","templated":true}]}}