{"id":383270,"date":"2026-02-07T00:56:18","date_gmt":"2026-02-07T00:56:18","guid":{"rendered":"https:\/\/www.europesays.com\/es\/383270\/"},"modified":"2026-02-07T00:56:18","modified_gmt":"2026-02-07T00:56:18","slug":"la-novena-epic-gran-canaria-dispara-su-participacion-y-alcanza-los-680-ciclistas-de-28-nacionalidades","status":"publish","type":"post","link":"https:\/\/www.europesays.com\/es\/383270\/","title":{"rendered":"La novena EPIC Gran Canaria dispara su participaci\u00f3n y alcanza los 680 ciclistas de 28 nacionalidades"},"content":{"rendered":"<p class=\"v-mdl-ath__p v-mdl-ath__p--6\">\nJueves, 5 de febrero 2026, 15:26<\/p>\n<p class=\"v-p\">La EPIC Gran Canaria RIU Hotels &amp; Resorts afronta en 2026 una edici\u00f3n r\u00e9cord, que crece en participaci\u00f3n hasta alcanzar los 680 ciclistas de 28 nacionalidades, en una cita que llega este 7 y 8 de febrero cargada de novedades. Esto supone un gran salto de nivel desde los 500 ciclistas de 23 pa\u00edses de la edici\u00f3n pasada, con un 36% m\u00e1s de participaci\u00f3n.<\/p>\n<p class=\"v-p\">La carrera cicloturista m\u00e1s popular del sur de Gran Canaria refuerza su posici\u00f3n en el calendario deportivo asumiendo nuevos retos que marcan un punto de inflexi\u00f3n a la vez que mantiene su reconocimiento como una de las grandes citas del ciclismo amateur de alto nivel, al formar parte del calendario oficial de la Uni\u00f3n Ciclista Internacional (UCI) y del prestigioso Gran Fondo World Tour, un aval que la sit\u00faa entre las pruebas cicloturistas m\u00e1s relevantes del mundo.<\/p>\n<p class=\"v-p\">Esta novena edici\u00f3n llega con novedades en su recorrido, cambios que permitir\u00e1n a los participantes rodar por tramos que discurren junto al mar, incorporando el paisaje costero al tradicional trazado de monta\u00f1a de la prueba. Este nuevo enfoque aporta un car\u00e1cter diferente a la EPIC 2026, que en su primera etapa regresar\u00e1 al hotel RIU Palace por la GC-500 con una crono 2 que parte de la zona conocida como el alto del Salto del Perro con 29 kil\u00f3metros desde Pasito Blanco hasta el alto y con bajada neutralizada hacia Mog\u00e1n por el dorsal costero.<\/p>\n<p class=\"v-p\">La EPIC Gran Canaria trasciende lo estrictamente competitivo, consolid\u00e1ndose como punto de encuentro entre la \u00e9lite actual del ciclismo y grandes referentes hist\u00f3ricos de este deporte. En la edici\u00f3n 2026 destaca la presencia confirmada del ciclista suizo Nikolas Ginter, uno de los grandes favoritos, as\u00ed como la participaci\u00f3n del exciclista profesional Haimar Zubeldia, Alessandro Ballan o Massimo Stefani. Junto a ellos, la EPIC ha contado en ediciones anteriores con nombres ilustres como Mario Cipollini, Abraham Olano, Claudio Chiappucci, Iban Mayo o Javier Guill\u00e9n, conformando un legado deportivo que refuerza el prestigio del evento.<\/p>\n<p><img decoding=\"async\" loading=\"lazy\" src=\"https:\/\/www.europesays.com\/es\/wp-content\/uploads\/2026\/02\/EPIC3-k8JF--1200x841@Canarias7.jpeg\" class=\"v-mdl__img-z\" width=\"1200\" height=\"841\" alt=\"Imagen principal - La novena EPIC Gran Canaria dispara su participaci\u00f3n y alcanza los 680 ciclistas de 28 nacionalidades\"\/><\/p>\n<p><img decoding=\"async\" loading=\"lazy\" src=\"https:\/\/www.europesays.com\/es\/wp-content\/uploads\/2026\/02\/EPIC4-k8JF--1200x851@Canarias7.jpeg\" class=\"v-mdl__img-z\" width=\"1200\" height=\"851\" alt=\"Imagen secundaria 1 - La novena EPIC Gran Canaria dispara su participaci\u00f3n y alcanza los 680 ciclistas de 28 nacionalidades\"\/><\/p>\n<p><img decoding=\"async\" loading=\"lazy\" src=\"https:\/\/www.europesays.com\/es\/wp-content\/uploads\/2026\/02\/EPIc2-k8JF--711x841@Canarias7.jpeg\" class=\"v-mdl__img-z\" width=\"711\" height=\"841\" alt=\"Imagen secundaria 2 - La novena EPIC Gran Canaria dispara su participaci\u00f3n y alcanza los 680 ciclistas de 28 nacionalidades\"\/><\/p>\n<p class=\"v-p\">Durante ese fin de semana, Gran Canaria se convierte en el epicentro del ciclismo internacional, reuniendo a ciclistas de alto nivel, excampeones, aficionados\/as experimentados y personalidades del mundo del deporte. La EPIC utiliza en exclusiva algunas de las rutas ciclistas m\u00e1s emblem\u00e1ticas y demandadas de la isla, lo que contribuye a posicionar a Gran Canaria como un destino de referencia a nivel mundial para la pr\u00e1ctica del ciclismo en carretera.<\/p>\n<p>Este viernes, &#8216;social ride&#8217;<\/p>\n<p class=\"v-p\">La actividad de la EPIC Gran Canaria 2026 comenzar\u00e1 el viernes 6 de febrero, con la llegada de los participantes, la recogida de dorsales y una jornada de bienvenida que incluir\u00e1 una salida social y los primeros actos oficiales, concebidos como un espacio de convivencia entre ciclistas, organizaci\u00f3n e invitados\/as.<\/p>\n<p class=\"v-p\">El s\u00e1bado 7 de febrero se celebrar\u00e1 la primera etapa competitiva, un recorrido exigente que combinar\u00e1 tramos cronometrados de monta\u00f1a con sectores estrat\u00e9gicos decisivos para la clasificaci\u00f3n general, en una jornada que marcar\u00e1 las primeras diferencias entre los favoritos.<\/p>\n<p class=\"v-p\">La prueba se cerrar\u00e1 el domingo 8 de febrero con la segunda etapa, que incluir\u00e1 el trazado renovado con sectores junto al mar antes de afrontar la subida final decisiva. La llegada a meta dar\u00e1 paso a la ceremonia de entrega de premios y al cierre oficial de un fin de semana en el que Gran Canaria volver\u00e1 a proyectarse como uno de los grandes escenarios del ciclismo internacional con una gran fiesta que ya es se\u00f1a de identidad del evento.<\/p>\n<p><img decoding=\"async\" loading=\"lazy\" src=\"https:\/\/www.europesays.com\/es\/wp-content\/uploads\/2026\/02\/EPIC1-k8JF--748x524@Canarias7.jpeg\" class=\"v-a-img\" alt=\"\" data-voc-vtm-id=\"in-text-traffic\" width=\"748\" height=\"524\"\/><\/p>\n<p>C7<\/p>\n<p><img loading=\"lazy\" decoding=\"async\" src=\"https:\/\/www.europesays.com\/es\/wp-content\/uploads\/2026\/02\/EPIC1-k8JF--748x524@Canarias7.jpeg\" class=\"v-mdl__img-z\" width=\"748\" height=\"524\" alt=\"\"\/><\/p>\n<p>Creciendo con nuevos retos<\/p>\n<p class=\"v-p\">Yojan\u00e1n Reyes, organizador del evento, ha celebrado la llegada de una nueva edici\u00f3n, con la que el evento ya se acerca a su d\u00e9cimo aniversario \u00abcreciendo y con nuevos retos\u00bb, adem\u00e1s de novedades y la incorporaci\u00f3n de Mog\u00e1n. El comisario de la Gran Fondo World Tour, Daniel Buyo, ha destacado la importancia del evento para posicionar el destino, con una prueba que tiene un gran retorno y que permite promocionar Gran Canaria a nivel internacional a trav\u00e9s del ciclismo.<\/p>\n<p class=\"v-p\">Vinculado desde la primera edici\u00f3n, Maurice Damen, director de ventas de Canarias y Madeira de RIU Hotels, ha celebrado que la EPIC Gran Canaria \u00absigue cada a\u00f1o super\u00e1ndose, este a\u00f1o con m\u00e1s participantes, nacionalidades y en organizaci\u00f3n\u00bb, que permiten que este fin de semana \u00abpodamos disfrutar del ciclismo y de la isla, que est\u00e1 en su mejor momento\u00bb.<\/p>\n<p class=\"v-p\">Esta es la idea que ha destacado Carlos \u00c1lamo, consejero y presidente de Turismo Gran Canaria, que ha puesto en valor que la EPIC Gran Canaria \u00absigue creciendo a\u00f1o tras a\u00f1o creciendo con pasos peque\u00f1os pero firmes\u00bb ayudando en \u00abvisibilizar la isla como un lugar magn\u00edfico para el deporte todo el a\u00f1o especialmente en el ciclismo de invierno\u00bb. As\u00ed lo ha subrayado el alcalde de San Bartolom\u00e9 de Tirajana, Marco Aurelio P\u00e9rez, que ha hecho \u00e9nfasis en el \u00abescenario natural\u00bb del municipio, que lo hace destino \u00abcompetitivo los 365 d\u00edas del a\u00f1o\u00bb. El concejal de Deportes de Mog\u00e1n, Luis Becerra, ha hecho hincapi\u00e9 en que rodar en carretera, seca, segura, y todo el a\u00f1o es una mezcla de elementos en lo que la isla de Gran Canaria es \u00fanica, ofreciendo garant\u00edas en un deporte que potencia nuestro destino como un gimnasio al aire libre\u00bb.<\/p>\n<p class=\"v-p\">Los ciclistas profesionales Alessandro Ballan y Haimar Zubeldia y la deportista y creadora de contenido Ana Gonz\u00e1lez, han coincidido en la belleza de la isla, de la que se \u00abenamoraron\u00bb hace a\u00f1os y a la que regresan en una cita que ya es \u00abtradici\u00f3n\u00bb en su calendario anual.<\/p>\n<p class=\"v-p\">La EPIC Gran Canaria RIU Hotels &amp; Resorts cuenta con el apoyo del Instituto Insular de Deportes del Cabildo de Gran Canaria, Turismo Gran Canaria, Turismo Islas Canarias, Maspalomas Costa Canaria, RIU Hotels &amp; Resorts, Turismo de Mog\u00e1n, Hospiten, Free Motion, Coca-Cola, Aquabona, Greenwood, Gold Nutrition, Sport Dealer, Sonocom, AVIS Canarias, Esenat Escuela Especializada en Salud y Bienestar, Xtravans, Tirma, Romantic Corp, Fund Grube, Maspalomas 24h y Gran Fondo World Tour, entre otros.<\/p>\n<p>Reporta un error<\/p>\n","protected":false},"excerpt":{"rendered":"Jueves, 5 de febrero 2026, 15:26 La EPIC Gran Canaria RIU Hotels &amp; Resorts afronta en 2026 una&hellip;\n","protected":false},"author":2,"featured_media":383271,"comment_status":"","ping_status":"","sticky":false,"template":"","format":"standard","meta":{"footnotes":""},"categories":[273],"tags":[83823,11539,7221,313,2838,312,168,5658,128,25,24,3956,25856,18371,2599,23,167],"class_list":["post-383270","post","type-post","status-publish","format-standard","has-post-thumbnail","category-ciclismo","tag-83823","tag-alcanza","tag-canaria","tag-ciclismo","tag-ciclistas","tag-cycling","tag-deportes","tag-dispara","tag-epic","tag-es","tag-espana","tag-gran","tag-nacionalidades","tag-novena","tag-participacion","tag-spain","tag-sports"],"share_on_mastodon":{"url":"https:\/\/pubeurope.com\/@es\/116026630784642016","error":""},"_links":{"self":[{"href":"https:\/\/www.europesays.com\/es\/wp-json\/wp\/v2\/posts\/383270","targetHints":{"allow":["GET"]}}],"collection":[{"href":"https:\/\/www.europesays.com\/es\/wp-json\/wp\/v2\/posts"}],"about":[{"href":"https:\/\/www.europesays.com\/es\/wp-json\/wp\/v2\/types\/post"}],"author":[{"embeddable":true,"href":"https:\/\/www.europesays.com\/es\/wp-json\/wp\/v2\/users\/2"}],"replies":[{"embeddable":true,"href":"https:\/\/www.europesays.com\/es\/wp-json\/wp\/v2\/comments?post=383270"}],"version-history":[{"count":0,"href":"https:\/\/www.europesays.com\/es\/wp-json\/wp\/v2\/posts\/383270\/revisions"}],"wp:featuredmedia":[{"embeddable":true,"href":"https:\/\/www.europesays.com\/es\/wp-json\/wp\/v2\/media\/383271"}],"wp:attachment":[{"href":"https:\/\/www.europesays.com\/es\/wp-json\/wp\/v2\/media?parent=383270"}],"wp:term":[{"taxonomy":"category","embeddable":true,"href":"https:\/\/www.europesays.com\/es\/wp-json\/wp\/v2\/categories?post=383270"},{"taxonomy":"post_tag","embeddable":true,"href":"https:\/\/www.europesays.com\/es\/wp-json\/wp\/v2\/tags?post=383270"}],"curies":[{"name":"wp","href":"https:\/\/api.w.org\/{rel}","templated":true}]}}