{"id":38354,"date":"2025-08-10T14:49:08","date_gmt":"2025-08-10T14:49:08","guid":{"rendered":"https:\/\/www.europesays.com\/es\/38354\/"},"modified":"2025-08-10T14:49:08","modified_gmt":"2025-08-10T14:49:08","slug":"un-tren-se-queda-tirado-en-almodovar-del-rio-y-produce-retrasos","status":"publish","type":"post","link":"https:\/\/www.europesays.com\/es\/38354\/","title":{"rendered":"un tren se queda tirado en Almod\u00f3var del R\u00edo y produce retrasos"},"content":{"rendered":"<p class=\"voc-pretitle\">\ncomunicaciones\n<\/p>\n<p>ADIF informa de que los pasajeros est\u00e1n siendo transbordados a otra composici\u00f3n<\/p>\n<p><img fetchpriority=\"high\" class=\"voc-img\" src=\"https:\/\/www.europesays.com\/es\/wp-content\/uploads\/2025\/08\/tren-almodovar-cordoba-k3b-U701398856550c3H-1200x840@diario_abc.jpg\" loading=\"eager\" decoding=\"async\" alt=\"Un tren a su paso por Almod\u00f3var de R\u00edo\" width=\"1200\" height=\"840\"\/><\/p>\n<p>Un tren a su paso por Almod\u00f3var de R\u00edo    valerio merino  <\/p>\n<p>10\/08\/2025<br \/>\n<br \/><strong><br \/>\nActualizado a las 13:56h.<br \/>\n<\/strong><\/p>\n<p class=\"voc-p\" style=\"\"><strong>Nueva incidencia <\/strong>que sigue engordando el caos ferroviario. En esta ocasi\u00f3n, <strong>ADIF <\/strong>(el gestor de infraestructuras ferrroviarias) ha informado de que <strong>este domingo <\/strong>un <strong>tren <\/strong>de la ruta <strong>Madrid-C\u00e1diz <\/strong>se ha quedado <strong>detenido a la altura de Almod\u00f3var del R\u00edo<\/strong>. <\/p>\n<p class=\"voc-p\" style=\"\">El motivo de que se haya quedado parado ha sido una <strong>aver\u00eda<\/strong>. Ello est\u00e1 suponiendo que los tren de Larga y Media Distancia (incluidos los de Alta Velocidad) est\u00e9n sufriendo un <strong>retraso medio estimado de un cuarto de hora<\/strong>. <\/p>\n<p class=\"voc-p\" style=\"\">ADIF acaba de indicar que \u00ablos <strong>pasajeros del tren <\/strong>de la <strong>incidencia <\/strong>est\u00e1n siendo transbordados a otra composici\u00f3n para que puedan poder seguir hasta su destino\u00bb, la capital gadtana<\/p>\n<p class=\"voc-p\" style=\"\">Ello supone, recuerda el <strong>gestor de infraestruturas ferroviarias<\/strong>, a\ufe0ffectaci\u00f3n para otros trenes que est\u00e9n en circulaci\u00f3n y pueden registrar <strong>retrasos mientras dure el transbordo <\/strong>dado que se produce la <strong>ocupaci\u00f3n <\/strong>de <strong>ambas v\u00edas<\/strong>.<\/p>\n<p>Reportar un error<\/p>\n","protected":false},"excerpt":{"rendered":"comunicaciones ADIF informa de que los pasajeros est\u00e1n siendo transbordados a otra composici\u00f3n Un tren a su paso&hellip;\n","protected":false},"author":2,"featured_media":38355,"comment_status":"","ping_status":"","sticky":false,"template":"","format":"standard","meta":{"footnotes":""},"categories":[8],"tags":[7666,17,18,11579,3666,25,24,13,14,16469,11,19,20,9,10,15,16,524,16958,3041,14406,3679,23,9918,12,15865,21,22],"class_list":{"0":"post-38354","1":"post","2":"type-post","3":"status-publish","4":"format-standard","5":"has-post-thumbnail","7":"category-espana","8":"tag-almodovar","9":"tag-breaking-news","10":"tag-breakingnews","11":"tag-caos","12":"tag-episodio","13":"tag-es","14":"tag-espana","15":"tag-featured-news","16":"tag-featurednews","17":"tag-ferroviario","18":"tag-headlines","19":"tag-latest-news","20":"tag-latestnews","21":"tag-news","22":"tag-noticias","23":"tag-noticias-destacadas","24":"tag-noticiasdestacadas","25":"tag-nuevo","26":"tag-produce","27":"tag-queda","28":"tag-retrasos","29":"tag-rio","30":"tag-spain","31":"tag-tirado","32":"tag-titulares","33":"tag-tren","34":"tag-ultimas-noticias","35":"tag-ultimasnoticias"},"share_on_mastodon":{"url":"","error":""},"_links":{"self":[{"href":"https:\/\/www.europesays.com\/es\/wp-json\/wp\/v2\/posts\/38354","targetHints":{"allow":["GET"]}}],"collection":[{"href":"https:\/\/www.europesays.com\/es\/wp-json\/wp\/v2\/posts"}],"about":[{"href":"https:\/\/www.europesays.com\/es\/wp-json\/wp\/v2\/types\/post"}],"author":[{"embeddable":true,"href":"https:\/\/www.europesays.com\/es\/wp-json\/wp\/v2\/users\/2"}],"replies":[{"embeddable":true,"href":"https:\/\/www.europesays.com\/es\/wp-json\/wp\/v2\/comments?post=38354"}],"version-history":[{"count":0,"href":"https:\/\/www.europesays.com\/es\/wp-json\/wp\/v2\/posts\/38354\/revisions"}],"wp:featuredmedia":[{"embeddable":true,"href":"https:\/\/www.europesays.com\/es\/wp-json\/wp\/v2\/media\/38355"}],"wp:attachment":[{"href":"https:\/\/www.europesays.com\/es\/wp-json\/wp\/v2\/media?parent=38354"}],"wp:term":[{"taxonomy":"category","embeddable":true,"href":"https:\/\/www.europesays.com\/es\/wp-json\/wp\/v2\/categories?post=38354"},{"taxonomy":"post_tag","embeddable":true,"href":"https:\/\/www.europesays.com\/es\/wp-json\/wp\/v2\/tags?post=38354"}],"curies":[{"name":"wp","href":"https:\/\/api.w.org\/{rel}","templated":true}]}}