{"id":383569,"date":"2026-02-07T05:08:08","date_gmt":"2026-02-07T05:08:08","guid":{"rendered":"https:\/\/www.europesays.com\/es\/383569\/"},"modified":"2026-02-07T05:08:08","modified_gmt":"2026-02-07T05:08:08","slug":"tenes-que-perder-de-forma-disimulada-o-iremos-a-por-tus-padres-y-los-secuestraremos","status":"publish","type":"post","link":"https:\/\/www.europesays.com\/es\/383569\/","title":{"rendered":"\u00abTen\u00e9s que perder, de forma disimulada, o iremos a por tus padres y los secuestraremos\u00bb"},"content":{"rendered":"<p style=\"\">\u00abNikol\u00e1s escucha bien porque no te lo diremos otra vez. Y esto es para este partido. Sabemos todo de ti y de tu familia, sabemos d\u00f3nde est\u00e1 tu hermano, d\u00f3nde viven tu padre y tu madre (y los mencionan con el nombre de pila),  &#8230; sabemos vuestra casa familiar (y aparece escrita la direcci\u00f3n exacta), os tenemos localizados, as\u00ed que m\u00e1s vale colaborar, \u00bfdale? Ten\u00e9s que perder este partido contra Valerio (Aboian) de la forma m\u00e1s disimulada posible o te prometo que iremos a por vos, a por tu hermano,<strong>\u00a0<\/strong>a por tus padres y les secuestraremos. No tenemos nada que perder. \u00bfO\u00edste bien? Colabor\u00e1 en este partido o asume las consecuencias. Sabemos tu documentaci\u00f3n (y clavan el n\u00famero de DNI) y sabemos donde and\u00e1s ahora mismo\u00bb. Este mensaje lo recibe en su m\u00f3vil personal <a href=\"https:\/\/www.abc.es\/deportes\/tenis\/nikolas-sanchezizquierdo-279-mundo-partido-cuadro-final-20260206041856-nt.html\" target=\"_self\" data-voc-vtm-id=\"in-text-traffic\" title=\"Nikol\u00e1s S\u00e1nchez Izquierdo\" rel=\"nofollow noopener\">Nikol\u00e1s S\u00e1nchez Izquierdo<\/a> (26 a\u00f1os), tenista 279 en el ranking ATP, este pasado mi\u00e9rcoles hora y media antes de la disputa de su partido de individuales.<\/p>\n<p class=\"voc-p\" style=\"\">\u00abColabor\u00e1 en este partido, perdelo disimuladamente, sin decir nada ni mencionar nada y todo ir\u00e1 bien, sino te prometo que no sal\u00eds de ac\u00e1 y acabaremos de la misma manera con tu familia, \u00bfdale? Con calma y hacelo o prep\u00e1rate para todo. Atr\u00e9vete a desobedecer y est\u00e1s acabado\u00bb, insisten con marcado acento argentino. El catal\u00e1n estaba ultimando en el Jockey Club la preparaci\u00f3n de su partido de octavos de final del Challenger 125 de Rosario, que reparte 225.000 d\u00f3lares en premios, ante el argentino Valerio Aboian, situado en el ranking m\u00e1s all\u00e1 del top-500 (526) y que ingres\u00f3 al cuadro final como &#8216;Lucky Loser&#8217;. Poco despu\u00e9s tambi\u00e9n disputaba el dobles junto a su compa\u00f1ero Genaro Alberto Oliveri.<\/p>\n<p class=\"voc-p\" style=\"\">S\u00e1nchez Izquierdo se queda incr\u00e9dulo primero y luego entra en p\u00e1nico porque \u00abme dan detalles muy expl\u00edcitos y exactos de mis datos personales y de mi familia\u00bb. El joven tenista rememora para ABC la angustia que sinti\u00f3 en ese momento a m\u00e1s de 10.000 kil\u00f3metros de distancia de casa. \u00abMe quedo paralizado, miro a mi alrededor para ver si es una broma de mal gusto y se lo env\u00edo a mi entrenador, Pedro Cach\u00edn, que lo ten\u00eda justo delante. Es la \u00fanica persona de confianza cerca de m\u00ed. Y \u00e9l siente la misma angustia que yo. \u00c9l ha sido jugador y ya nota en un primer momento la gravedad del asunto. Ni me habla, me dice: &#8216;qu\u00e9date aqu\u00ed&#8217;, y se va corriendo\u00bb.<\/p>\n<p>\nUn claro trasfondo de apuestas ilegales\n<\/p>\n<p class=\"voc-p\" style=\"\">Nikol\u00e1s est\u00e1 tranquilo y sereno. Nos recibe en Sant Andreu de Llavaneres, un municipio ubicado a unos 40 kil\u00f3metros al noreste de Barcelona. Medita cada palabra y transmite aplomo. No duda en denunciar la amenaza, con un trasfondo delictivo de apuestas ilegales, ya que aunque Aboian jugaba en casa, la diferencia de ranking apuntaba a un claro favoritismo hacia el espa\u00f1ol. Niko no esconde la congoja y la ansiedad que le gener\u00f3 el peligro que acecha a sus seres queridos. \u00abEscribo a a mi novia, le digo que disimuladamente se ponga en contacto con mi familia, averig\u00fce d\u00f3nde est\u00e1n y si est\u00e1n bien\u00bb, detalla. El tenista enseguida recibe la informaci\u00f3n requerida. \u00abPor favor, j\u00fantalos y cuando est\u00e9is solos llamadme para que pueda explicar la situaci\u00f3n\u00bb, alecciona a su pareja.<\/p>\n<p><img decoding=\"async\" loading=\"lazy\" src=\"https:\/\/www.europesays.com\/es\/wp-content\/uploads\/2026\/02\/niko2-U61145216861apx-760x427@diario_abc.jpg\" class=\"voc-img\" width=\"760\" height=\"427\" alt=\"Nikol\u00e1s posa para ABC tras regresar de Argentina\" data-voc-vtm-id=\"in-text-traffic\"\/><\/p>\n<p>Nikol\u00e1s posa para ABC tras regresar de Argentina<\/p>\n<p>MIQUEL MU\u00d1OZ<\/p>\n<p class=\"voc-p\" style=\"\">Con la familia a salvo, S\u00e1nchez Izquierdo y su entrenador valoran qu\u00e9 deben hacer y c\u00f3mo actuar para respetar el Programa Anticorrupci\u00f3n de la Agencia Internacional de Integridad del Tenis. \u00abJuntamos a los m\u00e1ximos responsables y trasladamos la situaci\u00f3n. Yo me quedo aislado en una sala y me ponen vigilancia policial. La organizaci\u00f3n del torneo, con su directora Gabriela a la cabeza, tuvo un trato exquisito. Vinieron a tomarme declaraci\u00f3n para que no tuviera que abandonar las instalaciones. Mi familia tambi\u00e9n denunci\u00f3 en la comisar\u00eda m\u00e1s cercana de casa\u00bb.<\/p>\n<p class=\"voc-p\" style=\"\">El tenista se plantea seriamente la posibilidad de no jugar. \u00abEs una paradoja porque vas muy lejos de casa para jugar e intentar ganar. Pero la seguridad de mi familia y la m\u00eda era lo primero. Pienso que, si me marcho, igual corro menos peligro y se deja bien claro que a no ser que se retire el partido de las casas de apuestas, de todas las casas de apuestas, yo no iba a saltar a pista\u00bb, explica. El partido se va aplazando. \u00abEra un perder o perder. Si perd\u00eda el partido, perd\u00eda lo que quer\u00eda, y si ganaba el partido, pod\u00eda perder la seguridad m\u00eda y de mi familia&#8230;\u00bb, lamenta.<\/p>\n<p class=\"voc-title\">\u00abEstaba mucho m\u00e1s pendiente de lo que pasaba fuera de la pista que de lo que pasaba dentro. Ten\u00eda miedo. Y lo que genera la situaci\u00f3n para m\u00ed&#8230; te ponen vigilancia, cierran la pista&#8230; Ten\u00eda la sensaci\u00f3n de que algo iba a pasar\u00ab<\/p>\n<p class=\"voc-article-position__name\">Nikol\u00e1s S\u00e1nchez Izquierdo<\/p>\n<p class=\"voc-article-position__employ\">Tenista profesional<\/p>\n<p class=\"voc-p\" style=\"\">Retiran el partido de las casas de apuestas y programan una hora de inicio sin tener en cuenta el estado an\u00edmico de S\u00e1nchez Izquierdo, que acaba perdiendo 7-5 y 6-4. \u00abEn un primer momento mi reacci\u00f3n es la de pensar que vas a poder con todo, de que nada ni nadie te puede. Pero como dice mi entrenador, no somos nada. Y viene alguien por arriba, pum, y te pisa. Pues a m\u00ed, claramente, me pisaron porque luego en la pista me vi sin ning\u00fan tipo de control sobre mis capacidades\u00bb, avisa. <\/p>\n<p class=\"voc-p\" style=\"\">Y rememora el infierno que sufri\u00f3 durante el encuentro, a pesar de que se disput\u00f3 a puerta cerrada: \u00abEstaba mucho m\u00e1s pendiente de lo que pasaba fuera de la pista que de lo que pasaba dentro. Ten\u00eda miedo. Y lo que genera la situaci\u00f3n para m\u00ed&#8230; te ponen vigilancia, cierran la pista&#8230; Ten\u00eda la sensaci\u00f3n de que algo me iba a pasar. Desconfiaba de ese porque me est\u00e1 mirando as\u00ed, de aquel porque me anima as\u00e1&#8230; Hac\u00eda viento, se movi\u00f3 una valla publicitaria y yo ya pensaba que alguien estaba entrando a por m\u00ed&#8230; Nunca hab\u00eda experimentado una sensaci\u00f3n as\u00ed y perd\u00ed el control. Mi cabeza no estaba en la pista ni mucho menos\u00bb.<\/p>\n<p class=\"voc-p\" style=\"\">El estr\u00e9s del tenista es de tal magnitud que el partido de dobles que deb\u00eda jugar a continuaci\u00f3n ya ni se disputa. \u00abEra imposible por las consecuencias an\u00edmicas que hab\u00eda tenido ya en el partido de individuales. Ni nos lo planteamos\u00bb. Poco a poco se va recuperando. Aterriz\u00f3 este mismo viernes en El Prat y el abrazo con los suyos fue como ganar un torneo. \u00abTodos hemos sufrido pero estoy agradecido por toda la gente que tengo al lado y que me ha ayudado en este proceso. Ahora quiero saber un poco el origen, el motivo y la raz\u00f3n de todo de todo esto\u00ab, advierte. Y a\u00f1ade: \u00abNo tengo miedo, pero es como todo. Ayer un poquito, hoy un poquito menos y ma\u00f1ana quiz\u00e1s menos a\u00fan\u00bb.<\/p>\n<p class=\"voc-p\" style=\"\">No le tiembla la voz cuando explica los motivos que le han llevado a rebelarse y a<a href=\"https:\/\/www.abc.es\/deportes\/tenis\/amanos-tenis-antenas-parabolicas-software-vanguardia-desfase-20251112021733-nt.html\" target=\"_self\" data-voc-vtm-id=\"in-text-traffic\" title=\" denunciar lo que le ha pasado\" data-mrf-link=\"www.abc.es\" rel=\"nofollow noopener\"> denunciar lo que le ha pasado<\/a>, desafiando amenazas y riesgos desconocidos. \u00abHablo porque quiero que se sepa la verdad y quiero que se d\u00e9 voz a situaciones que pasan, que creo que ning\u00fan jugador ni persona deber\u00eda tolerar\u00bb, apostilla antes de apuntar: \u00abHay jugadores que se han sentido identificados y, en parte, pretendo darle la m\u00e1xima voz que pueda tambi\u00e9n por ellos, por si puedo evitar que uno el d\u00eda de ma\u00f1ana est\u00e9 en esta situaci\u00f3n. Y que haya protocolos o que haya medidas de protecci\u00f3n para nosotros. Si eso pasa estar\u00e9 contento y encantado de haber podido ayudar\u00bb.<\/p>\n<p class=\"voc-title\">Hablo porque quiero que se sepa la verdad y quiero que se d\u00e9 voz a situaciones que pasan, que creo que ning\u00fan jugador ni persona deber\u00eda tolerar\u00bb<\/p>\n<p class=\"voc-article-position__name\">Nikol\u00e1s S\u00e1nchez Izquierdo<\/p>\n<p class=\"voc-article-position__employ\">Tenista profesional<\/p>\n<p class=\"voc-p\" style=\"\">S\u00e1nchez Izquierdo acaba su charla con ABC destacando que esta agresi\u00f3n supera vastamente los insultos que se reciben por las redes sociales. \u00abEl grado de alerta mayor nace porque es algo que va un paso m\u00e1s all\u00e1. Desgraciadamente, toleramos cosas que no deber\u00edamos de tolerar: que acabes un partido y te insulten en tu perfil o se metan con tu familia. Pero algo as\u00ed nunca me hab\u00eda pasado. Y no soy conocedor de nadie al que le haya pasado. Quiz\u00e1s ahora que me ha pasado a m\u00ed, a lo mejor alguien me dir\u00e1 &#8216;pues mira, a m\u00ed tambi\u00e9n me pas\u00f3&#8217;\u00bb.<\/p>\n","protected":false},"excerpt":{"rendered":"\u00abNikol\u00e1s escucha bien porque no te lo diremos otra vez. Y esto es para este partido. Sabemos todo&hellip;\n","protected":false},"author":2,"featured_media":383570,"comment_status":"","ping_status":"","sticky":false,"template":"","format":"standard","meta":{"footnotes":""},"categories":[274],"tags":[168,83870,25,24,1142,53036,3621,13327,83871,23,167,83869,327,326,55281],"class_list":["post-383569","post","type-post","status-publish","format-standard","has-post-thumbnail","category-tenis","tag-deportes","tag-disimulada","tag-es","tag-espana","tag-forma","tag-iremos","tag-padres","tag-perder","tag-secuestraremos","tag-spain","tag-sports","tag-tenes","tag-tenis","tag-tennis","tag-tus"],"share_on_mastodon":{"url":"https:\/\/pubeurope.com\/@es\/116027621606658518","error":""},"_links":{"self":[{"href":"https:\/\/www.europesays.com\/es\/wp-json\/wp\/v2\/posts\/383569","targetHints":{"allow":["GET"]}}],"collection":[{"href":"https:\/\/www.europesays.com\/es\/wp-json\/wp\/v2\/posts"}],"about":[{"href":"https:\/\/www.europesays.com\/es\/wp-json\/wp\/v2\/types\/post"}],"author":[{"embeddable":true,"href":"https:\/\/www.europesays.com\/es\/wp-json\/wp\/v2\/users\/2"}],"replies":[{"embeddable":true,"href":"https:\/\/www.europesays.com\/es\/wp-json\/wp\/v2\/comments?post=383569"}],"version-history":[{"count":0,"href":"https:\/\/www.europesays.com\/es\/wp-json\/wp\/v2\/posts\/383569\/revisions"}],"wp:featuredmedia":[{"embeddable":true,"href":"https:\/\/www.europesays.com\/es\/wp-json\/wp\/v2\/media\/383570"}],"wp:attachment":[{"href":"https:\/\/www.europesays.com\/es\/wp-json\/wp\/v2\/media?parent=383569"}],"wp:term":[{"taxonomy":"category","embeddable":true,"href":"https:\/\/www.europesays.com\/es\/wp-json\/wp\/v2\/categories?post=383569"},{"taxonomy":"post_tag","embeddable":true,"href":"https:\/\/www.europesays.com\/es\/wp-json\/wp\/v2\/tags?post=383569"}],"curies":[{"name":"wp","href":"https:\/\/api.w.org\/{rel}","templated":true}]}}