{"id":38380,"date":"2025-08-10T15:08:19","date_gmt":"2025-08-10T15:08:19","guid":{"rendered":"https:\/\/www.europesays.com\/es\/38380\/"},"modified":"2025-08-10T15:08:19","modified_gmt":"2025-08-10T15:08:19","slug":"dabiz-munoz-disfruta-un-plan-muy-especial-con-su-hija-mientras-cristina-pedroche-desaparece-de-las-redes","status":"publish","type":"post","link":"https:\/\/www.europesays.com\/es\/38380\/","title":{"rendered":"Dabiz Mu\u00f1oz disfruta un plan muy especial con su hija, mientras Cristina Pedroche desaparece de las redes"},"content":{"rendered":"<p id=\"eQTdVYwSlC\" data-wc=\"74\"><strong>Dabiz Mu\u00f1oz atraviesa uno de los momentos m\u00e1s plenos de su vida,<\/strong> tanto en lo personal como en lo familiar. El chef madrile\u00f1o, que suma<strong>\u00a0cuatro estrellas Michelin<\/strong> entre sus dos restaurantes \u2014las tres de DiverXO y la reciente de RavioXO\u2014 acaba de convertirse en <a class=\"hm-link\" href=\"https:\/\/www.hola.com\/actualidad\/20230716235835\/david-munioz-cristina-pedroche-palabras-agradecimiento-nacimiento-laia\/\" data-mrf-recirculation=\"article-body-link\" rel=\"nofollow noopener\" target=\"_blank\">padre por segunda vez<\/a>, el pasado mes de julio. Ahora, con una ni\u00f1a de dos a\u00f1os y un reci\u00e9n nacido en casa, toca repartirse las tareas m\u00e1s que nunca.<\/p>\n<p> <img src=\"https:\/\/www.europesays.com\/es\/wp-content\/uploads\/2025\/08\/451b46146328-europapress6895157dabizmunozsalehijalaiafauniaagosto2025madridespana.jpg\"   width=\"731\" height=\"1024\" loading=\"lazy\" decoding=\"async\" alt=\"Media Image\" fetchpriority=\"auto\" class=\"image ho-image\"\/>\u00a9 Europa Press<\/p>\n<p> <img src=\"https:\/\/www.europesays.com\/es\/wp-content\/uploads\/2025\/08\/88eebadf866a-europapress6895155dabizmunozsalehijalaiafauniaagosto2025madridespana.jpg\"   width=\"721\" height=\"1024\" loading=\"lazy\" decoding=\"async\" alt=\"(Foto de ARCHIVO)&#10;\" fetchpriority=\"auto\" class=\"image ho-image\"\/>\u00a9 Europa Press<\/p>\n<p id=\"e2g48NJwmsE\" data-wc=\"120\">As\u00ed que aprovechando unos d\u00edas de descanso, Mu\u00f1oz ha demostrado que, m\u00e1s all\u00e1 de los fogones, tambi\u00e9n sabe entregarse a los momentos cotidianos y que puede convertirse en el mejor compa\u00f1ero de juegos de su hija. Para que Laia no se aburriera en casa y pudiera disfrutar de una experiencia especial, el chef organiz\u00f3 <strong>una excursi\u00f3n solo para ella.<\/strong> <strong>Padre e hija fueron vistos en Faunia,<\/strong> el parque tem\u00e1tico de naturaleza en Madrid que combina jard\u00edn bot\u00e1nico y zool\u00f3gico. En una jornada dedicada exclusivamente a la ni\u00f1a, el chef se mostr\u00f3 como<strong>\u00a0un padre atento y c\u00f3mplic<\/strong><strong>e<\/strong>, disfrutando de cada rinc\u00f3n del parque y acompa\u00f1ando con entusiasmo la curiosidad de Laia, que empieza a explorar el mundo con mirada propia.<\/p>\n<p> <img src=\"https:\/\/www.europesays.com\/es\/wp-content\/uploads\/2025\/08\/510ff4565ed7-europapress6895154dabizmunozsalehijalaiafauniaagosto2025madridespana.jpg\"   width=\"1024\" height=\"720\" loading=\"lazy\" decoding=\"async\" alt=\"Media Image\" fetchpriority=\"auto\" class=\"image ho-image\"\/>\u00a9 Manuel Pinilla Cruces<\/p>\n<p> <img src=\"https:\/\/www.europesays.com\/es\/wp-content\/uploads\/2025\/08\/92e576f51f71-europapress6895160dabizmunozsalehijalaiafauniaagosto2025madridespana.jpg\"   width=\"1024\" height=\"694\" loading=\"lazy\" decoding=\"async\" alt=\"&#10;\" fetchpriority=\"auto\" class=\"image ho-image\"\/>\u00a9 Europa Press<\/p>\n<p id=\"eiII_gjX22\" data-wc=\"80\">Ambos luc\u00edan un look informal y c\u00f3modo, perfectamente acorde con el plan del d\u00eda y las altas temperaturas de la capital. Mu\u00f1oz opt\u00f3 por un conjunto completamente negro: pantal\u00f3n corto, camiseta y visera, un estilo sobrio pero funcional. Llamaba la atenci\u00f3n una media compresiva de color verde en una de sus piernas, posiblemente utilizada por alguna molestia o lesi\u00f3n leve. A la espalda, una mochila que, sin duda, conten\u00eda todo lo necesario para atender a su peque\u00f1a durante la excursi\u00f3n.<\/p>\n<p> <img src=\"https:\/\/www.europesays.com\/es\/wp-content\/uploads\/2025\/08\/f021acee5072-europapress6895156dabizmunozsalehijalaiafauniaagosto2025madridespana.jpg\"   width=\"1024\" height=\"682\" loading=\"lazy\" decoding=\"async\" alt=\"Media Image\" fetchpriority=\"auto\" class=\"image ho-image\"\/>\u00a9 Europa Press<\/p>\n<p> <img src=\"https:\/\/www.europesays.com\/es\/wp-content\/uploads\/2025\/08\/a3ebc6d4593c-europapress6895159dabizmunozsalehijalaiafauniaagosto2025madridespana.jpg\"   width=\"1024\" height=\"681\" loading=\"lazy\" decoding=\"async\" alt=\"Media Image\" fetchpriority=\"auto\" class=\"image ho-image\"\/>\u00a9 Europa Press<\/p>\n<p id=\"ek3RfE_jwev\" data-wc=\"46\">Laia, por su parte, vest\u00eda un bonito vestido vaquero de tirantes, ideal para moverse con libertad y frescura. Destacaba su melenita rubia sobre los hombros. Ambos, padre e hija, se mostraban relajados y c\u00f3mplices, preparados para disfrutar de una jornada de descubrimiento y juegos en Faunia.<\/p>\n<p> <img src=\"https:\/\/www.europesays.com\/es\/wp-content\/uploads\/2025\/08\/5da21cd9f80d-europapress6895161dabizmunozsalehijalaiafauniaagosto2025madridespana.jpg\"   width=\"1024\" height=\"751\" loading=\"lazy\" decoding=\"async\" alt=\"Media Image\" fetchpriority=\"auto\" class=\"image ho-image\"\/>\u00a9 Europa Press<\/p>\n<p id=\"efU8Donpuw\" data-wc=\"86\">La imagen de Dabiz como padre no es nueva, pero s\u00ed m\u00e1s visible. <a class=\"hm-link\" href=\"https:\/\/www.hola.com\/actualidad\/20230716235835\/david-munioz-cristina-pedroche-palabras-agradecimiento-nacimiento-laia\/\" data-mrf-recirculation=\"article-body-link\" rel=\"nofollow noopener\" target=\"_blank\">Desde que naci\u00f3 Laia,<\/a> el 14 de julio de 2023, tanto \u00e9l como Cristina Pedroche han sido muy cuidadosos con su exposici\u00f3n p\u00fablica, evitando mostrar el rostro de la ni\u00f1a y protegiendo su intimidad. Sin embargo, han compartido detalles entra\u00f1ables, como los pur\u00e9s gourmet que el chef prepara para su hija con t\u00e9cnicas japonesas, o la apuesta por el m\u00e9todo Baby-led Weaning, que permite a la peque\u00f1a explorar los alimentos por s\u00ed misma.<\/p>\n<p>El silencio digital de Pedroche<\/p>\n<p id=\"epTNG-Wv76t\" data-wc=\"92\">Mientras Dabiz se deja <strong>ver en redes sociales con platos innovadores, momentos familiares y hasta<\/strong> <strong>visitas inesperadas a Diverxo<\/strong> \u2014como la de <a class=\"hm-link\" href=\"https:\/\/www.hola.com\/cocina\/noticias\/20250714844163\/jennifer-lopez-cena-clandestina-madrid-dabiz-munoz-streetxo\/\" data-mrf-recirculation=\"article-body-link\" rel=\"nofollow noopener\" target=\"_blank\">Jennifer L\u00f3pez<\/a> durante su concierto en la capital, unos d\u00edas antes del nacimiento de su segundo hijo\u2014, <strong>Cristina Pedroche ha optado por desaparecer<\/strong> casi por completo del mundo digital. Desde que dio a luz a Isai Pedroche Mu\u00f1oz, el pasado 17 de julio en el Hospital Montepr\u00edncipe de Madrid, la presentadora no ha vuelto a publicar contenido en su perfil de Instagram, donde sol\u00eda compartir reflexiones, rutinas y momentos personales.<\/p>\n<p> <img src=\"https:\/\/www.europesays.com\/es\/wp-content\/uploads\/2025\/08\/9358ed6f87eb-rellensima-de-amorrrrrr.jpg\"   width=\"1080\" height=\"1080\" loading=\"lazy\" decoding=\"async\" alt=\"Cristina Pedroche\" fetchpriority=\"auto\" class=\"image ho-image\"\/>\u00a9 cristipedrocheCristina Pedroche<\/p>\n<p> <img src=\"https:\/\/www.europesays.com\/es\/wp-content\/uploads\/2025\/08\/d77b41ff7ddf-saveclipapp520530384185198529070063514293005346176507957n.jpg\"   width=\"768\" height=\"1024\" loading=\"lazy\" decoding=\"async\" alt=\"Cristina Pedroche y David Mu\u00f1oz anuncian el nacimiento de su segundo hijo, Isai\" fetchpriority=\"auto\" class=\"image ho-image\"\/>\u00a9 cristipedroche<\/p>\n<p id=\"eLf-m0svK1\" data-wc=\"100\">Su \u00faltimo post fue precisamente el anuncio del nacimiento del benjam\u00edn de la familia, acompa\u00f1ado de un mensaje lleno de emoci\u00f3n: <strong>\u201cPues s\u00ed, el amor se multiplica. Isai Pedroche Mu\u00f1oz\u201d<\/strong>. Y alguna storie e d\u00edas posteriores mostrando algunos de los alimentos, como el jam\u00f3n serrano, que ya pod\u00eda volver a comer. Desde entonces, no hemos vuelto a saber nada de la presentadora de Zapeando, que se despidi\u00f3 del <a class=\"hm-link\" href=\"https:\/\/www.hola.com\/actualidad\/20250624839952\/cristina-pedroche-se-despide-zapeando-lagrimas-embarazada\/\" data-mrf-recirculation=\"article-body-link\" rel=\"nofollow noopener\" target=\"_blank\">programa el 23 de junio<\/a> y en la actualidad, <strong>disfruta de su baja por maternidad.<\/strong> El silencio ha sido absoluto, y muchos de sus seguidores han empezado a preguntarse por su ausencia.<\/p>\n<p> <img src=\"https:\/\/www.europesays.com\/es\/wp-content\/uploads\/2025\/08\/d276ba5a0b1e-502387693185154479500063514275958433239518259n.jpg\"   width=\"768\" height=\"1024\" loading=\"lazy\" decoding=\"async\" alt=\"Media Image\" fetchpriority=\"auto\" class=\"image ho-image\"\/>\u00a9 cristipedroche<\/p>\n<p id=\"eH6-SZTTlx\" data-wc=\"77\">Pedroche, quien durante <strong>su primer embarazo comparti\u00f3 con naturalidad sus miedos,\u00a0<\/strong>sus decisiones sobre la lactancia y las intensas emociones del posparto, lleg\u00f3 incluso a plasmar esa experiencia en Gracias al miedo,\u00a0<a class=\"hm-link\" href=\"https:\/\/www.hola.com\/padres\/20240606361095\/cristina-pedroche-habla-libro-miedo-maternidad\/\" data-mrf-recirculation=\"article-body-link\" rel=\"nofollow noopener\" target=\"_blank\">un libro profundamente personal <\/a>en el que abordaba con honestidad su viaje emocional, marcado por la maternidad, el crecimiento interior y el miedo como motor de transformaci\u00f3n. Esta vez, sin embargo, parece haber optado por vivir la maternidad desde un lugar m\u00e1s \u00edntimo y reservado.<\/p>\n<p> <img src=\"https:\/\/www.europesays.com\/es\/wp-content\/uploads\/2025\/08\/54dfd0419056-dlu581122027.jpg\"   width=\"1024\" height=\"683\" loading=\"lazy\" decoding=\"async\" alt=\"Media Image\" fetchpriority=\"auto\" class=\"image ho-image\"\/>\u00a9 GTRES<\/p>\n<p id=\"eKrzauuI963\" data-wc=\"54\">El peque\u00f1o Isai, con apenas tres semanas de vida, se encuentra en esa etapa delicada en la que el v\u00ednculo con la madre es vital, y Pedroche est\u00e1 completamente volcada en sus cuidados. Una entrega que ahora se reparte con Laia, su hija mayor, quien comienza a descubrir su nuevo papel como hermana mayor.<\/p>\n<p> <img src=\"https:\/\/www.europesays.com\/es\/wp-content\/uploads\/2025\/08\/772026a90dd1-pedroche-david-ep.jpg\"   width=\"682\" height=\"1024\" loading=\"lazy\" decoding=\"async\" alt=\"Cristina Pedroche y David Mu\u00f1oz con su hija Laia\" fetchpriority=\"auto\" class=\"image ho-image\"\/>\u00a9 Europa Press<\/p>\n<p> <img src=\"https:\/\/www.europesays.com\/es\/wp-content\/uploads\/2025\/08\/d991f18aa7c4-u572313001.jpg\"   width=\"1080\" height=\"1800\" loading=\"lazy\" decoding=\"async\" alt=\"Media Image\" fetchpriority=\"auto\" class=\"image ho-image\"\/>\u00a9 GTRES<\/p>\n<p id=\"eCnsUSLXwI\" data-wc=\"56\">La familia Mu\u00f1oz Pedroche vive ahora una etapa de reajuste, con dos ni\u00f1os peque\u00f1os y proyectos profesionales en marcha. Aunque Cristina ha decidido alejarse temporalmente de los focos, Dabiz sigue mostrando que, m\u00e1s all\u00e1 de los fogones, tambi\u00e9n sabe saborear los momentos m\u00e1s sencillos: una excursi\u00f3n con su hija, que, sin duda, fue inolvidable para ambos.<\/p>\n","protected":false},"excerpt":{"rendered":"Dabiz Mu\u00f1oz atraviesa uno de los momentos m\u00e1s plenos de su vida, tanto en lo personal como en&hellip;\n","protected":false},"author":2,"featured_media":38381,"comment_status":"","ping_status":"","sticky":false,"template":"","format":"standard","meta":{"footnotes":""},"categories":[91],"tags":[517,18875,18874,146,147,25,24,23],"class_list":{"0":"post-38380","1":"post","2":"type-post","3":"status-publish","4":"format-standard","5":"has-post-thumbnail","7":"category-entretenimiento","8":"tag-actualidad","9":"tag-cristina-pedroche","10":"tag-david-munoz","11":"tag-entertainment","12":"tag-entretenimiento","13":"tag-es","14":"tag-espana","15":"tag-spain"},"share_on_mastodon":{"url":"","error":""},"_links":{"self":[{"href":"https:\/\/www.europesays.com\/es\/wp-json\/wp\/v2\/posts\/38380","targetHints":{"allow":["GET"]}}],"collection":[{"href":"https:\/\/www.europesays.com\/es\/wp-json\/wp\/v2\/posts"}],"about":[{"href":"https:\/\/www.europesays.com\/es\/wp-json\/wp\/v2\/types\/post"}],"author":[{"embeddable":true,"href":"https:\/\/www.europesays.com\/es\/wp-json\/wp\/v2\/users\/2"}],"replies":[{"embeddable":true,"href":"https:\/\/www.europesays.com\/es\/wp-json\/wp\/v2\/comments?post=38380"}],"version-history":[{"count":0,"href":"https:\/\/www.europesays.com\/es\/wp-json\/wp\/v2\/posts\/38380\/revisions"}],"wp:featuredmedia":[{"embeddable":true,"href":"https:\/\/www.europesays.com\/es\/wp-json\/wp\/v2\/media\/38381"}],"wp:attachment":[{"href":"https:\/\/www.europesays.com\/es\/wp-json\/wp\/v2\/media?parent=38380"}],"wp:term":[{"taxonomy":"category","embeddable":true,"href":"https:\/\/www.europesays.com\/es\/wp-json\/wp\/v2\/categories?post=38380"},{"taxonomy":"post_tag","embeddable":true,"href":"https:\/\/www.europesays.com\/es\/wp-json\/wp\/v2\/tags?post=38380"}],"curies":[{"name":"wp","href":"https:\/\/api.w.org\/{rel}","templated":true}]}}