{"id":383825,"date":"2026-02-07T08:47:09","date_gmt":"2026-02-07T08:47:09","guid":{"rendered":"https:\/\/www.europesays.com\/es\/383825\/"},"modified":"2026-02-07T08:47:09","modified_gmt":"2026-02-07T08:47:09","slug":"tve-dispara-un-22-la-compra-de-programas-y-ya-representa-la-cuarta-parte-de-su-presupuesto","status":"publish","type":"post","link":"https:\/\/www.europesays.com\/es\/383825\/","title":{"rendered":"TVE dispara un 22% la compra de programas y ya representa la cuarta parte de su presupuesto"},"content":{"rendered":"<p>La Corporaci\u00f3n de Radio y Televisi\u00f3n Espa\u00f1ola (TVE) dispar\u00f3 un 22% la compra de programas durante 2025. Las cifras a las que ha tenido acceso <a href=\"https:\/\/theobjective.com\/\" rel=\"nofollow noopener\" target=\"_blank\">THE OBJECTIVE<\/a> <strong>indican que la adquisici\u00f3n de espacios ha crecido en medio de una fuerte remodelaci\u00f3n de la parrilla <\/strong>y tras el fichaje de una serie de programas de infoentretenimiento \u2014como Ma\u00f1aneros 360, Malas lenguas y \u00a0Directo al grano\u2014 que se han convertido en la columna vertebral del daytime de la cadena.<\/p>\n<p><strong>El gasto en contrataciones audiovisuales para el a\u00f1o recientemente concluido lleg\u00f3 a los 278,5 millones<\/strong>, 50 m\u00e1s que los 227,8 registrados en 2024. Este dato se refiere a contrataciones formalizadas con gastos comprometidos por importe por proveedor igual o superior a 50.000 euros para todas las anualidades. Esto implica que se trata del momento en el que se contrata el programa, no cuando se emite. Y por todo el periodo comprometido, ya que no se distingue el gasto anualizado de cada compromiso.<\/p>\n<p>Este montante no incluye la renovaci\u00f3n por dos a\u00f1os del contrato de La Revuelta de <a href=\"https:\/\/theobjective.com\/etiqueta\/david-broncano\/\" type=\"post_tag\" id=\"70622\" rel=\"nofollow noopener\" target=\"_blank\">David Broncano<\/a> por 31,6 millones, <strong>ya que esta se computar\u00e1 en el gasto de este 2026 que comienza.<\/strong> Es una subida de casi cuatro millones, pese a que precisamente este \u00faltimo mes ha registrado sus audiencias m\u00e1s bajas desde que desembarcara en la cadena p\u00fablica. El anterior contrato, en vigor hasta septiembre, era de 28 millones.<\/p>\n<p>\u2018MasterChef\u2019<\/p>\n<p><strong>Este importante crecimiento se produce en un contexto de revoluci\u00f3n en la parrilla de la cadena p\u00fablica<\/strong>, impulsada por su presidente <a href=\"https:\/\/theobjective.com\/etiqueta\/jose-pablo-lopez\/\" type=\"post_tag\" id=\"537595\" rel=\"nofollow noopener\" target=\"_blank\">Jos\u00e9 Pablo L\u00f3pez<\/a>, que adem\u00e1s cumple un a\u00f1o al mando de TVE. Una parte importante del gasto ha ido a contratar programas de infoentretenimiento. Destaca el pago de 15,3 millones a Big Bang Media por las Malas Lenguas de Jes\u00fas Cintora; los 12,4 millones a La cometa por Ma\u00f1aneros de Javier Ruiz; o los 6,8 millones para La Osa y su Directo al grano de Marta Flich y Gonzalo Mir\u00f3. En total, 34,5 millones.<\/p>\n<p><strong>El grueso del gasto en programas se lo vuelve a llevar un a\u00f1o m\u00e1s Shine Iberia<\/strong>. La productora de <a href=\"https:\/\/theobjective.com\/etiqueta\/masterchef-celebrity\/\" type=\"post_tag\" id=\"531258\" rel=\"nofollow noopener\" target=\"_blank\">MasterChef<\/a> se ha asegurado contratos por valor de 38,6 millones de euros por realizar MasterChef celebrity (17,3 millones); Decomasters (7,9 millones), MasterChef senior (6,9 millones); y Maestros de la costura celebrity (6,3 millones).<\/p>\n<p>La segunda productora con los contratos m\u00e1s elevados fue Bamb\u00fa Producciones con 20,5 millones, 19,3 solo para La promesa, la telenovela de la tarde que ha cosechado grandes resultados de audiencia. La tercera productora es El Terrat (Mediapro) con 15,9 millones. De ellos, <strong>6,5 se quedaron en Cu\u00e1nto, cu\u00e1nto, cu\u00e1nto; 5,9 en Futuro imperfecto de Andreu Buenafuente; y 1,8 millones en La red de Dani Rovira.<\/strong><\/p>\n<p>Presupuestos de TVE<\/p>\n<p>Studiocanal (Valle salvaje) se queda con 14 millones; La cometa con 12,4; La Osa con 11,6 millones (incluyendo la fracasada aventura de La familia de la tele (4,2 millones de euros)); Catorce Comunicaci\u00f3n con 10,3 millones, casi exclusivamente por la facturaci\u00f3n de Aqu\u00ed la tierra (9 millones); Boxfish (Top chef) con 9,5 millones; Zepellin (Hasta el fin del mundo) con 7 millones; Mediapro (Barrio esperanza) con 5,6 millones; y Newatommedia (Cifras y letras) con 5,3 millones.<\/p>\n<p>Estos 278,5 millones en programas <strong>representan una cuarta parte de los 1.100 millones de presupuesto anual de RTVE, <\/strong>uno de los porcentajes m\u00e1s elevados del \u00faltimo lustro. TVE gasta unos 490 millones <a href=\"https:\/\/theobjective.com\/medios\/2026-01-28\/hacienda-rtve-perdidas-desequilibrio-patrimonial\/\" rel=\"nofollow noopener\" target=\"_blank\">en costes laborales <\/a>y otros 400 en compras de derechos audiovisuales. Con todo, este 2025 registr\u00f3 un super\u00e1vit de 45 millones, seg\u00fan indic\u00f3 este jueves en sede parlamentaria Jos\u00e9 Pablo L\u00f3pez, que asegur\u00f3 que el resultado contable (una vez revalorados los inmuebles) ser\u00e1 superior a los\u00a055 millones de euros, que pasar\u00e1n al\u00a0fondo de reserva\u00a0de RTVE.<\/p>\n<p>En una anterior comparecencia <strong>detall\u00f3 que en los primeros nueve meses del a\u00f1o el consumo de programas cay\u00f3 un 28% (aunque finalmente subi\u00f3 un 22%)<\/strong>, el gasto de explotaci\u00f3n se redujo un 12%, el de personal aument\u00f3 un 0,9% \u2014frente a la subida salarial del 2,5% pactada con los sindicatos\u2014 y los ingresos comerciales mejoraron un 26%. Esto \u00faltimo por la mayor agresividad de la cadena, pese a las limitaciones de la ley de <a href=\"https:\/\/theobjective.com\/etiqueta\/rtve\/\" type=\"post_tag\" id=\"69515\" rel=\"nofollow noopener\" target=\"_blank\">RTVE<\/a>, que proh\u00edbe los anuncios comerciales.\u00a0<\/p>\n","protected":false},"excerpt":{"rendered":"La Corporaci\u00f3n de Radio y Televisi\u00f3n Espa\u00f1ola (TVE) dispar\u00f3 un 22% la compra de programas durante 2025. Las&hellip;\n","protected":false},"author":2,"featured_media":383826,"comment_status":"","ping_status":"","sticky":false,"template":"","format":"standard","meta":{"footnotes":""},"categories":[171],"tags":[33061,146,147,25,24,14695,16565,1699,518,23,214,3156],"class_list":["post-383825","post","type-post","status-publish","format-standard","has-post-thumbnail","category-tv","tag-consejo-de-rtve","tag-entertainment","tag-entretenimiento","tag-es","tag-espana","tag-javier-ruiz","tag-josu00e9-pablo-lu00f3pez","tag-psoe","tag-rtve","tag-spain","tag-tv","tag-tve"],"share_on_mastodon":{"url":"https:\/\/pubeurope.com\/@es\/116028482689365866","error":""},"_links":{"self":[{"href":"https:\/\/www.europesays.com\/es\/wp-json\/wp\/v2\/posts\/383825","targetHints":{"allow":["GET"]}}],"collection":[{"href":"https:\/\/www.europesays.com\/es\/wp-json\/wp\/v2\/posts"}],"about":[{"href":"https:\/\/www.europesays.com\/es\/wp-json\/wp\/v2\/types\/post"}],"author":[{"embeddable":true,"href":"https:\/\/www.europesays.com\/es\/wp-json\/wp\/v2\/users\/2"}],"replies":[{"embeddable":true,"href":"https:\/\/www.europesays.com\/es\/wp-json\/wp\/v2\/comments?post=383825"}],"version-history":[{"count":0,"href":"https:\/\/www.europesays.com\/es\/wp-json\/wp\/v2\/posts\/383825\/revisions"}],"wp:featuredmedia":[{"embeddable":true,"href":"https:\/\/www.europesays.com\/es\/wp-json\/wp\/v2\/media\/383826"}],"wp:attachment":[{"href":"https:\/\/www.europesays.com\/es\/wp-json\/wp\/v2\/media?parent=383825"}],"wp:term":[{"taxonomy":"category","embeddable":true,"href":"https:\/\/www.europesays.com\/es\/wp-json\/wp\/v2\/categories?post=383825"},{"taxonomy":"post_tag","embeddable":true,"href":"https:\/\/www.europesays.com\/es\/wp-json\/wp\/v2\/tags?post=383825"}],"curies":[{"name":"wp","href":"https:\/\/api.w.org\/{rel}","templated":true}]}}