{"id":383911,"date":"2026-02-07T09:53:11","date_gmt":"2026-02-07T09:53:11","guid":{"rendered":"https:\/\/www.europesays.com\/es\/383911\/"},"modified":"2026-02-07T09:53:11","modified_gmt":"2026-02-07T09:53:11","slug":"no-tengo-derecho-a-amargarle-la-vida-al-espectador-si-puedo-darle-dos-horas-de-un-entreacto-de-atencion-consciente-a-cosas-cotidianas-pequenas-y-que-se-las-lleve-con-el","status":"publish","type":"post","link":"https:\/\/www.europesays.com\/es\/383911\/","title":{"rendered":"\u201cNo tengo derecho a amargarle la vida al espectador. Si puedo darle dos horas de un entreacto de atenci\u00f3n consciente a cosas cotidianas, peque\u00f1as y que se las lleve con \u00e9l&#8230;&#8217;"},"content":{"rendered":"<p>\u00bfC\u00f3mo volver a los lugares que compart\u00edas con tu pareja despu\u00e9s de una ruptura? \u00bfC\u00f3mo afrontar la vida sabiendo que tienes una enfermedad terminal? \u00bfC\u00f3mo disfrutar de un helado sabiendo que puede ser el \u00faltimo? A todas esas situaciones se enfrenta Marta, la protagonista de la nueva pel\u00edcula de Isabel Coixet, Tres adioses.\u00a0<\/p>\n<p>La cineasta lleva a la pantalla con Alba Rohrwacher como protagonista la adaptaci\u00f3n de Tres cuencos, el libro de relatos parcialmente autobiogr\u00e1ficos que la escritora y activista feminista Michela Murgia public\u00f3 antes de morir. Murgia era un aut\u00e9ntico icono en Italia y la cinta, que se estrena este viernes en las salas espa\u00f1oles, ha sido todo un \u00e9xito en el pa\u00eds transalpino.\u00a0<\/p>\n<p>Coixet recibe a El HuffPost en un ma\u00f1ana de lluvia en Madrid que poco tiene que ver con la imagen del atardecer con una danza de estorninos sobre el r\u00edo T\u00edber que abre la pel\u00edcula y que fue una de las escenas en las que la directora plasm\u00f3 su experiencia personal.\u00a0<\/p>\n<p><b>\u00bfC\u00f3mo conociste la obra de Michela Murgia y qu\u00e9 te conmovi\u00f3 de su trabajo?<\/b><\/p>\n<p>Yo conoc\u00eda la primera novela que escribi\u00f3 que se llama La acabadora, que es una gran historia y adem\u00e1s pasa en Cerde\u00f1a, ella era sarda, y me impresion\u00f3. Luego hab\u00eda le\u00eddo alg\u00fan ensayo pero lo que s\u00ed es verdad es que yo no conoc\u00eda la dimensi\u00f3n ic\u00f3nica que tiene ella en Italia. Todo el mundo la conoce, gente que lee, gente que no lee&#8230; Porque ella era un personaje muy popular, sal\u00eda en televisi\u00f3n, era una polemista implacable, con una dial\u00e9ctica aplastante.<\/p>\n<p>A m\u00ed me lleg\u00f3 este libro dos semanas despu\u00e9s de que ella muriera y yo dije, \u2018vamos a calmarnos un poco\u2019, hab\u00eda un productor que hab\u00eda comprado los derechos. Me daba mucho respeto. Entonces lo le\u00ed, me gust\u00f3. Son relatos y hab\u00eda dos relatos, el relato de Antonio y el relato de Marta, que s\u00ed que vi que se pod\u00edan cruzar.<\/p>\n<p>\u00abNo conoc\u00eda la dimensi\u00f3n ic\u00f3nica que tiene Michela Murgia en Italia. Todo el mundo la conoce, gente que lee, gente que no lee&#8230; Porque ella era un personaje muy popular, sal\u00eda en televisi\u00f3n, era una polemista implacable, con una dial\u00e9ctica aplastante\u00bb<\/p>\n<p>\u00bfQu\u00e9 me gust\u00f3? Cada vez que he adaptado una novela ha sido siempre un flechazo. No hay un momento en el que yo diga \u2018busco esto, busco un drama&#8230;\u2019, no. Evidentemente mis gustos siempre se reflejan y hay cosas que sientes que conectas con ellas de una manera instintiva, inmediata y s\u00ed que con esos dos relatos conect\u00e9 mucho. Me pareci\u00f3 adem\u00e1s que pod\u00edan casar muy bien para contar una historia en una pel\u00edcula.<\/p>\n<p><b>\u00bfQuieres que el espectador salga de la sala par\u00e1ndose a pensar y con ganas de vivir despu\u00e9s de la reflexi\u00f3n final de Marta?<\/b><\/p>\n<p>Esa reflexi\u00f3n no es de Michela Murgia, es directamente m\u00eda, y es algo que no solo le digo al espectador, me lo digo a m\u00ed misma todo el rato. Lo tengo ah\u00ed en un post it en mi frente a ver si me lo meto en la cabeza porque&#8230; Porque s\u00ed que pienso que es importante, tanto eso como cuando le dice a su hermana \u2018vive una vida que sea la tuya, que no sea la de otros, que no sea la de las rese\u00f1as, la de la pareja\u2019&#8230; Que no sea con la que t\u00fa fantaseas sino algo genuino, que no sea una proyecci\u00f3n de los otros. En ese sentido est\u00e1 directamente, no hay pa\u00f1os calientes. Es una reflexi\u00f3n que es casi un lugar com\u00fan, pero es un lugar com\u00fan del que nos olvidamos todo el rato.<\/p>\n<p><img decoding=\"async\" loading=\"lazy\" src=\"https:\/\/www.europesays.com\/es\/wp-content\/uploads\/2026\/02\/isabel-coixet-durante-el-rodaje-con-alba-rohrwacher-y-elio-germano.jpeg\" width=\"720\" height=\"0\"   alt=\"Isabel Coixet, durante el rodaje con Alba Rohrwacher y Elio Germano\"\/><\/p>\n<p>            \u00a0<\/p>\n<p>        Isabel Coixet, durante el rodaje con Alba Rohrwacher y Elio GermanoGreta de Lazzaris<\/p>\n<p><b>Es f\u00e1cil decirte a ti mismo que tienes que aprovechar y no preocuparte por peque\u00f1as cosas pero ponerlo en pr\u00e1ctica es complicado, \u00bfno?<\/b><\/p>\n<p>Implementarlo en tu vida es complicado. \u00bfPor qu\u00e9? Porque tenemos 50.000 distracciones, porque estamos jodidos porque nos ha pasado algo en el pasado y lo tenemos ah\u00ed y por mucho que queramos cerrarlo, venga, est\u00e1 ah\u00ed como una especie de larva, jodi\u00e9ndote la vida. Y luego angustiados tambi\u00e9n por c\u00f3mo va a ser el futuro. Que es normal estar angustiados. Es lo normal. Lo raro tambi\u00e9n es vivir como en los mundos de yupi. No. Pero s\u00ed que hay que tener esos momentos de estar&#8230; Pues viendo estos p\u00e1jaros y no pensando nada, simplemente viendo c\u00f3mo hacen estas formaciones. Que yo siempre me lo he preguntado con los estorninos estos, \u00bfc\u00f3mo es posible que no se choquen nunca y que sean tan perfectos?<\/p>\n<p>\u00abEstamos angustiados por c\u00f3mo va a ser el futuro. Que es normal estar angustiados, es lo normal. Lo raro tambi\u00e9n es vivir como en los mundos de yupi. Pero s\u00ed que hay que tener esos momentos de estar&#8230; Pues viendo estos p\u00e1jaros y no pensando nada, simplemente viendo c\u00f3mo hacen estas formaciones\u00bb<\/p>\n<p>Es curioso porque tambi\u00e9n lo de los estorninos es el gran recuerdo que yo tengo de Roma. Me acuerdo un viaje con mi hija que era muy peque\u00f1a, ten\u00eda como tres a\u00f1os, y pas\u00e1bamos el rato, vamos, ni la Capilla Sixtina ni el Foro Romano, buscando estos estorninos en el cielo. Y esa pura belleza y fascinaci\u00f3n, tener esos momentos, es importante para sobrevellevar todo lo dem\u00e1s.<\/p>\n<p><b>\u00bfLa escena en la que Marta se emociona comiendo un helado resume al final el mensaje de Tres adioses no?<\/b><\/p>\n<p>Creo que en el helado est\u00e1 la pel\u00edcula. Todo est\u00e1 ah\u00ed. El placer, el ser un ni\u00f1o otra vez, el decir pues me como un helado triple si hace falta y que nadie me venga con historias de calor\u00edas. Tambi\u00e9n est\u00e1 la sensaci\u00f3n de \u2018igual es el \u00faltimo que me como, pero me est\u00e1 gustando mucho y me tengo que olvidar&#8230;\u2019 Toda esa paradoja de su personaje est\u00e1 en ese momento y hac\u00eda falta una actriz como Alba para expresarlo as\u00ed.\u00a0<\/p>\n<p><img decoding=\"async\" loading=\"lazy\" src=\"https:\/\/www.europesays.com\/es\/wp-content\/uploads\/2026\/02\/alba-rohrwarcher-en-tres-adioses.jpeg\" width=\"720\" height=\"0\"   alt=\"Alba Rohrwarcher, en 'Tres adioses'\"\/><\/p>\n<p>            \u00a0<\/p>\n<p>        Alba Rohrwarcher, en &#8216;Tres adioses&#8217;Greta de Lazzaris<\/p>\n<p><b>La pel\u00edcula podr\u00eda haber sido un melodrama, \u00bfpor qu\u00e9 decidiste no hacerlo as\u00ed?<\/b><\/p>\n<p>No tengo nada en contra de los dramas y los melodramas, pero tambi\u00e9n es que yo me tomo la vida&#8230; Bueno, no, yo me la tomo m\u00e1s bien a lo tr\u00e1gico, a tom\u00e1rmelo todo muy a pecho, pero s\u00ed que en las pel\u00edculas me parece que no tengo derecho a amargarle la vida al espectador. Que si puedo darle dos horas de un entreacto de atenci\u00f3n consciente a cosas cotidianas, peque\u00f1as y que se las lleve con \u00e9l&#8230; Yo creo que una de las claves de mi supervivencia como cineasta es esa. Much\u00edsima gente recuerda momentos muy espec\u00edficos, detalles de mis pel\u00edculas que les han acompa\u00f1ado siempre, y yo siempre me siento orgullosa de eso. De poca cosa m\u00e1s, pero de eso s\u00ed.<\/p>\n<p>Tambi\u00e9n he comprendido que la pel\u00edcula dura hasta los t\u00edtulos de cr\u00e9dito finales, que hay algo ah\u00ed que me gustar\u00eda que el espectador viera, que le pido conscientemente que lo vea. Ya s\u00e9 que empiezan los t\u00edtulos y la gente se va. Lo entiendo, tienen pis, tienen cervezas que tomar&#8230; pero me gustar\u00eda que me dieran tres minutos m\u00e1s de su tiempo porque hay algo al final que acompa\u00f1a toda la pel\u00edcula, tambi\u00e9n la redimensiona y adem\u00e1s es algo que para m\u00ed personalmente es muy importante, y esa historia del final de los t\u00edtulos es una historia que ha acompa\u00f1ado desde que soy adolescente.<\/p>\n<p>\u00abMuch\u00edsima gente recuerda momentos muy espec\u00edficos, detalles de mis pel\u00edculas que les han acompa\u00f1ado siempre, y yo siempre me siento orgullosa de eso. De poca cosa m\u00e1s, pero de eso s\u00ed\u00bb<\/p>\n<p><b>Despu\u00e9s de rodar en Italia, \u00bfhay algo que te llamara la atenci\u00f3n de c\u00f3mo viven all\u00ed el cine?<\/b><\/p>\n<p>Creo que son dos industrias bastante similares, especialmente ahora. Lo que s\u00ed existe en Italia es una tradici\u00f3n de cine y una casi aristocracia del cine. T\u00fa ves que todos los nombres, las sagas de los el\u00e9ctricos o de los maquinistas, todos vienen de un gran estudio como ha sido cinecitt\u00e1. Aqui es verdad que en los a\u00f1os 50 hubo estudios pero eso desapareci\u00f3 enseguida. All\u00ed se sigue cultivando eso y hay una mitolog\u00eda del cine mucho m\u00e1s poderosa, mucho m\u00e1s universal. Pero las maneras de trabajar&#8230;<\/p>\n<p>Yo es que pienso que no s\u00e9, he rodado en much\u00edsimos pa\u00edses y evidentemente cada pa\u00eds tiene sus caracter\u00edsticas, pero t\u00fa me dices que diferencias hay del rodaje de Un amor, evidentemente adem\u00e1s de la historia, al rodaje de esta pel\u00edcula&#8230; pues las cosas funcionan, te rodeas de la mejor gente posible, conf\u00edas en ellos, te dan buenos feedbacks. Yo tengo una manera de rodar que es muy sencilla, me gusta algo, me gusta un lugar, pues rodamos aqu\u00ed. \u00bfNo se puede rodar en este lugar por lo que sea? Pues tenemos un plan B y si hay que tener un plan C se tiene y eso lo he aplicado desde hace muchos a\u00f1os. Y sobre todo rodearte de gente lo mejor posible.<\/p>\n","protected":false},"excerpt":{"rendered":"\u00bfC\u00f3mo volver a los lugares que compart\u00edas con tu pareja despu\u00e9s de una ruptura? \u00bfC\u00f3mo afrontar la vida&hellip;\n","protected":false},"author":2,"featured_media":383912,"comment_status":"","ping_status":"","sticky":false,"template":"","format":"standard","meta":{"footnotes":""},"categories":[174],"tags":[255,177,146,147,25,24,256,41009,23],"class_list":["post-383911","post","type-post","status-publish","format-standard","has-post-thumbnail","category-famosos","tag-celebrities","tag-cine","tag-entertainment","tag-entretenimiento","tag-es","tag-espana","tag-famosos","tag-isabel-coixet","tag-spain"],"share_on_mastodon":{"url":"https:\/\/pubeurope.com\/@es\/116028742379291642","error":""},"_links":{"self":[{"href":"https:\/\/www.europesays.com\/es\/wp-json\/wp\/v2\/posts\/383911","targetHints":{"allow":["GET"]}}],"collection":[{"href":"https:\/\/www.europesays.com\/es\/wp-json\/wp\/v2\/posts"}],"about":[{"href":"https:\/\/www.europesays.com\/es\/wp-json\/wp\/v2\/types\/post"}],"author":[{"embeddable":true,"href":"https:\/\/www.europesays.com\/es\/wp-json\/wp\/v2\/users\/2"}],"replies":[{"embeddable":true,"href":"https:\/\/www.europesays.com\/es\/wp-json\/wp\/v2\/comments?post=383911"}],"version-history":[{"count":0,"href":"https:\/\/www.europesays.com\/es\/wp-json\/wp\/v2\/posts\/383911\/revisions"}],"wp:featuredmedia":[{"embeddable":true,"href":"https:\/\/www.europesays.com\/es\/wp-json\/wp\/v2\/media\/383912"}],"wp:attachment":[{"href":"https:\/\/www.europesays.com\/es\/wp-json\/wp\/v2\/media?parent=383911"}],"wp:term":[{"taxonomy":"category","embeddable":true,"href":"https:\/\/www.europesays.com\/es\/wp-json\/wp\/v2\/categories?post=383911"},{"taxonomy":"post_tag","embeddable":true,"href":"https:\/\/www.europesays.com\/es\/wp-json\/wp\/v2\/tags?post=383911"}],"curies":[{"name":"wp","href":"https:\/\/api.w.org\/{rel}","templated":true}]}}