{"id":384207,"date":"2026-02-07T13:48:16","date_gmt":"2026-02-07T13:48:16","guid":{"rendered":"https:\/\/www.europesays.com\/es\/384207\/"},"modified":"2026-02-07T13:48:16","modified_gmt":"2026-02-07T13:48:16","slug":"un-documental-revivira-a-la-actriz-y-vedette-vitoriana-gloria-guzman","status":"publish","type":"post","link":"https:\/\/www.europesays.com\/es\/384207\/","title":{"rendered":"Un documental revivir\u00e1 a la actriz y vedette vitoriana Gloria Guzm\u00e1n"},"content":{"rendered":"<p>Gloria Guzm\u00e1n (Vitoria, 1900?-Buenos Aires, 1979) fue una actriz y vedette muy reconocida, sobre todo en Argentina, donde desarroll\u00f3 la mayor parte de su  &#8230; exitosa trayectoria profesional y vida personal. &#8216;Recuerdos de Gloria&#8217; es un documental que tratar\u00e1 de acercar la historia de \u00abuna grande en Am\u00e9rica que aqu\u00ed es una gran desconocida porque hizo mucho teatro pero no cine\u00bb, expresa el director del proyecto, Joseba V\u00e1zquez.<\/p>\n<p class=\"v-p\">\u00abAl final, la vida no es como uno ha vivido, sino como uno lo recuerda\u00bb, se destaca en el &#8216;teaser&#8217; lanzado por Amalur Films, que tambi\u00e9n cuenta con la participaci\u00f3n de Lobo Producciones y Sonora Estudios con un estreno previsto en la gran pantalla. El objetivo es \u00ablanzar el proyecto terminado a principios de este a\u00f1o\u00bb, en palabras de V\u00e1zquez. El rodaje, que se iniciar\u00e1 entre octubre y noviembre, tendr\u00e1 como escenario Vitoria y Argentina, donde transcurri\u00f3 la mayor parte de la vida de la artista alavesa. All\u00ed se lanz\u00f3 al estrellato con pel\u00edculas como &#8216;Las luces de Buenos Aires&#8217; donde comparti\u00f3 pantalla con Carlos Gardel o Sof\u00eda Boz\u00e1n, entre otros.<\/p>\n<p class=\"v-p\">Guzm\u00e1n naci\u00f3 en Vitoria en abril de 1900 o 1902 \u2013su determinaci\u00f3n es incierta\u2013 y, de hecho, se hace una peque\u00f1a referencia a ello en el metraje. Desarroll\u00f3 su carrera principalmente como actriz, aunque tambi\u00e9n estuvo ligada al teatro y la revista. Con tan solo seis a\u00f1os se traslad\u00f3 con su familia a La Habana (Cuba), donde actu\u00f3 por primera vez. Tras regresar a Espa\u00f1a, residi\u00f3 en Toledo, ciudad en la que descubri\u00f3 la opereta y la zarzuela, g\u00e9neros que despertaron su inter\u00e9s por el estudio de la m\u00fasica y el canto. Debut\u00f3 profesionalmente en Madrid y alcanz\u00f3 gran reconocimiento en Argentina, donde trabaj\u00f3 en teatros y particip\u00f3 en producciones cinematogr\u00e1ficas.<\/p>\n<p>Docudrama<\/p>\n<p class=\"v-p\">Aunque pas\u00f3 su vida en Buenos Aires, falleci\u00f3 all\u00ed en 1979, nunca dej\u00f3 Vitoria de lado. Un aspecto que V\u00e1zquez trata de resaltar en el documental. \u00abEs un acto de abrir la mente de que se puede volar hacia fuera pero su nido siempre estar\u00eda aqu\u00ed\u00bb, considera ya que Guzm\u00e1n nunca dej\u00f3 su v\u00ednculo con Vitoria, regresando en distintas etapas de su carrera para actuar ante su p\u00fablico.<\/p>\n<p class=\"v-p\">La l\u00ednea no ser\u00e1 la de un documental al uso sino que ser\u00e1 un docudrama, donde se ficcionan partes de la historia. Al puro estilo &#8216;Titanic&#8217; \u2013en palabras del director\u2013 ser\u00e1 la propia Guzm\u00e1n quien, ya mayor, repase su pasado tanto en lo personal como en lo profesional.<\/p>\n<p class=\"v-p\">El &#8216;teaser&#8217;, de apenas dos minutos y medio, deja entrever la din\u00e1mica del documental. En este se muestra inicialmente a una Guzm\u00e1n que empieza a dar sus primeros pasos en salas peque\u00f1as ante un p\u00fablico discreto. Luego, se produce un salto temporal a su tiempo de estrellato en Argentina, donde llega al emblem\u00e1tico teatro Maipo en Buenos Aires, donde se consolid\u00f3 como gran estrella.<\/p>\n","protected":false},"excerpt":{"rendered":"Gloria Guzm\u00e1n (Vitoria, 1900?-Buenos Aires, 1979) fue una actriz y vedette muy reconocida, sobre todo en Argentina, donde&hellip;\n","protected":false},"author":2,"featured_media":384208,"comment_status":"","ping_status":"","sticky":false,"template":"","format":"standard","meta":{"footnotes":""},"categories":[169],"tags":[6456,177,6084,146,147,25,24,176,3086,50,175,83993,23,83994,27831],"class_list":["post-384207","post","type-post","status-publish","format-standard","has-post-thumbnail","category-cine","tag-actriz","tag-cine","tag-documental","tag-entertainment","tag-entretenimiento","tag-es","tag-espana","tag-film","tag-gloria","tag-guzman","tag-movies","tag-revivira","tag-spain","tag-vedette","tag-vitoriana"],"share_on_mastodon":{"url":"https:\/\/pubeurope.com\/@es\/116029666585658387","error":""},"_links":{"self":[{"href":"https:\/\/www.europesays.com\/es\/wp-json\/wp\/v2\/posts\/384207","targetHints":{"allow":["GET"]}}],"collection":[{"href":"https:\/\/www.europesays.com\/es\/wp-json\/wp\/v2\/posts"}],"about":[{"href":"https:\/\/www.europesays.com\/es\/wp-json\/wp\/v2\/types\/post"}],"author":[{"embeddable":true,"href":"https:\/\/www.europesays.com\/es\/wp-json\/wp\/v2\/users\/2"}],"replies":[{"embeddable":true,"href":"https:\/\/www.europesays.com\/es\/wp-json\/wp\/v2\/comments?post=384207"}],"version-history":[{"count":0,"href":"https:\/\/www.europesays.com\/es\/wp-json\/wp\/v2\/posts\/384207\/revisions"}],"wp:featuredmedia":[{"embeddable":true,"href":"https:\/\/www.europesays.com\/es\/wp-json\/wp\/v2\/media\/384208"}],"wp:attachment":[{"href":"https:\/\/www.europesays.com\/es\/wp-json\/wp\/v2\/media?parent=384207"}],"wp:term":[{"taxonomy":"category","embeddable":true,"href":"https:\/\/www.europesays.com\/es\/wp-json\/wp\/v2\/categories?post=384207"},{"taxonomy":"post_tag","embeddable":true,"href":"https:\/\/www.europesays.com\/es\/wp-json\/wp\/v2\/tags?post=384207"}],"curies":[{"name":"wp","href":"https:\/\/api.w.org\/{rel}","templated":true}]}}