{"id":38450,"date":"2025-08-10T15:58:08","date_gmt":"2025-08-10T15:58:08","guid":{"rendered":"https:\/\/www.europesays.com\/es\/38450\/"},"modified":"2025-08-10T15:58:08","modified_gmt":"2025-08-10T15:58:08","slug":"dos-jovenes-de-22-anos-fallecidos-y-un-herido-al-chocar-dos-coches-en-alava","status":"publish","type":"post","link":"https:\/\/www.europesays.com\/es\/38450\/","title":{"rendered":"Dos j\u00f3venes de 22 a\u00f1os fallecidos y un herido al chocar dos coches en \u00c1lava"},"content":{"rendered":"<p>\n        <strong>Dos j\u00f3venes riojanos de 22 a\u00f1os han fallecido<\/strong> y otra persona ha resultado <strong>herida grave<\/strong> al colisionar dos veh\u00edculos este domingo en la carretera nacional 124 a la altura de Berantevilla (\u00c1lava). Los j\u00f3venes <strong>regresaban a Logro\u00f1o<\/strong> tras pasar el s\u00e1bado en las fiestas de La Blanca en Vitoria-Gasteiz.\n<\/p>\n<p class=\"article-body__text \">\n        El accidente se ha producido sobre las 7:20 horas de esta ma\u00f1ana en el punto kilom\u00e9trico 32,9, en sentido Logro\u00f1o, y la N-124 ha permanecido cortada en los dos sentidos hasta las 10:45 horas, por lo que el tr\u00e1fico ha sido desviado por v\u00edas secundarias, seg\u00fan ha informado la Ertzaintza.\n<\/p>\n<p class=\"article-body__text \">\n        Los dos fallecidos, ambos de 22 a\u00f1os, viajaban en uno de los veh\u00edculos, mientras que la persona que conduc\u00eda el otro coche implicado en la colisi\u00f3n ha resultado herida y ha sido trasladada en una ambulancia al <strong>Hospital de Txagorritxu<\/strong>, en Vitoria.\n<\/p>\n<p class=\"article-body__text \">\n        El equipo m\u00e9dico desplazado hasta el lugar del accidente ha certificado el fallecimiento de los dos j\u00f3venes, cuyos cuerpos han sido trasladados al Instituto Anat\u00f3mico Forense, en Vitoria, para la realizaci\u00f3n de las autopsias.\n<\/p>\n<p class=\"article-body__text \">\n        La <a href=\"https:\/\/www.noticiasdenavarra.com\/tags\/ertzaintza\/\" title=\"Ertzaintza\" class=\"link copy\" rel=\"nofollow noopener\" target=\"_blank\">Ertzaintza<\/a> ha puesto en marcha la correspondiente investigaci\u00f3n para esclarecer las circunstancias en que se ha producido este accidente.<\/p>\n","protected":false},"excerpt":{"rendered":"Dos j\u00f3venes riojanos de 22 a\u00f1os han fallecido y otra persona ha resultado herida grave al colisionar dos&hellip;\n","protected":false},"author":2,"featured_media":38451,"comment_status":"","ping_status":"","sticky":false,"template":"","format":"standard","meta":{"footnotes":""},"categories":[8],"tags":[18891,988,17,18,25,24,18892,13,14,11,53,433,19,20,9,10,15,16,23,12,21,22],"class_list":{"0":"post-38450","1":"post","2":"type-post","3":"status-publish","4":"format-standard","5":"has-post-thumbnail","7":"category-espana","8":"tag-18891","9":"tag-anos","10":"tag-breaking-news","11":"tag-breakingnews","12":"tag-es","13":"tag-espana","14":"tag-fallecidos","15":"tag-featured-news","16":"tag-featurednews","17":"tag-headlines","18":"tag-herido","19":"tag-jovenes","20":"tag-latest-news","21":"tag-latestnews","22":"tag-news","23":"tag-noticias","24":"tag-noticias-destacadas","25":"tag-noticiasdestacadas","26":"tag-spain","27":"tag-titulares","28":"tag-ultimas-noticias","29":"tag-ultimasnoticias"},"share_on_mastodon":{"url":"","error":""},"_links":{"self":[{"href":"https:\/\/www.europesays.com\/es\/wp-json\/wp\/v2\/posts\/38450","targetHints":{"allow":["GET"]}}],"collection":[{"href":"https:\/\/www.europesays.com\/es\/wp-json\/wp\/v2\/posts"}],"about":[{"href":"https:\/\/www.europesays.com\/es\/wp-json\/wp\/v2\/types\/post"}],"author":[{"embeddable":true,"href":"https:\/\/www.europesays.com\/es\/wp-json\/wp\/v2\/users\/2"}],"replies":[{"embeddable":true,"href":"https:\/\/www.europesays.com\/es\/wp-json\/wp\/v2\/comments?post=38450"}],"version-history":[{"count":0,"href":"https:\/\/www.europesays.com\/es\/wp-json\/wp\/v2\/posts\/38450\/revisions"}],"wp:featuredmedia":[{"embeddable":true,"href":"https:\/\/www.europesays.com\/es\/wp-json\/wp\/v2\/media\/38451"}],"wp:attachment":[{"href":"https:\/\/www.europesays.com\/es\/wp-json\/wp\/v2\/media?parent=38450"}],"wp:term":[{"taxonomy":"category","embeddable":true,"href":"https:\/\/www.europesays.com\/es\/wp-json\/wp\/v2\/categories?post=38450"},{"taxonomy":"post_tag","embeddable":true,"href":"https:\/\/www.europesays.com\/es\/wp-json\/wp\/v2\/tags?post=38450"}],"curies":[{"name":"wp","href":"https:\/\/api.w.org\/{rel}","templated":true}]}}