{"id":384673,"date":"2026-02-07T19:36:07","date_gmt":"2026-02-07T19:36:07","guid":{"rendered":"https:\/\/www.europesays.com\/es\/384673\/"},"modified":"2026-02-07T19:36:07","modified_gmt":"2026-02-07T19:36:07","slug":"vincent-donofrio-desvela-por-que-el-famoso-kingpin-todavia-no-ha-aparecido-en-ninguna-pelicula-de-spider-man","status":"publish","type":"post","link":"https:\/\/www.europesays.com\/es\/384673\/","title":{"rendered":"Vincent D\u2019Onofrio desvela por qu\u00e9 el famoso Kingpin todav\u00eda no ha aparecido en ninguna pel\u00edcula de Spider-Man"},"content":{"rendered":"<p class=\"c-paragraph\">F\u00edjate si hemos tenido pel\u00edculas de imagen real de <b><a href=\"https:\/\/www.hobbyconsolas.com\/hobbycine\/tom-holland-dedico-una-emotiva-carta-equipo-spider-man-brand-new-day-tras-terminar-rodaje_6927738_0.html\" title=\"Tom Holland dedic\u00f3 una emotiva carta al equipo de Spider-Man: Brand New Day tras terminar el rodaje\" rel=\"nofollow noopener\" target=\"_blank\">Spider-Man<\/a><\/b> a lo largo de estos a\u00f1os y todav\u00eda faltan villanos capitales por hacer acto de presencia. \u00bfSe te viene a la cabeza alguno de ellos?<\/p>\n<p class=\"c-paragraph\">Al ser una marca inmortal, no nos cabe duda de que terminar\u00e1n apareciendo tarde o temprano en alguna de las futuras producciones cinematogr\u00e1ficas, pero el tiempo corre y los fans se pueden empezar a impacientar. \u00bfRecuerdas qui\u00e9n fue el rey del crimen de Nueva York?<\/p>\n<p class=\"c-paragraph\">En efecto, hablamos del m\u00edtico <b>Kingpin<\/b>, uno de los villanos m\u00e1s m\u00edticos de <b><a href=\"https:\/\/www.hobbyconsolas.com\/hobbycine\/marvel-no-preve-cambios-liderazgo-como-los-disney-lucasfilm-kevin-feige-tiene-dos-hitos-importantes-por-llegar_6930213_0.html\" title=\"Marvel no prev\u00e9 cambios de liderazgo como los de Disney y Lucasfilm: Kevin Feige tiene dos hitos importantes por llegar\" rel=\"nofollow noopener\" target=\"_blank\">Marvel <\/a><\/b>que ha dado mucha guerra al trepamuros a lo largo de la historia. \u00a1De hecho, fue uno de los grandes protagonistas de la serie de animaci\u00f3n de los a\u00f1os 90!<\/p>\n<p class=\"c-paragraph\">En los \u00faltimos a\u00f1os, tambi\u00e9n ha debutado en el \u00e1mbito del live-action, aunque en otra serie de la<b> Casa de las Ideas <\/b>que convenci\u00f3 a gran parte del p\u00fablico: <b><a href=\"https:\/\/www.hobbyconsolas.com\/hobbycine\/daredevil-born-again-presenta-primer-adelanto-temporada-2-con-regreso-jessica-jones_6912971_0.html\" title=\"Daredevil: Born Again presenta el primer adelanto de la temporada 2, con el regreso de Jessica Jones\" rel=\"nofollow noopener\" target=\"_blank\">Daredevil<\/a><\/b>. \u00bfY qui\u00e9n le dio a luz en carne y hueso?<\/p>\n<p class=\"c-paragraph\">En efecto, el imponente\u00a0<b>Vincent D\u2019Onofrio<\/b>. Y claro, cuando al actor le han preguntado sobre su posible aparici\u00f3n en alguna cinta de Spider-Man, no ha podido evitar contestar. \u00bfPor qu\u00e9 todav\u00eda no ha aparecido en la gran pantalla?<\/p>\n<p class=\"c-paragraph\">Vincent ha confirmado que todav\u00eda hay que esperar, pues no han conseguido los derechos para utilizar su personaje e incluirlo en las pel\u00edculas. \u00bfC\u00f3mo te has quedado con su respuesta? \u00bfSab\u00edas que era todo por un tema de derechos?<\/p>\n<p class=\"c-paragraph\">Veremos si en el futuro se aclara este asunto y podemos ver al rey del crimen en la gran pantalla, librando una aut\u00e9ntica partida de ajedrez con nuestro amigo y vecino de toda la vida. \u00a1Seguro que ser\u00eda apasionante!<\/p>\n<p class=\"c-paragraph\">\u00bfTe gustar\u00eda que otros personajes de Marvel hicieran acto de presencia en futuras pel\u00edculas del Hombre Ara\u00f1a? Te recordamos que la pr\u00f3xima cinta, titulada\u00a0<b>Spider-Man: Brand New Day<\/b>, se estrenar\u00e1 el 31 de julio.<\/p>\n","protected":false},"excerpt":{"rendered":"F\u00edjate si hemos tenido pel\u00edculas de imagen real de Spider-Man a lo largo de estos a\u00f1os y todav\u00eda&hellip;\n","protected":false},"author":2,"featured_media":384674,"comment_status":"","ping_status":"","sticky":false,"template":"","format":"standard","meta":{"footnotes":""},"categories":[169],"tags":[177,2439,4083,146,147,25,24,176,175,84073,5043,23,26861],"class_list":["post-384673","post","type-post","status-publish","format-standard","has-post-thumbnail","category-cine","tag-cine","tag-d","tag-desvela","tag-entertainment","tag-entretenimiento","tag-es","tag-espana","tag-film","tag-movies","tag-onofrio","tag-por","tag-spain","tag-vincent"],"share_on_mastodon":{"url":"https:\/\/pubeurope.com\/@es\/116031034689965703","error":""},"_links":{"self":[{"href":"https:\/\/www.europesays.com\/es\/wp-json\/wp\/v2\/posts\/384673","targetHints":{"allow":["GET"]}}],"collection":[{"href":"https:\/\/www.europesays.com\/es\/wp-json\/wp\/v2\/posts"}],"about":[{"href":"https:\/\/www.europesays.com\/es\/wp-json\/wp\/v2\/types\/post"}],"author":[{"embeddable":true,"href":"https:\/\/www.europesays.com\/es\/wp-json\/wp\/v2\/users\/2"}],"replies":[{"embeddable":true,"href":"https:\/\/www.europesays.com\/es\/wp-json\/wp\/v2\/comments?post=384673"}],"version-history":[{"count":0,"href":"https:\/\/www.europesays.com\/es\/wp-json\/wp\/v2\/posts\/384673\/revisions"}],"wp:featuredmedia":[{"embeddable":true,"href":"https:\/\/www.europesays.com\/es\/wp-json\/wp\/v2\/media\/384674"}],"wp:attachment":[{"href":"https:\/\/www.europesays.com\/es\/wp-json\/wp\/v2\/media?parent=384673"}],"wp:term":[{"taxonomy":"category","embeddable":true,"href":"https:\/\/www.europesays.com\/es\/wp-json\/wp\/v2\/categories?post=384673"},{"taxonomy":"post_tag","embeddable":true,"href":"https:\/\/www.europesays.com\/es\/wp-json\/wp\/v2\/tags?post=384673"}],"curies":[{"name":"wp","href":"https:\/\/api.w.org\/{rel}","templated":true}]}}