{"id":384698,"date":"2026-02-07T19:55:08","date_gmt":"2026-02-07T19:55:08","guid":{"rendered":"https:\/\/www.europesays.com\/es\/384698\/"},"modified":"2026-02-07T19:55:08","modified_gmt":"2026-02-07T19:55:08","slug":"una-sociedad-desaparecida-y-una-exposicion-en-el-palacio-de-liria-la-curiosa-historia-del-retrato-de-la-chata-de-sorolla-que-llevaba-en-paradero-desconocido-desde-los-anos-70","status":"publish","type":"post","link":"https:\/\/www.europesays.com\/es\/384698\/","title":{"rendered":"Una sociedad desaparecida y una exposici\u00f3n en el Palacio de Liria: la curiosa historia del retrato de \u2018La Chata\u2019 de Sorolla que llevaba en paradero desconocido desde los a\u00f1os 70"},"content":{"rendered":"<p>La Polic\u00eda Nacional <a data-offer-url=\"https:\/\/www.interior.gob.es\/opencms\/es\/detalle\/articulo\/La-Policia-Nacional-recupera-el-cuadro-de-Sorolla-La-Chata-desaparecido-desde-los-anos-70\/\" class=\"external-link\" data-event-click=\"{&quot;element&quot;:&quot;ExternalLink&quot;,&quot;outgoingURL&quot;:&quot;https:\/\/www.interior.gob.es\/opencms\/es\/detalle\/articulo\/La-Policia-Nacional-recupera-el-cuadro-de-Sorolla-La-Chata-desaparecido-desde-los-anos-70\/&quot;}\" href=\"https:\/\/www.interior.gob.es\/opencms\/es\/detalle\/articulo\/La-Policia-Nacional-recupera-el-cuadro-de-Sorolla-La-Chata-desaparecido-desde-los-anos-70\/\" rel=\"nofollow noopener\" target=\"_blank\">ha recuperado<\/a> en tres cuadros en paradero desconocido desde los a\u00f1os 70 que estaban en dep\u00f3sito en el <a href=\"https:\/\/www.revistavanityfair.es\/sociedad\/galerias\/palacio-de-liria-por-dentro-habitaciones-jardines\/13190\" rel=\"nofollow noopener\" target=\"_blank\">Palacio de Liria<\/a>: un retrato de <a href=\"https:\/\/www.revistavanityfair.es\/realeza\/articulos\/isabel-la-chata-vida-tiara-mellerio-las-conchas\/48113\" rel=\"nofollow noopener\" target=\"_blank\">Isabel de Borb\u00f3n y Borb\u00f3n, \u2018La Chata\u2019<\/a> (1908) y otros dos \u00f3leos de Jos\u00e9 Moreno Carbonero, un retrato de <strong>Alfonso XIII<\/strong> y otro de <strong>Eduardo Dato<\/strong>. Los tres pertenec\u00edan a la <strong>Sociedad Espa\u00f1ola de Amigos del Arte<\/strong>, entidad sin \u00e1nimo de lucro disuelta en los a\u00f1os 80 y que desde su creaci\u00f3n a principios del siglo pasado tuvo como objetivo la promoci\u00f3n de la cultura y las artes en nuestro pa\u00eds. La entidad cont\u00f3 con destacados miembros de la sociedad y espa\u00f1ola y a lo largo de los a\u00f1os fue nutriendo su patrimonio con bienes que hab\u00edan sido donados y que, seg\u00fan contaba en sus estatutos, en caso de desaparecer deber\u00edan incorporarse al Patrimonio del Estado espa\u00f1ol. De esta sociedad form\u00f3 parte el padre del actual duque de Alba, <a href=\"https:\/\/www.revistavanityfair.es\/tags\/duque-de-alba-carlos-fitz-james-stuart\" rel=\"nofollow noopener\" target=\"_blank\">Carlos Fitz-James Stuart Mart\u00ednez de Irujo<\/a>, y se cree que habr\u00eda sido a trav\u00e9s de \u00e9l c\u00f3mo el cuadro lleg\u00f3 al Palacio de Liria. La obra de arte que muestra a hija de la <a href=\"https:\/\/www.revistavanityfair.es\/realeza\/articulos\/reina-isabel-ii-espana-francisco-asis-borbon\/47105\" rel=\"nofollow noopener\" target=\"_blank\"><strong>reina Isabel II<\/strong><\/a> con 57 a\u00f1os adornada con un aigrette de diamantes en su pelo, pendientes y collar de perlas. Llaman la atenci\u00f3n otras joyas como sus pulseras y el gran broche prendido en centro del escote de su vestido. Un cuadro que form\u00f3 parte de la exposici\u00f3n <a href=\"https:\/\/www.revistavanityfair.es\/articulos\/hablamos-con-lorenzo-caprile-de-la-moda-en-la-casa-de-alba-la-exposicion-que-ha-comisariado-en-liria\" rel=\"nofollow noopener\" target=\"_blank\">La moda en la Casa de Alba<\/a> que pudo verse en el Palacio de Liria entre octubre de 2023 y marzo de 2024.<\/p>\n<p>Fue precisamente a partir de esta muestra cuando comenz\u00f3 la investigaci\u00f3n de la Polic\u00eda Nacional que ha acabado comprobando a trav\u00e9s de los documentos de la Casa de Alba que el retrato de La Chata de Sorolla \u2014y las otras dos obras\u2014 depositado en el Palacio de Liria desde septiembre de 1973 pertenec\u00eda a la sociedad y que, por tanto, tras su desaparici\u00f3n deb\u00eda incorporarse al Patrimonio Nacional de Estado.<\/p>\n<p>Por el momento se desconoce cu\u00e1ndo y d\u00f3nde podremos volver a ver a La Chata, sobrenombre que recibi\u00f3 por la forma de su nariz, retratada por Sorolla. La primog\u00e9nita de la reina Isabel II y <strong>Francisco de As\u00eds<\/strong> lleg\u00f3 al mundo un g\u00e9lido 20 de diciembre de 1851 y nada m\u00e1s nacer recibi\u00f3 el t\u00edtulo de princesa de Asturias. Lo llevar\u00eda hasta el nacimiento de su hermano, el futuro rey <strong>Alfonso XII<\/strong>, d\u00eda en el que fue degradada de princesa a infanta y as\u00ed se mantuvo hasta que su hermano ascendi\u00f3 al trono y ella recuper\u00f3 el principado que volver\u00eda a perder con la llegada de su sobrina <strong>Mar\u00eda de las Mercedes<\/strong> en 1880. Un t\u00edtulo de ida y vuelta que no impedir\u00eda que fuera muy querida y popular en su \u00e9poca, algo que habr\u00eda comenzado durante el viaje que realiz\u00f3 por todo el pa\u00eds con su madre con la idea de mejorar la imagen de la monarqu\u00eda y ligarla al desarrollo industrial. Su boda con el\u00a0<strong>pr\u00edncipe Cayetano de Borb\u00f3n Dos Sicilias y Habsburgo<\/strong>, conde de Girenti, fue el \u00faltimo gran acontecimiento celebrado durante el reinado de Isabel II. Durante su luna de miel estall\u00f3 la Revoluci\u00f3n de la Gloriosa que llevar\u00eda a la familia real al exilio. 1871 ser\u00eda uno de los peores a\u00f1os de su vida: sufri\u00f3 un aborto y el suicidio de su marido. No volver\u00eda a casarse, pero s\u00ed a Madrid como primera dama de la mano de su hermano. Con la II Rep\u00fablica \u2014invitada a quedarse en la capital del reino\u2014 decidi\u00f3 seguir a su sobrino <strong>Alfonso XIII<\/strong> al exilio. Morir\u00eda nueve d\u00edas despu\u00e9s, el 23 de abril de 1931, en Par\u00eds en la residencia para se\u00f1oras Saint Michel donde tambi\u00e9n viv\u00eda su hermana <a href=\"https:\/\/www.revistavanityfair.es\/realeza\/articulos\/infanta-eulalia-de-borbon-historia-marido-divorcio-hijos-republicana-feminista\/47894\" rel=\"nofollow noopener\" target=\"_blank\">Eulalia<\/a>. Su cuerpo volver\u00eda a Espa\u00f1a en 1991 para descansar, por orden del rey Juan Carlos I, en la colegiata de la Sant\u00edsima Trinidad del Palacio Real de La Granja, su palacio favorito.<\/p>\n","protected":false},"excerpt":{"rendered":"La Polic\u00eda Nacional ha recuperado en tres cuadros en paradero desconocido desde los a\u00f1os 70 que estaban en&hellip;\n","protected":false},"author":2,"featured_media":384699,"comment_status":"","ping_status":"","sticky":false,"template":"","format":"standard","meta":{"footnotes":""},"categories":[173],"tags":[229,233,231,230,232,234,146,147,25,24,1027,23,8373,8374],"class_list":["post-384698","post","type-post","status-publish","format-standard","has-post-thumbnail","category-arte-y-diseno","tag-arte","tag-arte-y-diseno","tag-arts","tag-arts-and-design","tag-design","tag-diseno","tag-entertainment","tag-entretenimiento","tag-es","tag-espana","tag-realeza","tag-spain","tag-textaboveleftsmall","tag-web"],"share_on_mastodon":{"url":"https:\/\/pubeurope.com\/@es\/116031109365727225","error":""},"_links":{"self":[{"href":"https:\/\/www.europesays.com\/es\/wp-json\/wp\/v2\/posts\/384698","targetHints":{"allow":["GET"]}}],"collection":[{"href":"https:\/\/www.europesays.com\/es\/wp-json\/wp\/v2\/posts"}],"about":[{"href":"https:\/\/www.europesays.com\/es\/wp-json\/wp\/v2\/types\/post"}],"author":[{"embeddable":true,"href":"https:\/\/www.europesays.com\/es\/wp-json\/wp\/v2\/users\/2"}],"replies":[{"embeddable":true,"href":"https:\/\/www.europesays.com\/es\/wp-json\/wp\/v2\/comments?post=384698"}],"version-history":[{"count":0,"href":"https:\/\/www.europesays.com\/es\/wp-json\/wp\/v2\/posts\/384698\/revisions"}],"wp:featuredmedia":[{"embeddable":true,"href":"https:\/\/www.europesays.com\/es\/wp-json\/wp\/v2\/media\/384699"}],"wp:attachment":[{"href":"https:\/\/www.europesays.com\/es\/wp-json\/wp\/v2\/media?parent=384698"}],"wp:term":[{"taxonomy":"category","embeddable":true,"href":"https:\/\/www.europesays.com\/es\/wp-json\/wp\/v2\/categories?post=384698"},{"taxonomy":"post_tag","embeddable":true,"href":"https:\/\/www.europesays.com\/es\/wp-json\/wp\/v2\/tags?post=384698"}],"curies":[{"name":"wp","href":"https:\/\/api.w.org\/{rel}","templated":true}]}}