{"id":384784,"date":"2026-02-07T21:01:10","date_gmt":"2026-02-07T21:01:10","guid":{"rendered":"https:\/\/www.europesays.com\/es\/384784\/"},"modified":"2026-02-07T21:01:10","modified_gmt":"2026-02-07T21:01:10","slug":"la-lesion-de-punter-no-es-tan-grave-y-podria-llegar-a-la-copa","status":"publish","type":"post","link":"https:\/\/www.europesays.com\/es\/384784\/","title":{"rendered":"la lesi\u00f3n de Punter no es tan grave y podr\u00eda llegar a la Copa"},"content":{"rendered":"<p class=\"ft-text ft-helper-align-justify\"><strong>La lesi\u00f3n que sufri\u00f3 Kevin Punter en el duelo ante el Kosner Baskoni<\/strong>a y que le oblig\u00f3 a dejar el encuentro tres minutos antes de finalizar con la victoria blaugrana, no parece ser de gravedad, por lo que incluso no se descarta que pueda estar disponible para la Copa del Rey, seg\u00fan apuntaba Eurohoops este mismo s\u00e1bado y a falta de confirmaci\u00f3n por el club blaugrana.<\/p>\n<p class=\"ft-text ft-helper-align-justify\"><strong>El jugador dej\u00f3 la pista por su propio pie en los minutos \u2018calientes\u2019 del encuentro en Vitoria<\/strong> y <a class=\"ft-link ft-link--decoration\" href=\"https:\/\/www.sport.es\/es\/videos\/barca\/baloncesto\/20260206\/barca-revive-vitoria-gracias-triple\/126544013.shtml\" rel=\"nofollow noopener\" target=\"_blank\">el t\u00e9cnico azulgrana, contento por la victori<\/a>a, viv\u00eda la decepci\u00f3n de una posible lesi\u00f3n importante del escolta del Bar\u00e7a.<\/p>\n<p class=\"ft-text ft-helper-align-justify\">Aunque una vez en Barcelona, <strong>y tras pasar una primera revisi\u00f3n m\u00e9dica, todo indica de que su problema de abbductores podr\u00eda ser menos importante de lo pensado en un primer momento<\/strong> y despu\u00e9s de un descanso en los pr\u00f3ximos d\u00edas, <strong>podr\u00eda incluso estar disponible para afrontar la primera gran competici\u00f3n de la temporada,<\/strong> la Copa del Rey en Valencia.<\/p>\n<p><img decoding=\"async\" src=\"https:\/\/www.europesays.com\/es\/wp-content\/uploads\/2026\/02\/f8d0dfa9-33d3-49dc-bdd3-95515ad8a4a1_alta-libre-aspect-ratio_default_0_x1000y444.jpg\" width=\"1200\" height=\"800\" alt=\"Punter jug\u00f3 un gran partido en Vitoria hasta que tuvo que retirarse por sus problemas f\u00edsicos\" class=\"ft-helper-img-rd\" loading=\"lazy\"\/><\/p>\n<p class=\"ft-helper-fontColor-quaternary ft-helper-fontSize-body-S ft-helper-spacer-t-xxs\">Punter jug\u00f3 un gran partido en Vitoria hasta que tuvo que retirarse por sus problemas f\u00edsicos  \/ FCB<\/p>\n<p>Recuperaci\u00f3n express<\/p>\n<p class=\"ft-text ft-helper-align-justify\"><strong>El Bar\u00e7a va a iniciar de inmediato el tratamiento que le llevar\u00e1 a perderse los pr\u00f3ximos tres encuentros<\/strong>, comenzando por el Bar\u00e7a-B\u00e0squet Girona de este domingo, aunque todo apunta a que podr\u00eda llegar a la Copa, o al menos alcanzar las rondas finales.<\/p>\n<p class=\"ft-text ft-helper-align-justify\"><strong>Los azulgrana debutar\u00e1n en la Copa el viernes, 20 con el rival todav\u00eda a determinar que podr\u00eda ser el UCAM Murcia o el Kosner Baskonia<\/strong>, y el fin de semana, en caso de pasar la primera ronda, es donde el estadounidense podr\u00eda tener sus opciones de participar con el equipo en el torneo copero.<\/p>\n","protected":false},"excerpt":{"rendered":"La lesi\u00f3n que sufri\u00f3 Kevin Punter en el duelo ante el Kosner Baskonia y que le oblig\u00f3 a&hellip;\n","protected":false},"author":2,"featured_media":384785,"comment_status":"","ping_status":"","sticky":false,"template":"","format":"standard","meta":{"footnotes":""},"categories":[269],"tags":[84098,299,298,84095,168,11276,25,24,84094,84096,38847,23,167,84097],"class_list":["post-384784","post","type-post","status-publish","format-standard","has-post-thumbnail","category-baloncesto","tag-a-la-copa","tag-baloncesto","tag-basketball","tag-de-punter","tag-deportes","tag-el-barca","tag-es","tag-espana","tag-la-lesion","tag-no-es-tan-grave","tag-respira","tag-spain","tag-sports","tag-y-podria-llegar"],"share_on_mastodon":{"url":"https:\/\/pubeurope.com\/@es\/116031368983029393","error":""},"_links":{"self":[{"href":"https:\/\/www.europesays.com\/es\/wp-json\/wp\/v2\/posts\/384784","targetHints":{"allow":["GET"]}}],"collection":[{"href":"https:\/\/www.europesays.com\/es\/wp-json\/wp\/v2\/posts"}],"about":[{"href":"https:\/\/www.europesays.com\/es\/wp-json\/wp\/v2\/types\/post"}],"author":[{"embeddable":true,"href":"https:\/\/www.europesays.com\/es\/wp-json\/wp\/v2\/users\/2"}],"replies":[{"embeddable":true,"href":"https:\/\/www.europesays.com\/es\/wp-json\/wp\/v2\/comments?post=384784"}],"version-history":[{"count":0,"href":"https:\/\/www.europesays.com\/es\/wp-json\/wp\/v2\/posts\/384784\/revisions"}],"wp:featuredmedia":[{"embeddable":true,"href":"https:\/\/www.europesays.com\/es\/wp-json\/wp\/v2\/media\/384785"}],"wp:attachment":[{"href":"https:\/\/www.europesays.com\/es\/wp-json\/wp\/v2\/media?parent=384784"}],"wp:term":[{"taxonomy":"category","embeddable":true,"href":"https:\/\/www.europesays.com\/es\/wp-json\/wp\/v2\/categories?post=384784"},{"taxonomy":"post_tag","embeddable":true,"href":"https:\/\/www.europesays.com\/es\/wp-json\/wp\/v2\/tags?post=384784"}],"curies":[{"name":"wp","href":"https:\/\/api.w.org\/{rel}","templated":true}]}}